{"id":283648,"date":"2025-07-30T06:20:11","date_gmt":"2025-07-30T06:20:11","guid":{"rendered":"https:\/\/www.europesays.com\/fr\/283648\/"},"modified":"2025-07-30T06:20:11","modified_gmt":"2025-07-30T06:20:11","slug":"ces-rennais-ont-marque-lhistoire-mais-tout-le-monde-les-a-oublies","status":"publish","type":"post","link":"https:\/\/www.europesays.com\/fr\/283648\/","title":{"rendered":"Ces Rennais ont marqu\u00e9 l\u2019histoire\u2026 mais tout le monde les a oubli\u00e9s"},"content":{"rendered":"<p>D\u00e9code la Bretagne<\/p>\n<p>Le 30 juillet 2025 \u00e0 08h02<\/p>\n<p class=\"tlg-h5\">Ils ont marqu\u00e9 leur \u00e9poque, parfois m\u00eame, bien au-del\u00e0 des fronti\u00e8res bretonnes. Pourtant, qui se souvient encore d\u2019eux ? Derri\u00e8re les figures bien connues d\u2019\u00c9tienne Daho, D\u00e9sir\u00e9 Dou\u00e9 ou encore Isidore Odorico, Rennes cache d\u2019autres personnalit\u00e9s, plus discr\u00e8tes, mais tout aussi fascinantes. Aventuri\u00e8re oubli\u00e9e, h\u00e9ros de guerre m\u00e9connu, aviatrice tomb\u00e9e dans l\u2019oubli\u2026 Chaque semaine, cet \u00e9t\u00e9, on vous fait d\u00e9couvrir sur notre site leurs incroyables histoires &#8211; \u00e0 retrouver \u00e9galement dans le dernier num\u00e9ro du Mensuel de Rennes.<\/p>\n","protected":false},"excerpt":{"rendered":"D\u00e9code la Bretagne Le 30 juillet 2025 \u00e0 08h02 Ils ont marqu\u00e9 leur \u00e9poque, parfois m\u00eame, bien au-del\u00e0&hellip;\n","protected":false},"author":2,"featured_media":283649,"comment_status":"","ping_status":"","sticky":false,"template":"","format":"standard","meta":{"footnotes":""},"categories":[2821],"tags":[1111,11,34929,829,41440,1777,674,1011,27,12,1935,584,25,37345],"class_list":{"0":"post-283648","1":"post","2":"type-post","3":"status-publish","4":"format-standard","5":"has-post-thumbnail","7":"category-rennes","8":"tag-actu","9":"tag-actualites","10":"tag-bloc-dossier-rennes","11":"tag-bretagne","12":"tag-decode-la-bretagne","13":"tag-eu","14":"tag-europe","15":"tag-fr","16":"tag-france","17":"tag-news","18":"tag-pres-de-chez-vous","19":"tag-rennes","20":"tag-republique-francaise","21":"tag-series-dete"},"share_on_mastodon":{"url":"https:\/\/pubeurope.com\/@fr\/114940741182028605","error":""},"_links":{"self":[{"href":"https:\/\/www.europesays.com\/fr\/wp-json\/wp\/v2\/posts\/283648","targetHints":{"allow":["GET"]}}],"collection":[{"href":"https:\/\/www.europesays.com\/fr\/wp-json\/wp\/v2\/posts"}],"about":[{"href":"https:\/\/www.europesays.com\/fr\/wp-json\/wp\/v2\/types\/post"}],"author":[{"embeddable":true,"href":"https:\/\/www.europesays.com\/fr\/wp-json\/wp\/v2\/users\/2"}],"replies":[{"embeddable":true,"href":"https:\/\/www.europesays.com\/fr\/wp-json\/wp\/v2\/comments?post=283648"}],"version-history":[{"count":0,"href":"https:\/\/www.europesays.com\/fr\/wp-json\/wp\/v2\/posts\/283648\/revisions"}],"wp:featuredmedia":[{"embeddable":true,"href":"https:\/\/www.europesays.com\/fr\/wp-json\/wp\/v2\/media\/283649"}],"wp:attachment":[{"href":"https:\/\/www.europesays.com\/fr\/wp-json\/wp\/v2\/media?parent=283648"}],"wp:term":[{"taxonomy":"category","embeddable":true,"href":"https:\/\/www.europesays.com\/fr\/wp-json\/wp\/v2\/categories?post=283648"},{"taxonomy":"post_tag","embeddable":true,"href":"https:\/\/www.europesays.com\/fr\/wp-json\/wp\/v2\/tags?post=283648"}],"curies":[{"name":"wp","href":"https:\/\/api.w.org\/{rel}","templated":true}]}}