{"id":283652,"date":"2025-07-30T06:22:12","date_gmt":"2025-07-30T06:22:12","guid":{"rendered":"https:\/\/www.europesays.com\/fr\/283652\/"},"modified":"2025-07-30T06:22:12","modified_gmt":"2025-07-30T06:22:12","slug":"strasbourg-entzheim-pres-de-laeroport-letat-cree-un-local-pour-retenir-des-etrangers-en-situation-irreguliere","status":"publish","type":"post","link":"https:\/\/www.europesays.com\/fr\/283652\/","title":{"rendered":"Strasbourg Entzheim. Pr\u00e8s de l\u2019a\u00e9roport, l\u2019\u00c9tat cr\u00e9e un local pour retenir des \u00e9trangers en situation irr\u00e9guli\u00e8re"},"content":{"rendered":"<p>Les travaux sont bien avanc\u00e9s. Au sous-sol de la direction interd\u00e9partementale de la police aux fronti\u00e8res, \u00e0 c\u00f4t\u00e9 de l\u2019a\u00e9roport de Strasbourg-Entzheim, le local de r\u00e9tention administrative (LRA) prend forme. De l\u2019ext\u00e9rieur, on devine les rampes d\u2019acc\u00e8s qui m\u00e8neront \u00e0 ce lieu o\u00f9 seront retenus des \u00e9trangers dans l\u2019attente de leur renvoi forc\u00e9.<\/p>\n<p>Pour une dur\u00e9e de \u00ab\u00a048 heures\u00a0\u00bb<\/p>\n<p>\u00ab\u00a0Les LRA permettent le placement en r\u00e9tention pour une courte dur\u00e9e (48 heures) d\u2019\u00e9trangers qui ne peuvent \u00eatre plac\u00e9s en centre de r\u00e9tention en raison de circonstances particuli\u00e8res\u00a0\u00bb, explique le minist\u00e8re de l\u2019Int\u00e9rieur. Celui d\u2019Entzheim pourrait accueillir huit personnes, soit deux familles.<\/p>\n<p>Seuls des hommes peuvent \u00eatre enferm\u00e9s au <a href=\"https:\/\/www.dna.fr\/actualite\/2024\/01\/11\/le-centre-de-retention-administrative-de-geispolsheim-entre-dialogue-et-fermete\" target=\"_blank\" rel=\"nofollow noopener\">centre de r\u00e9tention administrative (CRA) de Geispolsheim, au sud de Strasbourg, qui compte 34 places<\/a>. Les femmes et les enfants sont le plus souvent envoy\u00e9s au centre le plus proche, \u00e0 Metz-Queuleu.<\/p>\n<p>\u00c0 Entzheim, \u00e0 l\u2019avant de la parcelle grillag\u00e9e, le permis de construire mentionne&#8230;<\/p>\n","protected":false},"excerpt":{"rendered":"Les travaux sont bien avanc\u00e9s. Au sous-sol de la direction interd\u00e9partementale de la police aux fronti\u00e8res, \u00e0 c\u00f4t\u00e9&hellip;\n","protected":false},"author":2,"featured_media":283653,"comment_status":"","ping_status":"","sticky":false,"template":"","format":"standard","meta":{"footnotes":""},"categories":[2820],"tags":[1111,11,2649,2880,24064,1777,674,274,107,1011,27,775,12,25,640,3089,2803],"class_list":{"0":"post-283652","1":"post","2":"type-post","3":"status-publish","4":"format-standard","5":"has-post-thumbnail","7":"category-strasbourg","8":"tag-actu","9":"tag-actualites","10":"tag-bas-rhin","11":"tag-edition-strasbourg","12":"tag-entzheim","13":"tag-eu","14":"tag-europe","15":"tag-faits-divers-justice","16":"tag-fil-info","17":"tag-fr","18":"tag-france","19":"tag-grand-est","20":"tag-news","21":"tag-republique-francaise","22":"tag-strasbourg","23":"tag-strasbourg-sud","24":"tag-transport"},"share_on_mastodon":{"url":"https:\/\/pubeurope.com\/@fr\/114940749122431548","error":""},"_links":{"self":[{"href":"https:\/\/www.europesays.com\/fr\/wp-json\/wp\/v2\/posts\/283652","targetHints":{"allow":["GET"]}}],"collection":[{"href":"https:\/\/www.europesays.com\/fr\/wp-json\/wp\/v2\/posts"}],"about":[{"href":"https:\/\/www.europesays.com\/fr\/wp-json\/wp\/v2\/types\/post"}],"author":[{"embeddable":true,"href":"https:\/\/www.europesays.com\/fr\/wp-json\/wp\/v2\/users\/2"}],"replies":[{"embeddable":true,"href":"https:\/\/www.europesays.com\/fr\/wp-json\/wp\/v2\/comments?post=283652"}],"version-history":[{"count":0,"href":"https:\/\/www.europesays.com\/fr\/wp-json\/wp\/v2\/posts\/283652\/revisions"}],"wp:featuredmedia":[{"embeddable":true,"href":"https:\/\/www.europesays.com\/fr\/wp-json\/wp\/v2\/media\/283653"}],"wp:attachment":[{"href":"https:\/\/www.europesays.com\/fr\/wp-json\/wp\/v2\/media?parent=283652"}],"wp:term":[{"taxonomy":"category","embeddable":true,"href":"https:\/\/www.europesays.com\/fr\/wp-json\/wp\/v2\/categories?post=283652"},{"taxonomy":"post_tag","embeddable":true,"href":"https:\/\/www.europesays.com\/fr\/wp-json\/wp\/v2\/tags?post=283652"}],"curies":[{"name":"wp","href":"https:\/\/api.w.org\/{rel}","templated":true}]}}