{"id":283654,"date":"2025-07-30T06:23:40","date_gmt":"2025-07-30T06:23:40","guid":{"rendered":"https:\/\/www.europesays.com\/fr\/283654\/"},"modified":"2025-07-30T06:23:40","modified_gmt":"2025-07-30T06:23:40","slug":"alsace-malgre-les-reculs-les-ecolos-preparent-la-riposte","status":"publish","type":"post","link":"https:\/\/www.europesays.com\/fr\/283654\/","title":{"rendered":"Alsace. Malgr\u00e9 les reculs, les \u00e9colos pr\u00e9parent la riposte"},"content":{"rendered":"<p class=\"wp-block-post-excerpt__excerpt\">De la maire de Strasbourg aux activistes du Chaudron des alternatives, en passant par Alsace Nature, la galaxie \u00e9cologiste pense de nouvelles strat\u00e9gies. Face aux d\u00e9faites environnementales, elle veut rendre ses combats plus concrets et montrer qu\u2019ils sont aussi des urgences sociales. <\/p>\n<p>Thibault Vetter<\/p>\n<p>Publi\u00e9 le 30 juillet 2025\u00a0\u00a0\u00b7\u00a0\u00a0<\/p>\n<p>Imprim\u00e9 le 30 juillet 2025 \u00e0 08h23\u00a0\u00a0\u00b7\u00a0\u00a0<\/p>\n<p>\t\t\t\t\t8\u00a0minutes\n<\/p>\n<p class=\"has-drop-cap\">\u00ab\u00a0Combien de fois on nous aura dit qu\u2019on pense trop aux papillons et pas assez aux gens\u00a0?\u00a0\u00bb St\u00e9phane Giraud dirige Alsace Nature depuis 2008. Il est habitu\u00e9 aux discours pr\u00e9textant \u00ab\u00a0l\u2019\u00e9cologie punitive\u00a0\u00bb pour ne rien changer mais en 2025, les attaques contre les mesures \u00e9cologistes sont particuli\u00e8rement virulentes avec <a href=\"https:\/\/www.rue89strasbourg.com\/votes-deputes-alsaciens-loi-duplomb-350257\" target=\"_blank\" rel=\"noreferrer noopener\">l\u2019adoption de la loi Duplomb<\/a> favorisant l\u2019agriculture industrielle, <a href=\"https:\/\/www.lemonde.fr\/planete\/article\/2024\/11\/09\/une-commune-face-aux-coupes-budgetaires-du-fonds-vert-l-urgence-ne-peut-pas-attendre-trois-generations_6384532_3244.html\" target=\"_blank\" rel=\"noreferrer noopener\">les coupes dans le fonds vert<\/a>, des discours criminalisant les militants \u00e9cologistes relay\u00e9s dans certains m\u00e9dias\u2026 \u00ab\u00a0Est-ce qu\u2019on r\u00e9gresse culturellement ou est-ce que c\u2019est le vieux monde qui se sent menac\u00e9 et devient plus violent\u00a0?\u00a0\u00bb, s\u2019interroge St\u00e9phane Giraud.<\/p>\n<p>Apr\u00e8s le mouvement international pour le climat en 2018, la droite et l\u2019extr\u00eame-droite ont r\u00e9ussi \u00e0 supprimer avec obstination des mesures environnementales qu\u2019elles voient comme des contraintes \u00e9conomiques. \u00ab\u00a0L\u2019\u00e9cologie n\u2019est pas un positionnement pour emb\u00eater le monde, c\u2019est une science, ce sont des milliers de chercheurs qui nous alertent depuis des d\u00e9cennies\u00a0\u00bb, rappelle le directeur d\u2019Alsace Nature. \u00ab\u00a0Ce n\u2019est pas un backlash \u00e9colo, c\u2019est un backlash pour l\u2019Humanit\u00e9\u00a0\u00bb, pose Jeanne Barseghian, maire (Les \u00c9cologistes) de Strasbourg. Rue89 Strasbourg s\u2019est entretenu avec des militants et militantes au sujet de la contre-attaque qu\u2019ils et elles imaginent pour d\u00e9passer cette s\u00e9quence.<\/p>\n<p><a href=\"https:\/\/www.rue89strasbourg.com\/abonnement\/paiement?sub=3&amp;discount=ete2025\" target=\"_blank\" rel=\"noopener\"><img loading=\"lazy\" decoding=\"async\" width=\"970\" height=\"250\" src=\"https:\/\/www.europesays.com\/fr\/wp-content\/uploads\/2025\/07\/bannie\u0300re-site-desktop-anime\u0301e.gif\" alt=\"\" class=\"wp-image-350811\" style=\"width:792px;height:auto\"\/><\/a><\/p>\n<p><a href=\"https:\/\/www.rue89strasbourg.com\/abonnement\/paiement?sub=3&amp;discount=ete2025\" target=\"_blank\" rel=\"noopener\"><img loading=\"lazy\" decoding=\"async\" width=\"300\" height=\"300\" src=\"https:\/\/www.europesays.com\/fr\/wp-content\/uploads\/2025\/07\/bannie\u0300re-pub-mobile-anime\u0301e.gif\" alt=\"\" class=\"wp-image-350815\"\/><\/a><\/p>\n<p>Lier les urgences sociale et \u00e9cologiste<\/p>\n<p>Soutenez un m\u00e9dia qui enqu\u00eate sur les atteintes \u00e0 l\u2019environnement<\/p>\n<p><strong>Pour acc\u00e9der \u00e0 la suite de cet article, il faut \u00eatre abonn\u00e9. Pourquoi\u00a0?<\/strong><\/p>\n<p>Engag\u00e9e contre les atteintes \u00e0 l\u2019environnement, la r\u00e9daction suit de pr\u00e8s les enjeux \u00e9cologiques et enqu\u00eate sur les alertes qui lui sont transmises. Sans Rue89 Strasbourg, des projets comme un stade de biathlon dans les Vosges, ou une route sur la colline de Lorentzen seraient bien moins connus des Alsaciens.<\/p>\n<p><img loading=\"lazy\" decoding=\"async\" width=\"2560\" height=\"2560\" src=\"https:\/\/www.europesays.com\/fr\/wp-content\/uploads\/2025\/07\/thibault-scaled.jpg\" alt=\"\" class=\"wp-image-343597\" style=\"aspect-ratio:1;object-fit:cover;width:124px;height:auto\"  \/><\/p>\n<p>Thibault Vetter suit les collectifs militants et les associations qui se mobilisent partout dans la r\u00e9gion face aux projets \u00e9cocides, comme de nouvelles zones d\u2019activit\u00e9s sur des terres cultivables. Un travail de l\u2019ombre, qui n\u00e9cessite beaucoup de contacts et le d\u00e9corticage de nombreuses alertes.<\/p>\n<p>Pour poursuivre ce travail, unique en Alsace, nous avons besoin d\u2019une petite contribution de votre part. <strong>Chaque abonnement compte<\/strong>. Toutes les recettes servent directement \u00e0 financer un journalisme engag\u00e9 et document\u00e9 sur l\u2019environnement \u00e0 Strasbourg et en Alsace.<\/p>\n<p>\t\t\t<a href=\"https:\/\/www.rue89strasbourg.com\/\" class=\"custom-logo-link\" rel=\"home noopener\" target=\"_blank\"><img loading=\"lazy\" decoding=\"async\" width=\"290\" height=\"62\" src=\"https:\/\/www.europesays.com\/fr\/wp-content\/uploads\/2025\/04\/1743975279_388_logo.png\" class=\"custom-logo\" alt=\"Rue89 Strasbourg Enqu\u00eates et informations locales\"  \/><\/a><\/p>\n<p>\n\t\t\t\tAbonnez-vous maintenant pour suivre l\u2019actualit\u00e9 locale.\t\t\t<\/p>\n<p class=\"font-bold font-serif-heading mb-2 text-4xl\">\n\t\t\t\t\t\tL\u2019investigation locale \u00e0 port\u00e9e de main.\n\t\t\t\t\t<\/p>\n<p>\n\t\t\t\t\t\tAbonnez-vous et profitez d\u2019un acc\u00e8s illimit\u00e9 \u00e0 Rue89 Strasbourg. Annulez quand vous voulez.\n\t\t\t\t\t<\/p>\n<p class=\"xl:text-sm\">\n\t\t\t\t\tD\u00e9j\u00e0 abonn\u00e9\u00a0?<br \/>\n\t\t\t\t\t<a class=\"border border-transparent text-center transition-colors duration-instant focus:border-info focus:rounded focus:shadow-focus cursor-pointer text-black hover:text-gray-700 active:bg-black-700 font-semibold inline-block\" href=\"https:\/\/www.rue89strasbourg.com\/user\/connexion?redirect=\/reculs-environnementaux-ecolos-alsaciens-riposte-352057\" target=\"_blank\" rel=\"noopener\">Connectez-vous<\/a>\t\t\t\t<\/p>\n<p>\n\t\t\t\tChoisissez votre formule\u00a0:\n\t\t\t<\/p>\n<p>\t\t\t\tFermer<\/p>\n","protected":false},"excerpt":{"rendered":"De la maire de Strasbourg aux activistes du Chaudron des alternatives, en passant par Alsace Nature, la galaxie&hellip;\n","protected":false},"author":2,"featured_media":283655,"comment_status":"","ping_status":"","sticky":false,"template":"","format":"standard","meta":{"footnotes":""},"categories":[2820],"tags":[1111,11,51,2339,436,1777,674,1011,27,775,7998,12,316,25,640],"class_list":{"0":"post-283654","1":"post","2":"type-post","3":"status-publish","4":"format-standard","5":"has-post-thumbnail","7":"category-strasbourg","8":"tag-actu","9":"tag-actualites","10":"tag-ecologie","11":"tag-ecologistes","12":"tag-environnement","13":"tag-eu","14":"tag-europe","15":"tag-fr","16":"tag-france","17":"tag-grand-est","18":"tag-lutte","19":"tag-news","20":"tag-politique","21":"tag-republique-francaise","22":"tag-strasbourg"},"share_on_mastodon":{"url":"https:\/\/pubeurope.com\/@fr\/114940753009864545","error":""},"_links":{"self":[{"href":"https:\/\/www.europesays.com\/fr\/wp-json\/wp\/v2\/posts\/283654","targetHints":{"allow":["GET"]}}],"collection":[{"href":"https:\/\/www.europesays.com\/fr\/wp-json\/wp\/v2\/posts"}],"about":[{"href":"https:\/\/www.europesays.com\/fr\/wp-json\/wp\/v2\/types\/post"}],"author":[{"embeddable":true,"href":"https:\/\/www.europesays.com\/fr\/wp-json\/wp\/v2\/users\/2"}],"replies":[{"embeddable":true,"href":"https:\/\/www.europesays.com\/fr\/wp-json\/wp\/v2\/comments?post=283654"}],"version-history":[{"count":0,"href":"https:\/\/www.europesays.com\/fr\/wp-json\/wp\/v2\/posts\/283654\/revisions"}],"wp:featuredmedia":[{"embeddable":true,"href":"https:\/\/www.europesays.com\/fr\/wp-json\/wp\/v2\/media\/283655"}],"wp:attachment":[{"href":"https:\/\/www.europesays.com\/fr\/wp-json\/wp\/v2\/media?parent=283654"}],"wp:term":[{"taxonomy":"category","embeddable":true,"href":"https:\/\/www.europesays.com\/fr\/wp-json\/wp\/v2\/categories?post=283654"},{"taxonomy":"post_tag","embeddable":true,"href":"https:\/\/www.europesays.com\/fr\/wp-json\/wp\/v2\/tags?post=283654"}],"curies":[{"name":"wp","href":"https:\/\/api.w.org\/{rel}","templated":true}]}}