{"id":283672,"date":"2025-07-30T06:33:10","date_gmt":"2025-07-30T06:33:10","guid":{"rendered":"https:\/\/www.europesays.com\/fr\/283672\/"},"modified":"2025-07-30T06:33:10","modified_gmt":"2025-07-30T06:33:10","slug":"pres-de-lille-marche-de-producteurs-balades-a-poney-et-animaux-de-la-ferme-ce-samedi","status":"publish","type":"post","link":"https:\/\/www.europesays.com\/fr\/283672\/","title":{"rendered":"Pr\u00e8s de Lille. March\u00e9 de producteurs, balades \u00e0 poney et animaux de la ferme ce samedi"},"content":{"rendered":"<p>            Par<br \/>\n        <strong><br \/>\n            <a href=\"https:\/\/actu.fr\/auteur\/hervine-mahaud\" title=\"Consulter tous les articles de Hervine Mahaud\" rel=\"nofollow noopener\" target=\"_blank\">Hervine Mahaud<\/a><br \/>\n        <\/strong><\/p>\n<p>        Publi\u00e9 le<\/p>\n<p>            30 juil. 2025 \u00e0 8h00        <\/p>\n<p data-end=\"727\">C\u2019est un rendez-vous que les amateurs de produits locaux ne manqueront sous aucun pr\u00e9texte. Chaque premier samedi du mois, et donc le 2 ao\u00fbt 2025, des <b>producteurs de la r\u00e9gion<\/b> s\u2019installent au c\u0153ur du pittoresque village du <b>Mus\u00e9e de Plein Air<\/b>, \u00e0 <b>Villeneuve-d\u2019Ascq<\/b> (Nord), pour proposer leurs meilleurs produits lors d\u2019un march\u00e9. Ce jour l\u00e0, d\u2019autres animations sont pr\u00e9vues comme des <b>balades \u00e0 poney<\/b>.\u00a0<\/p>\n<p>Entr\u00e9e gratuite le matin\u2026 et plein d\u2019animations<\/p>\n<p data-end=\"1305\" class=\" wall-content\">Le site ouvre ses portes gratuitement de 10h \u00e0 13h, une belle occasion de fl\u00e2ner dans les all\u00e9es du mus\u00e9e tout en remplissant son panier. Fruits et l\u00e9gumes de saison, fromages, miels, biscuits artisanaux, nougats ou encore plantes m\u00e9dicinales : le march\u00e9 promet de ravir toutes les papilles.\u00a0<\/p>\n<p data-end=\"1305\" class=\" wall-content\">Et \u00e0 midi, pourquoi ne pas en profiter pour s\u2019attabler \u00e0 l\u2019estaminet et savourer un bon repas sur place ? Si l\u2019envie vous prend de prolonger la journ\u00e9e, restez pour les nombreuses animations de l\u2019apr\u00e8s-midi !<\/p>\n<p class=\" wall-content\">Au programme de l\u2019apr\u00e8s-midi :<\/p>\n<ul class=\" wall-content\">\n<li data-end=\"1426\">De 14h \u00e0 18h : balades \u00e0 poney avec Shet 59 (pour les enfants de 2 \u00e0 8 ans)<\/li>\n<li data-end=\"1554\">\u00c0 11h et 17h : \u00ab\u00a0Rendez-vous animaux\u00a0\u00bb : accompagnez un villageois \u00e0 la rencontre des animaux de la ferme (tout public)<\/li>\n<li data-end=\"1703\">\u00c0 14h et 16h : immersion dans une salle de classe du 19e si\u00e8cle avec l\u2019\u00e9cole d\u2019antan (\u00e0 partir de 8 ans, \u00e9criture \u00e0 la plume et \u00e0 l\u2019encrier)<\/li>\n<li data-end=\"1803\">\u00c0 14h30 et 16h30 : pour les plus jeunes, d\u00e9couverte de l\u2019\u00e9cole d\u2019autrefois<\/li>\n<\/ul>\n<p data-end=\"1906\" class=\" wall-content\">Un beau programme pour les familles curieuses ou nostalgiques, entre traditions, p\u00e9dagogie et nature.<\/p>\n<p>Infos pratiques : Mus\u00e9e de Plein Air, 143 rue Colbert, 59493 Villeneuve-d\u2019Ascq. Samedi 2 ao\u00fbt 2025, de 10h \u00e0 13h (entr\u00e9e gratuite), de 13h \u00e0 18h (entr\u00e9e payante). Tarifs apr\u00e8s 13h : plein tarif 5 \u20ac \/ tarif r\u00e9duit 3 \u20ac. Plus d\u2019infos sur le site : <a href=\"https:\/\/enm.lillemetropole.fr\/evenements\/le-marche-des-producteurs-locaux-sinstalle-au-musee-les-1er-samedi-du-mois-3065435\" rel=\"nofollow noopener\" target=\"_blank\">enm.lillemetropole.fr<\/a><\/p>\n<p class=\" wall-content\">Suivez toute l\u2019actualit\u00e9 de vos villes et m\u00e9dias favoris en vous inscrivant \u00e0 <a href=\"https:\/\/moncompte.actu.fr\" title=\"D\u00e9couvez Mon Actu\" rel=\"nofollow noopener\" data-trk=\"{&quot;cta&quot;:{&quot;action&quot;:&quot;https:\\\/\\\/moncompte.actu.fr&quot;,&quot;category&quot;:&quot;mon compte&quot;,&quot;from&quot;:&quot;article footer&quot;,&quot;name&quot;:&quot;Mon actu&quot;,&quot;type&quot;:&quot;cta&quot;}}\" target=\"_blank\">Mon Actu<\/a>.<\/p>\n","protected":false},"excerpt":{"rendered":"Par Hervine Mahaud Publi\u00e9 le 30 juil. 2025 \u00e0 8h00 C\u2019est un rendez-vous que les amateurs de produits&hellip;\n","protected":false},"author":2,"featured_media":283673,"comment_status":"","ping_status":"","sticky":false,"template":"","format":"standard","meta":{"footnotes":""},"categories":[2815],"tags":[1111,11,1063,1867,1719,1777,674,1011,27,811,1307,1652,12,25],"class_list":{"0":"post-283672","1":"post","2":"type-post","3":"status-publish","4":"format-standard","5":"has-post-thumbnail","7":"category-lille","8":"tag-actu","9":"tag-actualites","10":"tag-animations","11":"tag-animaux","12":"tag-enfants","13":"tag-eu","14":"tag-europe","15":"tag-fr","16":"tag-france","17":"tag-hauts-de-france","18":"tag-lille","19":"tag-loisirs-culture","20":"tag-news","21":"tag-republique-francaise"},"share_on_mastodon":{"url":"https:\/\/pubeurope.com\/@fr\/114940792282929957","error":""},"_links":{"self":[{"href":"https:\/\/www.europesays.com\/fr\/wp-json\/wp\/v2\/posts\/283672","targetHints":{"allow":["GET"]}}],"collection":[{"href":"https:\/\/www.europesays.com\/fr\/wp-json\/wp\/v2\/posts"}],"about":[{"href":"https:\/\/www.europesays.com\/fr\/wp-json\/wp\/v2\/types\/post"}],"author":[{"embeddable":true,"href":"https:\/\/www.europesays.com\/fr\/wp-json\/wp\/v2\/users\/2"}],"replies":[{"embeddable":true,"href":"https:\/\/www.europesays.com\/fr\/wp-json\/wp\/v2\/comments?post=283672"}],"version-history":[{"count":0,"href":"https:\/\/www.europesays.com\/fr\/wp-json\/wp\/v2\/posts\/283672\/revisions"}],"wp:featuredmedia":[{"embeddable":true,"href":"https:\/\/www.europesays.com\/fr\/wp-json\/wp\/v2\/media\/283673"}],"wp:attachment":[{"href":"https:\/\/www.europesays.com\/fr\/wp-json\/wp\/v2\/media?parent=283672"}],"wp:term":[{"taxonomy":"category","embeddable":true,"href":"https:\/\/www.europesays.com\/fr\/wp-json\/wp\/v2\/categories?post=283672"},{"taxonomy":"post_tag","embeddable":true,"href":"https:\/\/www.europesays.com\/fr\/wp-json\/wp\/v2\/tags?post=283672"}],"curies":[{"name":"wp","href":"https:\/\/api.w.org\/{rel}","templated":true}]}}