{"id":283674,"date":"2025-07-30T06:34:09","date_gmt":"2025-07-30T06:34:09","guid":{"rendered":"https:\/\/www.europesays.com\/fr\/283674\/"},"modified":"2025-07-30T06:34:09","modified_gmt":"2025-07-30T06:34:09","slug":"sur-les-paves-la-crasse","status":"publish","type":"post","link":"https:\/\/www.europesays.com\/fr\/283674\/","title":{"rendered":"sur les pav\u00e9s, la crasse"},"content":{"rendered":"<p>Des trottoirs qui p\u00e8guent de crasse, des points de collecte qui d\u00e9bordent et des d\u00e9tritus qui jonchent des rues du centre-ville\u2026 Jusqu\u2019\u00e0 se r\u00e9pandre sur les r\u00e9seaux sociaux. Depuis le d\u00e9but de l\u2019\u00e9t\u00e9, Marseillais et touristes y d\u00e9plorent la salet\u00e9 des rues et des <a href=\"https:\/\/www.laprovence.com\/article\/region\/34743789912195\/marseille-la-rtm-obtient-une-nouvelle-requisition-pour-un-nettoyage-enfin-quotidien-du-metro\" target=\"_blank\" rel=\"noopener\">stations de m\u00e9tro<\/a> et les odeurs naus\u00e9abondes, renfor\u00e7ant une atmosph\u00e8re irrespirable dans certains coins du centre-ville en <a href=\"https:\/\/www.laprovence.com\/article\/region\/43037185105125\/canicule-jusqua-35-c-dans-les-salles-de-classes-a-marseille-les-enfants-font-des-malaises\" target=\"_blank\" rel=\"noopener\">p\u00e9riode de canicule<\/a>.<\/p>\n","protected":false},"excerpt":{"rendered":"Des trottoirs qui p\u00e8guent de crasse, des points de collecte qui d\u00e9bordent et des d\u00e9tritus qui jonchent des&hellip;\n","protected":false},"author":2,"featured_media":283675,"comment_status":"","ping_status":"","sticky":false,"template":"","format":"standard","meta":{"footnotes":""},"categories":[2814],"tags":[17,1111,11,1102,11898,42278,1777,674,1011,27,151,884,12,42277,882,16,25,3356],"class_list":{"0":"post-283674","1":"post","2":"type-post","3":"status-publish","4":"format-standard","5":"has-post-thumbnail","7":"category-marseille","8":"tag-17","9":"tag-actu","10":"tag-actualites","11":"tag-breakingnews","12":"tag-centre-ville","13":"tag-crasse","14":"tag-eu","15":"tag-europe","16":"tag-fr","17":"tag-france","18":"tag-les","19":"tag-marseille","20":"tag-news","21":"tag-paves","22":"tag-provence-alpes-cote-dazur","23":"tag-region","24":"tag-republique-francaise","25":"tag-sur"},"share_on_mastodon":{"url":"https:\/\/pubeurope.com\/@fr\/114940796340443010","error":""},"_links":{"self":[{"href":"https:\/\/www.europesays.com\/fr\/wp-json\/wp\/v2\/posts\/283674","targetHints":{"allow":["GET"]}}],"collection":[{"href":"https:\/\/www.europesays.com\/fr\/wp-json\/wp\/v2\/posts"}],"about":[{"href":"https:\/\/www.europesays.com\/fr\/wp-json\/wp\/v2\/types\/post"}],"author":[{"embeddable":true,"href":"https:\/\/www.europesays.com\/fr\/wp-json\/wp\/v2\/users\/2"}],"replies":[{"embeddable":true,"href":"https:\/\/www.europesays.com\/fr\/wp-json\/wp\/v2\/comments?post=283674"}],"version-history":[{"count":0,"href":"https:\/\/www.europesays.com\/fr\/wp-json\/wp\/v2\/posts\/283674\/revisions"}],"wp:featuredmedia":[{"embeddable":true,"href":"https:\/\/www.europesays.com\/fr\/wp-json\/wp\/v2\/media\/283675"}],"wp:attachment":[{"href":"https:\/\/www.europesays.com\/fr\/wp-json\/wp\/v2\/media?parent=283674"}],"wp:term":[{"taxonomy":"category","embeddable":true,"href":"https:\/\/www.europesays.com\/fr\/wp-json\/wp\/v2\/categories?post=283674"},{"taxonomy":"post_tag","embeddable":true,"href":"https:\/\/www.europesays.com\/fr\/wp-json\/wp\/v2\/tags?post=283674"}],"curies":[{"name":"wp","href":"https:\/\/api.w.org\/{rel}","templated":true}]}}