{"id":283679,"date":"2025-07-30T06:37:27","date_gmt":"2025-07-30T06:37:27","guid":{"rendered":"https:\/\/www.europesays.com\/fr\/283679\/"},"modified":"2025-07-30T06:37:27","modified_gmt":"2025-07-30T06:37:27","slug":"perrine-juge-des-contentieux-de-la-protection","status":"publish","type":"post","link":"https:\/\/www.europesays.com\/fr\/283679\/","title":{"rendered":"Perrine, juge des contentieux de la protection"},"content":{"rendered":"<p>\u00ab\u00a0Ces deux derni\u00e8res ann\u00e9es, on a \u00e9t\u00e9 bien arros\u00e9s en r\u00e9formes\u00a0! L\u2019id\u00e9e de base n\u2019est pas mauvaise mais on ne nous accorde pas de moyens suppl\u00e9mentaires\u00a0!\u00a0\u00bb. Perrine Chaigne est ce qu\u2019on appelle une \u00ab\u00a0civiliste\u00a0\u00bb \u00e0 la diff\u00e9rence des magistrats p\u00e9nalistes. Depuis 2019, elle est <a href=\"https:\/\/www.litige.fr\/definitions\/juge-contentieux-protection\" target=\"_blank\" rel=\"nofollow noopener\"> juge du contentieux de la protection (JCP)<\/a> et vice-pr\u00e9sidente du p\u00f4le du m\u00eame nom au tribunal judiciaire de Lyon. Une fonction qui se nommait jusqu\u2019en 2020 juge d\u2019instance. En charge des tutelles, des dossiers de surendettement, des baux d\u2019habitation, des injonctions de payer,\u00a0etc., elle exerce la profession de magistrate depuis quinze ans.<\/p>\n<p>6\u00a0000 ordonnances \u00e0 rendre<\/p>\n<p>\u00ab\u00a0Avant d\u2019occuper ce poste, j\u2019ai \u00e9t\u00e9 p\u00e9naliste (juge d\u2019instruction, juge d\u2019application des peines), juge des&#8230;<\/p>\n","protected":false},"excerpt":{"rendered":"\u00ab\u00a0Ces deux derni\u00e8res ann\u00e9es, on a \u00e9t\u00e9 bien arros\u00e9s en r\u00e9formes\u00a0! L\u2019id\u00e9e de base n\u2019est pas mauvaise mais&hellip;\n","protected":false},"author":2,"featured_media":283680,"comment_status":"","ping_status":"","sticky":false,"template":"","format":"standard","meta":{"footnotes":""},"categories":[1889],"tags":[1111,11,2430,2757,1777,674,274,1011,27,2428,2756,12,25,2429],"class_list":{"0":"post-283679","1":"post","2":"type-post","3":"status-publish","4":"format-standard","5":"has-post-thumbnail","7":"category-lyon","8":"tag-actu","9":"tag-actualites","10":"tag-auvergne-rhone-alpes","11":"tag-edition-lyon-villeurbanne","12":"tag-eu","13":"tag-europe","14":"tag-faits-divers-justice","15":"tag-fr","16":"tag-france","17":"tag-lyon","18":"tag-lyon-bassin","19":"tag-news","20":"tag-republique-francaise","21":"tag-rhone"},"share_on_mastodon":{"url":"https:\/\/pubeurope.com\/@fr\/114940807941203999","error":""},"_links":{"self":[{"href":"https:\/\/www.europesays.com\/fr\/wp-json\/wp\/v2\/posts\/283679","targetHints":{"allow":["GET"]}}],"collection":[{"href":"https:\/\/www.europesays.com\/fr\/wp-json\/wp\/v2\/posts"}],"about":[{"href":"https:\/\/www.europesays.com\/fr\/wp-json\/wp\/v2\/types\/post"}],"author":[{"embeddable":true,"href":"https:\/\/www.europesays.com\/fr\/wp-json\/wp\/v2\/users\/2"}],"replies":[{"embeddable":true,"href":"https:\/\/www.europesays.com\/fr\/wp-json\/wp\/v2\/comments?post=283679"}],"version-history":[{"count":0,"href":"https:\/\/www.europesays.com\/fr\/wp-json\/wp\/v2\/posts\/283679\/revisions"}],"wp:featuredmedia":[{"embeddable":true,"href":"https:\/\/www.europesays.com\/fr\/wp-json\/wp\/v2\/media\/283680"}],"wp:attachment":[{"href":"https:\/\/www.europesays.com\/fr\/wp-json\/wp\/v2\/media?parent=283679"}],"wp:term":[{"taxonomy":"category","embeddable":true,"href":"https:\/\/www.europesays.com\/fr\/wp-json\/wp\/v2\/categories?post=283679"},{"taxonomy":"post_tag","embeddable":true,"href":"https:\/\/www.europesays.com\/fr\/wp-json\/wp\/v2\/tags?post=283679"}],"curies":[{"name":"wp","href":"https:\/\/api.w.org\/{rel}","templated":true}]}}