{"id":283681,"date":"2025-07-30T06:41:29","date_gmt":"2025-07-30T06:41:29","guid":{"rendered":"https:\/\/www.europesays.com\/fr\/283681\/"},"modified":"2025-07-30T06:41:29","modified_gmt":"2025-07-30T06:41:29","slug":"neymar-a-lom-la-folle-rumeur-dun-retour-de-lancienne-star-du-psg-en-france","status":"publish","type":"post","link":"https:\/\/www.europesays.com\/fr\/283681\/","title":{"rendered":"Neymar \u00e0 l\u2019OM\u00a0? La folle rumeur d\u2019un retour de l\u2019ancienne star du PSG en France"},"content":{"rendered":"<p>Le m\u00e9dia argentin TyC Sports affirme que l\u2019Olympique de Marseille n\u00e9gocie avec la vedette br\u00e9silienne Neymar, dont le retour \u00e0 Santos en d\u00e9but d\u2019ann\u00e9e ne se passerait pas comme pr\u00e9vu.<\/p>\n<p class=\"fig-paragraph\">La rumeur avait d\u00e9j\u00e0 vivot\u00e9 sur les r\u00e9seaux sociaux, sans qu\u2019elle ne soit prise au s\u00e9rieux. Jusqu\u2019\u00e0 ce lundi. La cha\u00eene de t\u00e9l\u00e9vision\u00a0<a href=\"https:\/\/www.tycsports.com\/futbol-internacional\/se-va-santos-neymar-negocia-olympique-marsella-eterno-rival-psg-id676484.html\" target=\"_blank\" rel=\"sponsored noopener\" data-gtm-custom-categorie=\"navigation\" data-gtm-custom-action=\"crossclick\" data-gtm-custom-label=\"Contextuel\" data-gtm-event=\"customEventSPE\">TyC Sports<\/a>, l\u2019un des plus gros m\u00e9dias sportifs en Argentine, r\u00e9v\u00e8le que l\u2019Olympique de Marseille \u00abserait le mieux plac\u00e9\u00bb pour accueillir Neymar, ancienne star du FC Barcelone et du Paris Saint-Germain, cet \u00e9t\u00e9.<\/p>\n<p class=\"fig-paragraph\">Un temps consid\u00e9r\u00e9 comme l\u2019un des meilleurs footballeurs au monde, Neymar avait\u00a0<a href=\"https:\/\/www.lefigaro.fr\/le-scan-sport\/2017\/08\/02\/27001-20170802ARTFIG00191-comment-le-paris-sg-va-payer-la-clause-liberatoire-de-neymar-a-222-m8364.php\" data-fig-type=\"Article\" data-gtm-custom-categorie=\"navigation\" data-gtm-custom-action=\"crossclick\" data-gtm-custom-label=\"Contextuel\" data-gtm-event=\"customEventSPE\" data-fig-domain=\"LEFIGARO\" target=\"_blank\" rel=\"noopener\">quitt\u00e9 le Bar\u00e7a pour le PSG en 2017<\/a>\u00a0contre un montant record (qui tient toujours) de 222 millions d\u2019euros. Apr\u00e8s un an et demi d\u00e9cevant en Arabie saoudite (2023-2025), le N.10 br\u00e9silien est\u00a0<a href=\"http:\/\/www.lefigaro.fr\/sports\/football\/presentation-spectaculaire-9-000-nouveaux-adherents-en-24-h-dans-la-liesse-bresilienne-neymar-attendu-comme-le-messie-a-santos-20250130\" data-fig-type=\"NewsFlash\" data-gtm-custom-categorie=\"navigation\" data-gtm-custom-action=\"crossclick\" data-gtm-custom-label=\"Contextuel\" data-gtm-event=\"customEventSPE\" data-fig-domain=\"LEFIGARO\" target=\"_blank\" rel=\"noopener\">retourn\u00e9 en janvier dernier<\/a>\u00a0chez son club formateur, Santos. Mais tout n\u2019est pas si rose depuis.<\/p>\n<p>                                    <a class=\"fig-a11y-skip a11y-hidden\" href=\"#fig-a11y-skip-main-inarticle\"><br \/>\n        Passer la publicit\u00e9<br \/>\n    <\/a><\/p>\n<p>Malgr\u00e9 Neymar, Santos joue son maintien<\/p>\n<p class=\"fig-paragraph\">Neymar, 33 ans et qui a \u00e9t\u00e9 nomm\u00e9 capitaine, ne donnerait pas pleinement satisfaction, avec des blessures qui continuent de le freiner. Pire\u00a0: Santos est class\u00e9 17e du championnat br\u00e9silien, soit la premi\u00e8re place de rel\u00e9gable. De l\u00e0 \u00e0 l\u2019imaginer rebondir chez le grand rival du PSG o\u00f9 il a jou\u00e9 six ans (2017-2023), il y a un immense pas \u00e0 faire.<\/p>\n<p class=\"fig-paragraph\"><strong>\u00c0 VOIR AUSSI &#8211;<\/strong> Le joli but de Neymar avec le Santos FC contre Flamengo en championnat br\u00e9silien le 17 juillet dernier (1-0)<\/p>\n<p class=\"fig-paragraph\">En rejoignant l\u2019OM, qualifi\u00e9 pour la Ligue des champions, Neymar serait s\u00fbrement contraint \u00e0 revoir son salaire \u00e0 la baisse. \u00c0 Santos, il per\u00e7oit pr\u00e8s de 180.000 euros\/mois et touche 90% de ses droits \u00e0 l\u2019image, ce qui \u00e9quivaudrait \u00e0 un salaire mensuel d\u2019environ un million d\u2019euros. Son contrat court jusqu\u2019au 31 d\u00e9cembre prochain au sein du mythique club de l\u2019\u00c9tat de S\u00e3o Paulo. Des sources marseillaises laissent toutefois entendre que cette histoire rel\u00e8ve de la farce. Neymar \u00e0 l\u2019OM, la rumeur qui fait pschitt\u00a0?<\/p>\n","protected":false},"excerpt":{"rendered":"Le m\u00e9dia argentin TyC Sports affirme que l\u2019Olympique de Marseille n\u00e9gocie avec la vedette br\u00e9silienne Neymar, dont le&hellip;\n","protected":false},"author":2,"featured_media":283682,"comment_status":"","ping_status":"","sticky":false,"template":"","format":"standard","meta":{"footnotes":""},"categories":[1888],"tags":[1111,1928,11,1927,1777,674,1011,27,1434,12,1926,23921,1176,626,1925,25],"class_list":{"0":"post-283681","1":"post","2":"type-post","3":"status-publish","4":"format-standard","5":"has-post-thumbnail","7":"category-paris","8":"tag-actu","9":"tag-actu-paris","10":"tag-actualites","11":"tag-actualites-paris","12":"tag-eu","13":"tag-europe","14":"tag-fr","15":"tag-france","16":"tag-mercato","17":"tag-news","18":"tag-news-paris","19":"tag-neymar","20":"tag-olympique-de-marseille","21":"tag-paris","22":"tag-paris-news","23":"tag-republique-francaise"},"share_on_mastodon":{"url":"https:\/\/pubeurope.com\/@fr\/114940823692468327","error":""},"_links":{"self":[{"href":"https:\/\/www.europesays.com\/fr\/wp-json\/wp\/v2\/posts\/283681","targetHints":{"allow":["GET"]}}],"collection":[{"href":"https:\/\/www.europesays.com\/fr\/wp-json\/wp\/v2\/posts"}],"about":[{"href":"https:\/\/www.europesays.com\/fr\/wp-json\/wp\/v2\/types\/post"}],"author":[{"embeddable":true,"href":"https:\/\/www.europesays.com\/fr\/wp-json\/wp\/v2\/users\/2"}],"replies":[{"embeddable":true,"href":"https:\/\/www.europesays.com\/fr\/wp-json\/wp\/v2\/comments?post=283681"}],"version-history":[{"count":0,"href":"https:\/\/www.europesays.com\/fr\/wp-json\/wp\/v2\/posts\/283681\/revisions"}],"wp:featuredmedia":[{"embeddable":true,"href":"https:\/\/www.europesays.com\/fr\/wp-json\/wp\/v2\/media\/283682"}],"wp:attachment":[{"href":"https:\/\/www.europesays.com\/fr\/wp-json\/wp\/v2\/media?parent=283681"}],"wp:term":[{"taxonomy":"category","embeddable":true,"href":"https:\/\/www.europesays.com\/fr\/wp-json\/wp\/v2\/categories?post=283681"},{"taxonomy":"post_tag","embeddable":true,"href":"https:\/\/www.europesays.com\/fr\/wp-json\/wp\/v2\/tags?post=283681"}],"curies":[{"name":"wp","href":"https:\/\/api.w.org\/{rel}","templated":true}]}}