{"id":283685,"date":"2025-07-30T06:43:12","date_gmt":"2025-07-30T06:43:12","guid":{"rendered":"https:\/\/www.europesays.com\/fr\/283685\/"},"modified":"2025-07-30T06:43:12","modified_gmt":"2025-07-30T06:43:12","slug":"texworld-apparel-sourcing-paris-annonce-1-300-exposants-pour-septembre","status":"publish","type":"post","link":"https:\/\/www.europesays.com\/fr\/283685\/","title":{"rendered":"Texworld Apparel Sourcing Paris annonce 1.300 exposants pour septembre"},"content":{"rendered":"<p>\n                                    <b>Publi\u00e9 le<\/b><br \/>\n                                    <\/p>\n<p>                                        30 juillet 2025<\/p>\n<p class=\"article-content col-md-8 offset-md-1\">\n                                Le rendez-vous parisien de Messe Frankfurt se tiendra du 15 au 17 septembre au Bourget, avec une offre de plus de 600 fabricants de mati\u00e8res, c\u00f4t\u00e9 Texworld, et autant de fournisseurs d\u2019habillement et d&rsquo;accessoires du c\u00f4t\u00e9 d\u2019Apparel Sourcing.<\/p>\n<p><img decoding=\"async\" class=\"news-image\" style=\"width:100%;\" src=\"https:\/\/www.europesays.com\/fr\/wp-content\/uploads\/2025\/07\/13a8.jpg\" alt=\"\" loading=\"lazy\"\/> Messe Frankfurt France<\/p>\n<p class=\"col-md-8 offset-md-1 article-content--texte\">Cette \u00e9dition qui se tiendra dans les halls 2, 3 et 4 sera largement compos\u00e9e d\u2019entreprises chinoises, turques, indiennes, sud-cor\u00e9ennes et ta\u00efwanaises.<\/p>\n<p>Introduit en f\u00e9vrier, l\u2019espace \u00ab\u00a0Initiatives by Texworld\u00a0\u00bb, d\u00e9di\u00e9 aux d\u00e9marches innovantes et inspirantes, sera de retour. L\u2019offre d\u2019habillement gagne, elle, \u00e0 nouveau en puissance, par rapport aux 465 entreprises r\u00e9unies en d\u00e9but d\u2019ann\u00e9e. Ceci sur fond de r\u00e9orientation vers l\u2019Europe des productions asiatiques pr\u00e9c\u00e9demment destin\u00e9es aux Etats-Unis, provoquant sur le Vieux Continent une aspiration au sourcing de proximit\u00e9.<\/p>\n<p class=\"col-md-8 offset-md-1 article-content--texte\">\u201cDans le contexte de tensions \u00e9conomiques que nous connaissons depuis plusieurs mois, cette \u00e9dition refl\u00e8te les mouvements de recomposition des cha\u00eenes d\u2019approvisionnement, explique Julien Schmoll, directeur marketing et communication de l\u2019organisateur Messe Frankfurt France. Nous voyons globalement progresser l\u2019offre de v\u00eatements finis, revenir en force des pays comme la Chine ou l\u2019Inde, \u00e0 la recherche de d\u00e9bouch\u00e9s commerciaux s\u00fbrs, mais aussi s\u2019ouvrir de nouveaux horizons pour le near sourcing (sourcing de proximit\u00e9, ndlr), l\u2019innovation produit et la diversification. Notre r\u00f4le, c\u2019est d\u2019apporter aux acheteurs les meilleures solutions pour r\u00e9pondre \u00e0 ces mouvements.\u201d<\/p>\n<p>Le salon proposera une nouvelle fois son espace d\u00e9di\u00e9 au cuir et aux produits en cuir, Leatherworld, de m\u00eame qu\u2019Avantex, zone internationale d\u00e9di\u00e9e aux solutions innovantes et durables pour l\u2019industrie de la mode. Cet espace \u00e9largit d\u00e9sormais son offre avec une trentaine d\u2019entreprises, qui exposeront \u00e0 proximit\u00e9 des espaces de tendance et de l\u2019agora d\u00e9di\u00e9e aux conf\u00e9rences.<\/p>\n<p>Car pr\u00e9sentations et tables rondes se succ\u00e9deront durant ces trois jours de salon. Des temps d\u2019\u00e9changes qui porteront sur la transformation de la fili\u00e8re, la circularit\u00e9 et les mati\u00e8res naturelles. Mais \u00e9galement sur l\u2019impact de l\u2019intelligence artificielle sur le secteur, les \u00e9volutions de consommation et les nouvelles r\u00e9gulations europ\u00e9ennes.\u00a0<\/p>\n<p>Les pr\u00e9c\u00e9dentes \u00e9ditions de Texworld Paris et d\u2019Apparel Sourcing Paris, qui s\u2019\u00e9taient tenues du 10 au 12 f\u00e9vrier au Bourget, avaient r\u00e9uni 8.500 visiteurs. Une progression de 10% par rapport \u00e0 la session de f\u00e9vrier 2024.\n                            <\/p>\n<p>\n                                Tous droits de reproduction et de repr\u00e9sentation r\u00e9serv\u00e9s.<br \/>\u00a9 2025 FashionNetwork.com\n                            <\/p>\n","protected":false},"excerpt":{"rendered":"Publi\u00e9 le 30 juillet 2025 Le rendez-vous parisien de Messe Frankfurt se tiendra du 15 au 17 septembre&hellip;\n","protected":false},"author":2,"featured_media":283686,"comment_status":"","ping_status":"","sticky":false,"template":"","format":"standard","meta":{"footnotes":""},"categories":[1888],"tags":[11,2424,537,2423,1777,674,1011,27,2425,985,12,2298,626,2426,2427,25,2421,2422],"class_list":{"0":"post-283685","1":"post","2":"type-post","3":"status-publish","4":"format-standard","5":"has-post-thumbnail","7":"category-paris","8":"tag-actualites","9":"tag-beaute","10":"tag-contact","11":"tag-cosmetiques","12":"tag-eu","13":"tag-europe","14":"tag-fr","15":"tag-france","16":"tag-luxe","17":"tag-mode","18":"tag-news","19":"tag-parfum","20":"tag-paris","21":"tag-professionnel","22":"tag-professionnels","23":"tag-republique-francaise","24":"tag-reseau","25":"tag-textile"},"share_on_mastodon":{"url":"https:\/\/pubeurope.com\/@fr\/114940832013096918","error":""},"_links":{"self":[{"href":"https:\/\/www.europesays.com\/fr\/wp-json\/wp\/v2\/posts\/283685","targetHints":{"allow":["GET"]}}],"collection":[{"href":"https:\/\/www.europesays.com\/fr\/wp-json\/wp\/v2\/posts"}],"about":[{"href":"https:\/\/www.europesays.com\/fr\/wp-json\/wp\/v2\/types\/post"}],"author":[{"embeddable":true,"href":"https:\/\/www.europesays.com\/fr\/wp-json\/wp\/v2\/users\/2"}],"replies":[{"embeddable":true,"href":"https:\/\/www.europesays.com\/fr\/wp-json\/wp\/v2\/comments?post=283685"}],"version-history":[{"count":0,"href":"https:\/\/www.europesays.com\/fr\/wp-json\/wp\/v2\/posts\/283685\/revisions"}],"wp:featuredmedia":[{"embeddable":true,"href":"https:\/\/www.europesays.com\/fr\/wp-json\/wp\/v2\/media\/283686"}],"wp:attachment":[{"href":"https:\/\/www.europesays.com\/fr\/wp-json\/wp\/v2\/media?parent=283685"}],"wp:term":[{"taxonomy":"category","embeddable":true,"href":"https:\/\/www.europesays.com\/fr\/wp-json\/wp\/v2\/categories?post=283685"},{"taxonomy":"post_tag","embeddable":true,"href":"https:\/\/www.europesays.com\/fr\/wp-json\/wp\/v2\/tags?post=283685"}],"curies":[{"name":"wp","href":"https:\/\/api.w.org\/{rel}","templated":true}]}}