{"id":283687,"date":"2025-07-30T06:44:13","date_gmt":"2025-07-30T06:44:13","guid":{"rendered":"https:\/\/www.europesays.com\/fr\/283687\/"},"modified":"2025-07-30T06:44:13","modified_gmt":"2025-07-30T06:44:13","slug":"en-israel-limage-tres-degradee-de-la-france-lexpress","status":"publish","type":"post","link":"https:\/\/www.europesays.com\/fr\/283687\/","title":{"rendered":"en Isra\u00ebl, l\u2019image tr\u00e8s d\u00e9grad\u00e9e de la France \u2013 L&rsquo;Express"},"content":{"rendered":"<p class=\"paragraph article-body-paragraph article__item   article-body-paragraph--first \">En Isra\u00ebl, le rabbin Ben Artzi est r\u00e9put\u00e9 pour son sens de la d\u00e9mesure et pour ses proph\u00e9ties qui, parfois, touchent juste. Il aurait par exemple pr\u00e9dit, d\u00e8s 2017, la mani\u00e8re dont Tsahal m\u00e8nerait ses frappes <a href=\"https:\/\/www.lexpress.fr\/monde\/proche-moyen-orient\/on-a-peur-que-la-guerre-recommence-en-iran-la-crainte-dun-nouvel-embrasement-KMJT7SGV2VFJLNGGRAD3FMO2PQ\/\" target=\"_self\" rel=\"noopener\" title=\"https:\/\/www.lexpress.fr\/monde\/proche-moyen-orient\/on-a-peur-que-la-guerre-recommence-en-iran-la-crainte-dun-nouvel-embrasement-KMJT7SGV2VFJLNGGRAD3FMO2PQ\/\">contre les installations nucl\u00e9aires iraniennes<\/a> et que l\u2019aviation isra\u00e9lienne en sortirait indemne. Ce week-end, Ben Artzi s\u2019est surpass\u00e9 : dans une vid\u00e9o devenue virale et dont le Jerusalem Post <a href=\"https:\/\/www.jpost.com\/omg\/article-862286\" target=\"_self\" rel=\"noopener\" title=\"https:\/\/www.jpost.com\/omg\/article-862286\">s\u2019est fait l\u2019\u00e9cho<\/a>, il exhorte les juifs de France \u00e0 fuir d\u2019urgence, affirmant que \u00ab\u00a0le Saint-Esprit a plac\u00e9 l\u2019ange de la destruction dans le corps du pr\u00e9sident Emmanuel Macron\u00a0\u00bb. Il va jusqu\u2019\u00e0 affirmer que Dieu aurait \u00ab\u00a0donn\u00e9 des pouvoirs terrifiants aux musulmans en France pour \u00e9radiquer les Juifs\u00a0\u00bb, insinuant que le chef de l\u2019Etat, \u00ab\u00a0poss\u00e9d\u00e9 par Satan\u00a0\u00bb, essaierait d\u2019apaiser cette menace <a href=\"https:\/\/www.lexpress.fr\/monde\/proche-moyen-orient\/emmanuel-macron-annonce-que-la-france-va-reconnaitre-letat-de-palestine-en-septembre-PJ7E62DWIRC6RD7E2QMJ36ONIQ\/\" target=\"_self\" rel=\"noopener\" title=\"https:\/\/www.lexpress.fr\/monde\/proche-moyen-orient\/emmanuel-macron-annonce-que-la-france-va-reconnaitre-letat-de-palestine-en-septembre-PJ7E62DWIRC6RD7E2QMJ36ONIQ\/\">en reconnaissant l\u2019\u00c9tat de Palestine.<\/a><\/p>\n<p><strong class=\"article-body-link-list__item text-gray-800 article-body-link-list__item--one-item\">LIRE AUSSI : <a class=\"article-body-link-list__item-link\" href=\"https:\/\/www.lexpress.fr\/monde\/proche-moyen-orient\/a-gaza-le-hamas-utilise-la-souffrance-des-civils-contre-nous-plongee-au-coeur-de-la-contre-attaque-OY37D56GN5CA5KOLM22HBLC5WI\/\" target=\"_blank\" rel=\"noreferrer noopener\">\u00ab\u00a0A Gaza, le Hamas utilise la souffrance des civils contre nous\u00a0\u00bb : plong\u00e9e au c\u0153ur de la contre-attaque m\u00e9diatique isra\u00e9lienne<\/a><\/strong><\/p>\n<p class=\"paragraph article-body-paragraph article__item   \">Si la radicalit\u00e9 du discours du rabbin Ben Artzi reste marginale en Isra\u00ebl, elle refl\u00e8te un sentiment croissant \u00e0 Tel-Aviv de d\u00e9fiance envers la France. <a href=\"https:\/\/hu-ef-barometer.huji.ac.il\/sites\/default\/files\/hu-ef.barometer\/files\/barometer_2024.pdf\" target=\"_self\" rel=\"noopener\" title=\"https:\/\/hu-ef-barometer.huji.ac.il\/sites\/default\/files\/hu-ef.barometer\/files\/barometer_2024.pdf\">Une \u00e9tude de l\u2019Universit\u00e9 h\u00e9bra\u00efque de J\u00e9rusalem,<\/a> publi\u00e9e en mai 2024, r\u00e9v\u00e8le que 55 % des Isra\u00e9liens consid\u00e8rent la France comme un pays antis\u00e9mite, loin devant le Royaume-Uni (40 %), la Pologne (35 %) et l\u2019Allemagne (21 %).<\/p>\n<p class=\"paragraph article-body-paragraph article__item   \">L\u2019explosion des actes antis\u00e9mites dans notre pays depuis le <a href=\"https:\/\/www.lexpress.fr\/societe\/7-octobre-2023-7-octobre-2024-un-an-de-flambee-antisemite-en-france-T44SAALCLVBUJB42PPJ7L64534\/\" target=\"_self\" rel=\"noopener\" title=\"https:\/\/www.lexpress.fr\/societe\/7-octobre-2023-7-octobre-2024-un-an-de-flambee-antisemite-en-france-T44SAALCLVBUJB42PPJ7L64534\/\">7 octobre <\/a>y est pour beaucoup : 1570 ont \u00e9t\u00e9 recens\u00e9s en 2024, contre 436 en 2022. Surtout, ces violences concernent d\u00e9sormais en premier lieu des attaques contre des personnes (65,2 %), loin devant les d\u00e9gradations de biens ou les inscriptions insultantes. <\/p>\n<p class=\"paragraph article-body-paragraph article__item   \">Le 25 juillet, le ministre des Affaires \u00e9trang\u00e8res isra\u00e9lien, Gideon Saar, a ainsi tacl\u00e9 : \u00ab\u00a0Le pr\u00e9sident Macron est incapable d\u2019assurer la s\u00e9curit\u00e9 d\u2019Isra\u00ebl. Esp\u00e9rons qu\u2019il parviendra \u00e0 le faire dans les rues de Paris.\u00a0\u00bb Comme en \u00e9cho, un Isra\u00e9lien francophone, amoureux de Paris, nous racontait ces derniers jours qu\u2019il n\u2019ose plus venir en vacances chez sa famille fran\u00e7aise : \u00ab\u00a0J\u2019aimerais beaucoup revoir la France, mais j\u2019ai trop peur de Saint-Denis. C\u2019est devenu dangereux d\u2019\u00eatre juif \u00e0 Paris, non ?\u00a0\u00bb<\/p>\n<\/p>\n<p>L\u2019image d\u2019un pays \u00ab\u00a0sous occupation islamiste\u00a0\u00bb<\/p>\n<p class=\"paragraph article-body-paragraph article__item   \">La m\u00e9diatisation des actes antis\u00e9mites et la multiplication des manifestations pro-palestiniennes ont r\u00e9pandu l\u2019id\u00e9e, en Isra\u00ebl, que la France est pass\u00e9e sous contr\u00f4le de sa communaut\u00e9 musulmane, voire d\u2019islamistes radicaux. Mi-juillet, une Isra\u00e9lienne de confession druze nous expliquait avoir visionn\u00e9 des dizaines de vid\u00e9os de musulmans priant dans les rues \u00e0 Paris, notamment dans le quartier de l\u2019Institut du monde arabe, et nous demandait sinc\u00e8rement si le pays se trouvait sous \u00ab\u00a0occupation islamiste\u00a0\u00bb. Selon elle, les critiques de la diplomatie fran\u00e7aise contre <a href=\"https:\/\/www.lexpress.fr\/monde\/proche-moyen-orient\/attaque-du-hamas-israel-de-nouveau-en-guerre-contre-gaza-5HUCJ5IEKVD6FHMPYLBZMFZ6NQ\/\" target=\"_self\" rel=\"noopener\" title=\"https:\/\/www.lexpress.fr\/monde\/proche-moyen-orient\/attaque-du-hamas-israel-de-nouveau-en-guerre-contre-gaza-5HUCJ5IEKVD6FHMPYLBZMFZ6NQ\/\">la guerre \u00e0 Gaza<\/a> auraient pour unique objectif de satisfaire l\u2019\u00e9lectorat musulman.<\/p>\n<p class=\"paragraph article-body-paragraph article__item   \">M\u00eame la victoire du Paris Saint-Germain en Ligue des champions, en mai dernier, a provoqu\u00e9 la grimace de nombreux Isra\u00e9liens. \u00ab\u00a0Plusieurs vid\u00e9os de joueurs parisiens d\u00e9fendant la Palestine ont tourn\u00e9 sur les r\u00e9seaux sociaux, assure une guide touristique dans le nord d\u2019Isra\u00ebl. C\u2019est triste et c\u2019est devenu impossible pour nous de supporter le PSG. Sans parler de ses propri\u00e9taires, le Qatar, qui sont les premiers soutiens du Hamas.\u00a0\u00bb<\/p>\n<p><strong class=\"article-body-link-list__item text-gray-800 article-body-link-list__item--one-item\">LIRE AUSSI : <a class=\"article-body-link-list__item-link\" href=\"https:\/\/www.lexpress.fr\/monde\/proche-moyen-orient\/reconnaissance-de-letat-palestinien-la-france-na-aucun-levier-direct-sur-israel-XNXLC255OVGD3HRFOLBO3IBJJE\/\" target=\"_blank\" rel=\"noreferrer noopener\">Reconnaissance de l\u2019Etat palestinien : \u00ab\u00a0La France n\u2019a aucun levier direct sur Isra\u00ebl\u00a0\u00bb<\/a><\/strong><\/p>\n<p class=\"paragraph article-body-paragraph article__item   \">A l\u2019origine de cette image probl\u00e9matique de la France en Isra\u00ebl, il y a aussi une couverture m\u00e9diatique souvent tronqu\u00e9e. Les marques du soutien de la France \u00e0 l\u2019Etat h\u00e9breu ont tendance \u00e0 dispara\u00eetre des radars, quand les passes d\u2019armes politiciennes entre les deux pays font la une. Un diplomate de la r\u00e9gion nous racontait par exemple son effarement apr\u00e8s <a href=\"https:\/\/www.lexpress.fr\/societe\/victimes-francaises-du-7-octobre-lhommage-national-bouscule-par-une-polemique-HV2ER24PARHOJIOWQIVRZSLQXU\/\" target=\"_self\" rel=\"noopener\" title=\"https:\/\/www.lexpress.fr\/societe\/victimes-francaises-du-7-octobre-lhommage-national-bouscule-par-une-polemique-HV2ER24PARHOJIOWQIVRZSLQXU\/\">la c\u00e9r\u00e9monie du 7 f\u00e9vrier 2024 aux Invalides,<\/a> lors de laquelle un hommage national fut rendu aux victimes des massacres terroristes du 7 Octobre. Un signe d\u2019affection envers Isra\u00ebl sans \u00e9quivalent dans le monde. \u00ab\u00a0A l\u2019\u00e9poque, tr\u00e8s peu de m\u00e9dias isra\u00e9liens l\u2019ont relay\u00e9e, alors que c\u2019\u00e9tait un \u00e9v\u00e9nement majeur et la preuve des liens d\u2019amiti\u00e9 de la France pour Isra\u00ebl, regrette le diplomate. C\u2019\u00e9tait la m\u00eame chose lors de la grande marche contre l\u2019antis\u00e9mitisme \u00e0 Paris quelques mois plus t\u00f4t : les Isra\u00e9liens n\u2019en ont pas entendu parler, ou alors ils n\u2019ont pas voulu en entendre parler.\u00a0\u00bb<\/p>\n<p>En coulisses, la coop\u00e9ration franco-isra\u00e9lienne reste excellente<\/p>\n<p class=\"paragraph article-body-paragraph article__item   \">Ce n\u2019est malheureusement qu\u2019un d\u00e9but. <a href=\"https:\/\/www.lexpress.fr\/monde\/proche-moyen-orient\/reconnaissance-de-letat-palestinien-la-france-na-aucun-levier-direct-sur-israel-XNXLC255OVGD3HRFOLBO3IBJJE\/\" target=\"_self\" rel=\"noopener\" title=\"https:\/\/www.lexpress.fr\/monde\/proche-moyen-orient\/reconnaissance-de-letat-palestinien-la-france-na-aucun-levier-direct-sur-israel-XNXLC255OVGD3HRFOLBO3IBJJE\/\">L\u2019annonce de la reconnaissance \u00e0 venir d\u2019un Etat palestinien<\/a> par Paris a d\u00e9clench\u00e9 un torrent d\u2019indignations de J\u00e9rusalem \u00e0 Tel-Aviv. Le Premier ministre Benyamin Netanyahou a fustig\u00e9 une d\u00e9cision qui \u00ab\u00a0encourage la terreur\u00a0\u00bb, quand le ministre des Finances, le colon Bezalel Smotrich, souhaite r\u00e9pondre \u00e0 la pression diplomatique fran\u00e7aise en annexant totalement la Cisjordanie.<\/p>\n<p class=\"paragraph article-body-paragraph article__item   \">En coulisses pourtant, cette annonce d\u2019Emmanuel Macron n\u2019a rien d\u2019une surprise et n\u2019entrave pas le fond des relations entre les deux pays. \u00ab\u00a0Depuis le 7 octobre, il y a eu des hauts et des bas avec la France, reconna\u00eet un haut fonctionnaire isra\u00e9lien, proche de <a href=\"https:\/\/www.lexpress.fr\/monde\/proche-moyen-orient\/gaza-est-un-theatre-sacrificiel-face-a-benyamin-netanyahou-lavenir-tres-incertain-du-hamas-V34QKFTFERGL5DZYQQNJP6VJ7U\/\" target=\"_self\" rel=\"noopener\" title=\"https:\/\/www.lexpress.fr\/monde\/proche-moyen-orient\/gaza-est-un-theatre-sacrificiel-face-a-benyamin-netanyahou-lavenir-tres-incertain-du-hamas-V34QKFTFERGL5DZYQQNJP6VJ7U\/\">Netanyahou<\/a>. Nous avons souffert des nombreuses critiques injustes concernant notre gestion de la guerre \u00e0 Gaza mais au niveau bureaucratique la coop\u00e9ration reste tr\u00e8s bonne. Au final, la France continue d\u2019\u00eatre un pays extr\u00eamement important pour Isra\u00ebl.\u00a0\u00bb<\/p>\n<p class=\"paragraph article-body-paragraph article__item   \">Cette source haut plac\u00e9e n\u2019oublie pas l\u2019aide pr\u00e9cieuse de la France pour intercepter les premiers missiles iraniens qui visaient le territoire de l\u2019Etat h\u00e9breu, en avril 2024, ou encore la visite du pr\u00e9sident Macron \u00ab\u00a0charg\u00e9e d\u2019\u00e9motions\u00a0\u00bb dans la foul\u00e9e du 7 octobre 2023. \u00ab\u00a0En famille ou avec vos amis, il arrive de se disputer, souligne ce haut fonctionnaire. Nous, Isra\u00e9liens, sommes particuli\u00e8rement dou\u00e9s pour cela. Croyez-moi, nous disons ce que nous pensons \u00e0 nos homologues fran\u00e7ais quand c\u2019est n\u00e9cessaire, et eux ne se privent pas non plus.\u00a0\u00bb<\/p>\n<p><strong class=\"article-body-link-list__item text-gray-800 article-body-link-list__item--one-item\">LIRE AUSSI : <a class=\"article-body-link-list__item-link\" href=\"https:\/\/www.lexpress.fr\/monde\/proche-moyen-orient\/comment-benyamin-netanyahou-et-donald-trump-veulent-redessiner-le-moyen-orient-P4AMY2WVCNBO3PWVDSPD46IFUI\/\" target=\"_blank\" rel=\"noreferrer noopener\">\u00ab\u00a0Le renversement est vertigineux\u00a0\u00bb : le plan de Netanyahou et Trump pour redessiner le Moyen-Orient<\/a><\/strong><\/p>\n<p class=\"paragraph article-body-paragraph article__item   \">Par ailleurs, les dirigeants isra\u00e9liens sont unanimes \u00e0 saluer le r\u00f4le d\u00e9cisif de la France au Liban, o\u00f9 Paris a r\u00e9ussi \u00e0 faire revenir les investissements saoudiens et s\u2019assure du respect du cessez-le-feu entre Isra\u00ebl et le Hezbollah depuis novembre dernier. \u00ab\u00a0Nous sommes extr\u00eamement satisfaits de ce m\u00e9canisme am\u00e9ricano-fran\u00e7ais, souligne Olivier Rafowicz, le porte-parole francophone de Tsahal. La France joue un r\u00f4le important au Liban, ce n\u2019est pas nouveau, mais dans ce cadre-l\u00e0 c\u2019est tr\u00e8s important : cela permet aux Isra\u00e9liens du nord [NDLR : qui vivent pr\u00e8s du sud Liban] d\u2019enfin revenir chez eux et d\u2019avoir une situation presque normale \u00e0 la fronti\u00e8re nord d\u2019Isra\u00ebl.\u00a0\u00bb<\/p>\n<p class=\"paragraph article-body-paragraph article__item    article__text__endpicto\">Malgr\u00e9 ces amabilit\u00e9s, une reconnaissance fran\u00e7aise d\u2019un Etat palestinien ne restera pas sans r\u00e9ponse isra\u00e9lienne. Trois jours apr\u00e8s l\u2019annonce d\u2019Emmanuel Macron, un rapport \u00ab\u00a0secret\u00a0\u00bb a fuit\u00e9 opportun\u00e9ment dans les m\u00e9dias de l\u2019Etat h\u00e9breu : selon cette source, les renseignements ext\u00e9rieurs fran\u00e7ais auraient rencontr\u00e9 \u00e0 plusieurs reprises des membres du Hamas ces derni\u00e8res ann\u00e9es, sur demande directe de l\u2019Elys\u00e9e et avec l\u2019intention d\u2019\u00e9tablir des relations officielles avec le groupe palestinien\u2026 Des accusations rejet\u00e9es imm\u00e9diatement par la diplomatie fran\u00e7aise, qui y voit \u00ab\u00a0une man\u0153uvre pour d\u00e9l\u00e9gitimer nos efforts en faveur d\u2019une solution \u00e0 deux Etats\u00a0\u00bb. La passe d\u2019armes ne fait sans doute que commencer.<\/p>\n<p>.<\/p>\n","protected":false},"excerpt":{"rendered":"En Isra\u00ebl, le rabbin Ben Artzi est r\u00e9put\u00e9 pour son sens de la d\u00e9mesure et pour ses proph\u00e9ties&hellip;\n","protected":false},"author":2,"featured_media":283688,"comment_status":"","ping_status":"","sticky":false,"template":"","format":"standard","meta":{"footnotes":""},"categories":[1888],"tags":[11,1777,674,1011,27,74,12,626,31,25],"class_list":{"0":"post-283687","1":"post","2":"type-post","3":"status-publish","4":"format-standard","5":"has-post-thumbnail","7":"category-paris","8":"tag-actualites","9":"tag-eu","10":"tag-europe","11":"tag-fr","12":"tag-france","13":"tag-monde","14":"tag-news","15":"tag-paris","16":"tag-proche-et-moyen-orient","17":"tag-republique-francaise"},"share_on_mastodon":{"url":"https:\/\/pubeurope.com\/@fr\/114940835596121307","error":""},"_links":{"self":[{"href":"https:\/\/www.europesays.com\/fr\/wp-json\/wp\/v2\/posts\/283687","targetHints":{"allow":["GET"]}}],"collection":[{"href":"https:\/\/www.europesays.com\/fr\/wp-json\/wp\/v2\/posts"}],"about":[{"href":"https:\/\/www.europesays.com\/fr\/wp-json\/wp\/v2\/types\/post"}],"author":[{"embeddable":true,"href":"https:\/\/www.europesays.com\/fr\/wp-json\/wp\/v2\/users\/2"}],"replies":[{"embeddable":true,"href":"https:\/\/www.europesays.com\/fr\/wp-json\/wp\/v2\/comments?post=283687"}],"version-history":[{"count":0,"href":"https:\/\/www.europesays.com\/fr\/wp-json\/wp\/v2\/posts\/283687\/revisions"}],"wp:featuredmedia":[{"embeddable":true,"href":"https:\/\/www.europesays.com\/fr\/wp-json\/wp\/v2\/media\/283688"}],"wp:attachment":[{"href":"https:\/\/www.europesays.com\/fr\/wp-json\/wp\/v2\/media?parent=283687"}],"wp:term":[{"taxonomy":"category","embeddable":true,"href":"https:\/\/www.europesays.com\/fr\/wp-json\/wp\/v2\/categories?post=283687"},{"taxonomy":"post_tag","embeddable":true,"href":"https:\/\/www.europesays.com\/fr\/wp-json\/wp\/v2\/tags?post=283687"}],"curies":[{"name":"wp","href":"https:\/\/api.w.org\/{rel}","templated":true}]}}