{"id":283693,"date":"2025-07-30T06:47:10","date_gmt":"2025-07-30T06:47:10","guid":{"rendered":"https:\/\/www.europesays.com\/fr\/283693\/"},"modified":"2025-07-30T06:47:10","modified_gmt":"2025-07-30T06:47:10","slug":"les-filieres-touchees-par-les-droits-de-douane-de-trump-invitees-a-bercy","status":"publish","type":"post","link":"https:\/\/www.europesays.com\/fr\/283693\/","title":{"rendered":"Les fili\u00e8res touch\u00e9es par les droits de douane de Trump invit\u00e9es \u00e0 Bercy"},"content":{"rendered":"<p>La r\u00e9union se tiendra \u00e0 14h, a pr\u00e9cis\u00e9 Bercy mardi. Elle rassemblera autour d\u2019\u00c9ric Lombard les ministres Am\u00e9lie de Montchalin (Comptes publics), Marc Ferracci (Industrie et \u00c9nergie), V\u00e9ronique Louwagie (Commerce, Artisanat et PME), Clara Chappaz (Num\u00e9rique), Nathalie Delattre (Tourisme), Annie Genevard (Agriculture) et Laurent Saint-Martin (Commerce ext\u00e9rieur).<\/p>\n<p>    La r\u00e9daction vous conseille<\/p>\n<p>Seront pr\u00e9sentes \u00e9galement les organisations patronales et les f\u00e9d\u00e9rations repr\u00e9sentant les fili\u00e8res professionnelles \u00ab\u00a0impact\u00e9es par les droits de douane am\u00e9ricains\u00a0\u00bb, a indiqu\u00e9 le minist\u00e8re. Le Medef, la CPME et l\u2019U2P sont attendus c\u00f4t\u00e9 patronal\u00a0; France Industrie, la F\u00e9d\u00e9ration bancaire fran\u00e7aise, l\u2019Alliance du commerce, la F\u00e9d\u00e9ration du commerce et de la distribution (FCD) ou encore France Assureurs, entre autres, du c\u00f4t\u00e9 des fili\u00e8res.<\/p>\n<p>Un accord commercial critiqu\u00e9<\/p>\n<p>Certains secteurs risquent d\u2019\u00eatre affect\u00e9s par l\u2019instauration g\u00e9n\u00e9ralis\u00e9e de droits de douane am\u00e9ricains \u00e0 15\u00a0% sur les produits europ\u00e9ens (sauf exceptions), selon l\u2019accord annonc\u00e9 dimanche soir par le pr\u00e9sident am\u00e9ricain Donald Trump et la pr\u00e9sidente de la Commission europ\u00e9enne Ursula von der Leyen.<\/p>\n<p>Dans les <a href=\"https:\/\/www.lesechos.fr\/economie-france\/conjoncture\/droits-de-douane-qui-va-vraiment-payer-la-facture-de-laccord-entre-trump-et-leurope-2178776#:~:text=Les%20produits%20facilement%20substituables%20par,les%20premiers%20touch%C3%A9s%2C%20selon%20Coface.\" target=\"_blank\" rel=\"nofollow noopener\">secteurs tax\u00e9s \u00e0 15\u00a0%<\/a> figurent l\u2019industrie pharmaceutique, les vins et spiritueux, et l\u2019industrie agroalimentaire. Mais les discussions se poursuivent.<\/p>\n<p>\u00ab\u00a0Si l\u2019accord \u00e9pargne plusieurs secteurs strat\u00e9giques pour l\u2019\u00e9conomie fran\u00e7aise et r\u00e9duit les dommages pour les autres en comparaison des droits sectoriels annonc\u00e9s, cet arrangement instaure toutefois des relations commerciales asym\u00e9triques\u00a0\u00bb, a critiqu\u00e9 mardi l\u2019Association fran\u00e7aise des entreprises priv\u00e9es (Afep), \u00e9galement attendue aujourd\u2019hui \u00e0 Bercy.<\/p>\n<p>    La r\u00e9daction vous conseille<\/p>\n<p>Plus t\u00f4t mardi, le patron du Medef, Patrick Martin, avait affirm\u00e9 sur Franceinfo que \u00ab\u00a0fondamentalement ce n\u2019est &#8211; c\u2019est le moins qu\u2019on puisse dire &#8211; pas l\u2019expression d\u2019un rapport de force \u00e9quilibr\u00e9 entre l\u2019Europe et les \u00c9tats-Unis. Il y a des fili\u00e8res qui s\u2019en sortent convenablement quand d\u2019autres sont menac\u00e9es\u00a0\u00bb.<\/p>\n<p>Un soutien financier du gouvernement para\u00eet improbable \u00e0 ce stade. Interrog\u00e9 par le journal Lib\u00e9ration \u00e0 ce sujet mardi, \u00c9ric Lombard a r\u00e9pondu\u00a0: \u00ab\u00a0nous avons \u00e9vit\u00e9 que certains secteurs, comme l\u2019a\u00e9ronautique, soient touch\u00e9s. Pour les autres, il faut voir que l\u2019essentiel de notre commerce est intra-europ\u00e9en\u00a0\u00bb. \u00ab\u00a0C\u2019est aussi pourquoi nous cherchons, aux niveaux fran\u00e7ais et europ\u00e9en, \u00e0 diversifier nos partenaires commerciaux pour soutenir nos industries\u00a0\u00bb, a-t-il ajout\u00e9.<\/p>\n","protected":false},"excerpt":{"rendered":"La r\u00e9union se tiendra \u00e0 14h, a pr\u00e9cis\u00e9 Bercy mardi. Elle rassemblera autour d\u2019\u00c9ric Lombard les ministres Am\u00e9lie&hellip;\n","protected":false},"author":2,"featured_media":283694,"comment_status":"","ping_status":"","sticky":false,"template":"","format":"standard","meta":{"footnotes":""},"categories":[1589],"tags":[11,73,1866,12,1864,1865,1863,308],"class_list":{"0":"post-283693","1":"post","2":"type-post","3":"status-publish","4":"format-standard","5":"has-post-thumbnail","7":"category-etats-unis","8":"tag-actualites","9":"tag-etats-unis","10":"tag-etats-unis-damerique","11":"tag-news","12":"tag-united-states","13":"tag-united-states-of-america","14":"tag-us","15":"tag-usa"},"share_on_mastodon":{"url":"https:\/\/pubeurope.com\/@fr\/114940847287065257","error":""},"_links":{"self":[{"href":"https:\/\/www.europesays.com\/fr\/wp-json\/wp\/v2\/posts\/283693","targetHints":{"allow":["GET"]}}],"collection":[{"href":"https:\/\/www.europesays.com\/fr\/wp-json\/wp\/v2\/posts"}],"about":[{"href":"https:\/\/www.europesays.com\/fr\/wp-json\/wp\/v2\/types\/post"}],"author":[{"embeddable":true,"href":"https:\/\/www.europesays.com\/fr\/wp-json\/wp\/v2\/users\/2"}],"replies":[{"embeddable":true,"href":"https:\/\/www.europesays.com\/fr\/wp-json\/wp\/v2\/comments?post=283693"}],"version-history":[{"count":0,"href":"https:\/\/www.europesays.com\/fr\/wp-json\/wp\/v2\/posts\/283693\/revisions"}],"wp:featuredmedia":[{"embeddable":true,"href":"https:\/\/www.europesays.com\/fr\/wp-json\/wp\/v2\/media\/283694"}],"wp:attachment":[{"href":"https:\/\/www.europesays.com\/fr\/wp-json\/wp\/v2\/media?parent=283693"}],"wp:term":[{"taxonomy":"category","embeddable":true,"href":"https:\/\/www.europesays.com\/fr\/wp-json\/wp\/v2\/categories?post=283693"},{"taxonomy":"post_tag","embeddable":true,"href":"https:\/\/www.europesays.com\/fr\/wp-json\/wp\/v2\/tags?post=283693"}],"curies":[{"name":"wp","href":"https:\/\/api.w.org\/{rel}","templated":true}]}}