{"id":283695,"date":"2025-07-30T06:48:10","date_gmt":"2025-07-30T06:48:10","guid":{"rendered":"https:\/\/www.europesays.com\/fr\/283695\/"},"modified":"2025-07-30T06:48:10","modified_gmt":"2025-07-30T06:48:10","slug":"des-progres-dans-la-gestion-migratoire-entre-le-royaume-uni-et-lue-mais-des-efforts-restent-necessaires","status":"publish","type":"post","link":"https:\/\/www.europesays.com\/fr\/283695\/","title":{"rendered":"Des progr\u00e8s dans la gestion migratoire entre le Royaume-Uni et l\u2019UE mais des efforts restent n\u00e9cessaires"},"content":{"rendered":"<p data-end=\"611\" data-start=\"169\">Deux visites \u00e0 Londres en deux semaines ce mois-ci, d\u2019abord celle du pr\u00e9sident fran\u00e7ais Emmanuel Macron, puis celle du chancelier allemand Friedrich Merz, ont clairement montr\u00e9 que le Royaume-Uni et les principaux pays de l\u2019UE sont d\u00e9termin\u00e9s \u00e0 d\u00e9passer le fiasco du Brexit et \u00e0 entamer un processus de r\u00e9conciliation, leur permettant de traiter de mani\u00e8re constructive les d\u00e9fis et opportunit\u00e9s communs \u2014 et tout cela dans un esprit cordial.<\/p>\n<p data-end=\"1025\" data-start=\"613\">Ces visites et les accords conclus ont marqu\u00e9 le retour informel du groupe E3, compos\u00e9 de la France, de l\u2019Allemagne et du Royaume-Uni, comme pilier et moteur de la s\u00e9curit\u00e9 europ\u00e9enne. Les trois dirigeants ont tenu \u00e0 afficher leur unit\u00e9, qu\u2019importe que le Royaume-Uni soit dans l\u2019UE ou en dehors, insistant sur l\u2019importance de ne pas laisser le pass\u00e9 freiner une coop\u00e9ration \u00e9troite entre le Royaume-Uni et l\u2019UE.<\/p>\n<p data-end=\"1626\" data-start=\"1027\">Un des sujets majeurs abord\u00e9s lors des deux visites, notamment celle d&rsquo;Emmanuel Macron, concernait la lutte contre l\u2019immigration irr\u00e9guli\u00e8re, en particulier l\u2019arriv\u00e9e d\u2019immigrants par petits bateaux. Selon l\u2019Observatoire de la migration de l\u2019Universit\u00e9 d\u2019Oxford, environ 37 000 personnes ont travers\u00e9 la Manche \u00e0 bord de petits bateaux l\u2019ann\u00e9e derni\u00e8re. Le premier semestre 2025 a vu ce nombre augmenter, prouvant que les mesures actuelles de dissuasion sont inefficaces. Tragiquement, cette hausse des travers\u00e9es a aussi provoqu\u00e9 un nombre record de d\u00e9c\u00e8s \u2014 au moins 82 personnes, dont 14 enfants, en 2024.<\/p>\n<p data-end=\"2114\" data-start=\"1628\">La migration n\u2019est pas un sujet simple, ni en termes de raisons, ni de l\u00e9galit\u00e9, ni d\u2019impact sur les pays d\u2019origine et de destination. D\u2019abord, migrer est une caract\u00e9ristique humaine \u2014 c\u2019est une r\u00e9alit\u00e9 depuis l\u2019aube de l\u2019histoire, motiv\u00e9e par des raisons \u00e9conomiques, sociales, politiques et, de plus en plus, environnementales. Sans aborder ces causes, les gens continueront de chercher des voies pour entrer dans des pays qui leur promettent s\u00e9curit\u00e9 et meilleures conditions de vie.<\/p>\n<p data-end=\"2551\" data-start=\"2116\">Ensuite, confondre tous les types de migration brouille le discours public. Il existe les migrants \u00e9conomiques, dont tous les pays europ\u00e9ens ont besoin ; les demandeurs d\u2019asile, que ces pays ont le devoir moral et l\u00e9gal d\u2019aider ; ceux qui migrent pour des raisons familiales ou d\u2019\u00e9tudes ; et enfin, ceux qui arrivent ill\u00e9galement. Ces cat\u00e9gories doivent \u00eatre trait\u00e9es selon leurs sp\u00e9cificit\u00e9s, en \u00e9liminant pr\u00e9jug\u00e9s et discriminations.<\/p>\n<p data-end=\"2805\" data-start=\"2553\">Le discours sur la migration est devenu toxique, diviseur, et un terreau fertile pour les partis d\u2019extr\u00eame droite et les mouvements ultranationalistes, qui d\u00e9pendent de ce sujet pour exister, mettant ainsi en danger la stabilit\u00e9 de nombreuses soci\u00e9t\u00e9s.<\/p>\n<p data-end=\"3060\" data-start=\"2807\">Enfin, il serait illusoire de croire que la migration, surtout celle que certains pays consid\u00e8rent comme mena\u00e7ante, peut \u00eatre arr\u00eat\u00e9e uniquement par des lois ou des contr\u00f4les aux fronti\u00e8res renforc\u00e9s, sans s\u2019attaquer courageusement aux causes profondes.<\/p>\n<p data-end=\"3408\" data-start=\"3062\">L\u2019accord \u00ab un migrant renvoy\u00e9, un migrant accept\u00e9 \u00bb conclu entre le Royaume-Uni et la France lors de la visite du pr\u00e9sident Macron vise \u00e0 dissuader les tentatives de travers\u00e9e de la Manche en petits bateaux. Le plan pr\u00e9voit que pour chaque migrant renvoy\u00e9 en France, un autre ayant de solides raisons d\u2019obtenir l\u2019asile au Royaume-Uni sera autoris\u00e9 \u00e0 venir.<\/p>\n<p data-end=\"3781\" data-start=\"3410\">\u00c0 ce stade, on ignore combien de personnes seront r\u00e9ellement renvoy\u00e9es. Et bien que ceux renvoy\u00e9s ne pourront pas demander l\u2019asile au Royaume-Uni, on peut se demander \u00e0 quel point ce plan est dissuasif. Lorsque plus de d\u00e9tails seront connus, il sera possible d\u2019\u00e9valuer si le nombre de renvois justifie le co\u00fbt et si ce dispositif pourra \u00eatre \u00e9tendu apr\u00e8s la phase pilote.<\/p>\n<p data-end=\"4127\" data-start=\"3783\">Mais cela ne s\u2019attaque pas efficacement aux passeurs qui exploitent la d\u00e9tresse des migrants pr\u00eats \u00e0 payer des sommes exorbitantes et risquer leur vie pour un avenir meilleur. M\u00eame en poursuivant les passeurs, la travers\u00e9e des petits bateaux ne cessera pas, car c\u2019est une activit\u00e9 tr\u00e8s lucrative, attirant toujours des personnes sans scrupules.<\/p>\n<p data-end=\"4572\" data-start=\"4129\">Une analyse rapide des nationalit\u00e9s des migrants ayant tent\u00e9 la travers\u00e9e entre 2018 et 2024 montre que 70 % d\u2019entre eux viennent de pays comme l\u2019Iran, l\u2019Afghanistan, l\u2019Irak, l\u2019Albanie, la Syrie et l\u2019\u00c9rythr\u00e9e. Combattre les r\u00e9seaux criminels est n\u00e9cessaire, mais ne peut apporter que des r\u00e9ponses limit\u00e9es, car la demande existe et m\u00eame des contr\u00f4les aux fronti\u00e8res renforc\u00e9s et une coop\u00e9ration internationale ne peuvent totalement la bloquer.<\/p>\n<blockquote data-end=\"4753\" data-start=\"4574\">\n<p data-end=\"4753\" data-start=\"4576\">Le discours sur la migration est devenu toxique, diviseur, et un terreau fertile pour les partis d\u2019extr\u00eame droite et les mouvements ultranationalistes.<\/p>\n<p data-end=\"4753\" data-start=\"4576\">\u00a0 \u00a0 \u00a0 \u00a0 \u00a0 \u00a0 \u00a0 \u00a0 \u00a0 \u00a0 \u00a0 \u00a0 \u00a0 \u00a0 \u00a0 \u00a0 \u00a0 \u00a0 \u00a0 \u00a0 \u00a0 \u00a0 \u00a0 \u00a0 \u00a0 \u00a0 Yossi Mekelberg<\/p>\n<\/blockquote>\n<p data-end=\"5119\" data-start=\"4755\">Il faut aller au-del\u00e0 de la coop\u00e9ration internationale visant \u00e0 stopper la migration irr\u00e9guli\u00e8re une fois que les migrants sont en route, ou \u00e0 les renvoyer \u00e0 leur arriv\u00e9e. Il est essentiel d\u2019\u00e9laborer une politique migratoire int\u00e9gr\u00e9e, favorisant des voies s\u00fbres et ordonn\u00e9es, et mettant en place des canaux l\u00e9gaux r\u00e9pondant \u00e0 la demande et aux besoins migratoires.<\/p>\n<p data-end=\"5588\" data-start=\"5121\">Mais surtout, le d\u00e9fi \u2014 et le bilan actuel de la communaut\u00e9 internationale n\u2019est pas encourageant \u2014 est de r\u00e9soudre les probl\u00e8mes politiques, \u00e9conomiques, sociaux et environnementaux qui poussent les gens \u00e0 fuir leur pays, temporairement ou d\u00e9finitivement. Tant que l\u2019instabilit\u00e9 politique, les conflits, la violence, la r\u00e9pression et la corruption r\u00e8gnent, et que les opportunit\u00e9s d\u2019emploi et l\u2019acc\u00e8s aux besoins fondamentaux manquent, les gens chercheront \u00e0 partir.<\/p>\n<p data-end=\"5834\" data-start=\"5590\">Un enjeu croissant li\u00e9 \u00e0 la migration est l\u2019aggravation des effets du changement climatique. Le d\u00e9ni collectif de cette menace existentielle pour l\u2019humanit\u00e9 entra\u00eenera davantage de personnes cherchant \u00e0 fuir des conditions climatiques hostiles.<\/p>\n<p data-end=\"6220\" data-start=\"5836\">Des programmes comme \u00ab un migrant renvoy\u00e9, un migrant accept\u00e9 \u00bb, aussi positifs soient-ils, restent insuffisants. Seule une approche globale qui reconna\u00eet la n\u00e9cessit\u00e9 de la migration en UE, qui r\u00e9pond aux motivations l\u00e9gales et ill\u00e9gales des migrants, et surtout, qui am\u00e9liore substantiellement les conditions dans les pays d\u2019origine, pourra r\u00e9guler la migration au b\u00e9n\u00e9fice de tous.<\/p>\n<p data-end=\"6220\" data-start=\"5836\">Yossi Mekelberg est professeur de relations internationales et membre associ\u00e9 du programme Mena \u00e0 Chatham House. X: @YMekelberg<\/p>\n<p>NDLR: L\u2019opinion exprim\u00e9e dans cette page est propre \u00e0 l\u2019auteur et ne refl\u00e8te pas n\u00e9cessairement celle d\u2019Arab News en fran\u00e7ais.<\/p>\n<p>Ce texte est la traduction d\u2019un article paru sur Arabnews.com<\/p>\n","protected":false},"excerpt":{"rendered":"Deux visites \u00e0 Londres en deux semaines ce mois-ci, d\u2019abord celle du pr\u00e9sident fran\u00e7ais Emmanuel Macron, puis celle&hellip;\n","protected":false},"author":2,"featured_media":283696,"comment_status":"","ping_status":"","sticky":false,"template":"","format":"standard","meta":{"footnotes":""},"categories":[1588],"tags":[11,1777,674,12,473,1853,1851,1850,1852],"class_list":{"0":"post-283695","1":"post","2":"type-post","3":"status-publish","4":"format-standard","5":"has-post-thumbnail","7":"category-royaume-uni","8":"tag-actualites","9":"tag-eu","10":"tag-europe","11":"tag-news","12":"tag-royaume-uni","13":"tag-royaume-uni-de-grande-bretagne-et-dirlande-du-nord","14":"tag-uk","15":"tag-united-kingdom","16":"tag-united-kingdom-of-great-britain-and-northern-ireland"},"share_on_mastodon":{"url":"https:\/\/pubeurope.com\/@fr\/114940851445395868","error":""},"_links":{"self":[{"href":"https:\/\/www.europesays.com\/fr\/wp-json\/wp\/v2\/posts\/283695","targetHints":{"allow":["GET"]}}],"collection":[{"href":"https:\/\/www.europesays.com\/fr\/wp-json\/wp\/v2\/posts"}],"about":[{"href":"https:\/\/www.europesays.com\/fr\/wp-json\/wp\/v2\/types\/post"}],"author":[{"embeddable":true,"href":"https:\/\/www.europesays.com\/fr\/wp-json\/wp\/v2\/users\/2"}],"replies":[{"embeddable":true,"href":"https:\/\/www.europesays.com\/fr\/wp-json\/wp\/v2\/comments?post=283695"}],"version-history":[{"count":0,"href":"https:\/\/www.europesays.com\/fr\/wp-json\/wp\/v2\/posts\/283695\/revisions"}],"wp:featuredmedia":[{"embeddable":true,"href":"https:\/\/www.europesays.com\/fr\/wp-json\/wp\/v2\/media\/283696"}],"wp:attachment":[{"href":"https:\/\/www.europesays.com\/fr\/wp-json\/wp\/v2\/media?parent=283695"}],"wp:term":[{"taxonomy":"category","embeddable":true,"href":"https:\/\/www.europesays.com\/fr\/wp-json\/wp\/v2\/categories?post=283695"},{"taxonomy":"post_tag","embeddable":true,"href":"https:\/\/www.europesays.com\/fr\/wp-json\/wp\/v2\/tags?post=283695"}],"curies":[{"name":"wp","href":"https:\/\/api.w.org\/{rel}","templated":true}]}}