{"id":283699,"date":"2025-07-30T06:50:11","date_gmt":"2025-07-30T06:50:11","guid":{"rendered":"https:\/\/www.europesays.com\/fr\/283699\/"},"modified":"2025-07-30T06:50:11","modified_gmt":"2025-07-30T06:50:11","slug":"secheresse-des-records-pour-un-debut-juillet-en-europe-et-sur-le-pourtour-mediterraneen","status":"publish","type":"post","link":"https:\/\/www.europesays.com\/fr\/283699\/","title":{"rendered":"S\u00e9cheresse\u00a0: des records pour un d\u00e9but juillet en Europe et sur le pourtour m\u00e9diterran\u00e9en"},"content":{"rendered":"<p class=\"paragraph text_align_left lp-f-body-02\">Plus de la moiti\u00e9 (52 %) des sols en Europe et sur le pourtour m\u00e9diterran\u00e9en \u00e9taient affect\u00e9s par la s\u00e9cheresse au d\u00e9but du mois de juillet, selon une analyse par l\u2019AFP des derni\u00e8res donn\u00e9es de l\u2019Observatoire europ\u00e9en de la s\u00e9cheresse (EDO).<\/p>\n<p class=\"paragraph text_align_left lp-f-body-02\">C\u2019est le taux le plus \u00e9lev\u00e9 enregistr\u00e9 pour la p\u00e9riode du 1er au 10 juillet depuis le d\u00e9but des observations en 2012. Il est sup\u00e9rieur de 21 points de pourcentage \u00e0 la moyenne 2012-2024. Toutefois, le niveau de <a href=\"https:\/\/www.leparisien.fr\/environnement\/climat\/montee-des-eaux-secheresse-et-canicule-75-des-sites-classes-a-lunesco-menaces-par-le-dereglement-climatique-23-07-2025-OYD34I5S3BFCPISK33AWY5PKTU.php\" target=\"_self\" rel=\"noopener\">s\u00e9cheresse <\/a>a l\u00e9g\u00e8rement baiss\u00e9 par rapport \u00e0 la derni\u00e8re dizaine de juin, o\u00f9 le record absolu avait \u00e9t\u00e9 atteint avec 55,5 % de l\u2019Europe et des c\u00f4tes m\u00e9diterran\u00e9ennes touch\u00e9s.<\/p>\n<p class=\"paragraph text_align_left lp-f-body-02\">L\u2019indicateur de s\u00e9cheresse de l\u2019observatoire du programme europ\u00e9en Copernicus, bas\u00e9 sur des observations satellitaires, combine trois param\u00e8tres : pr\u00e9cipitations, humidit\u00e9 des sols et \u00e9tat de la <a href=\"https:\/\/www.leparisien.fr\/bas-rhin-67\/canicule-a-strasbourg-jusqua-20-000-euros-de-prime-pour-aider-les-particuliers-a-vegetaliser-leurs-exterieurs-26-07-2025-JNIYK3HPIRCZDGWDBSHWJ2CAEQ.php\" target=\"_self\" rel=\"noopener\">v\u00e9g\u00e9tation<\/a>. Il se d\u00e9compose en trois niveaux de s\u00e9cheresse (surveillance, avertissement, alerte).<\/p>\n<p>L\u2019Europe de l\u2019Est la plus touch\u00e9e<\/p>\n<p class=\"paragraph text_align_left lp-f-body-02\">Au Kosovo, en Serbie et en Bulgarie, pr\u00e8s de 100 % des sols sont affect\u00e9s par la s\u00e9cheresse et plus d\u2019un tiers sont en alerte. Les coupures d\u2019eau touchaient ainsi plus de 156 000 personnes en Bulgarie mi-juillet, cette <a href=\"https:\/\/www.leparisien.fr\/environnement\/on-ne-pourra-pas-se-tourner-vers-une-deuxieme-planete-en-2025-le-jour-du-depassement-arrive-encore-plus-tot-24-07-2025-5UAFBF6MHJDHNFCHGPDOMD37RE.php\" target=\"_self\" rel=\"noopener\">ressource <\/a>se faisant de plus en plus rare chaque ann\u00e9e. Et en Hongrie, pr\u00e8s de la moiti\u00e9 du territoire est en alerte d\u00e9but juillet (47 %), une nette aggravation par rapport \u00e0 fin juin (21 %).<\/p>\n<p class=\"title-embed-dailymotion lp-color-text lp-f-subtitle-04\">Vid\u00e9o\u00ab C&rsquo;est impossible de dormir \u00bb : une nuit de canicule avec les Parisiens<\/p>\n<p class=\"paragraph text_align_left lp-f-body-02\">Tous niveaux confondus, la s\u00e9cheresse est \u00e9galement prononc\u00e9e \u00e0 l\u2019est de la M\u00e9diterran\u00e9e, notamment en Arm\u00e9nie (95 %). En <a href=\"https:\/\/www.leparisien.fr\/international\/incendies-en-grece-et-en-turquie-des-feux-titanesques-font-plusieurs-morts-et-des-milliers-devacues-28-07-2025-JIIY6DYUIRDX5LWLLHW6SBEOV4.php\" target=\"_self\" rel=\"noopener\">Turquie <\/a>(77 %), la situation, coupl\u00e9e \u00e0 des vents violents, a donn\u00e9 lieu \u00e0 des centaines d\u2019incendies. La moiti\u00e9 de la Syrie est aussi affect\u00e9e par une s\u00e9cheresse qui menace la r\u00e9colte de bl\u00e9 et place plus de millions d\u2019habitants en danger d\u2019ins\u00e9curit\u00e9 alimentaire cette ann\u00e9e, selon l\u2019ONU.<\/p>\n<p>L\u2019Espagne et le Portugal pr\u00e9serv\u00e9s<\/p>\n<p class=\"paragraph text_align_left lp-f-body-02\">En <a href=\"https:\/\/www.leparisien.fr\/economie\/droits-de-douane-quatre-questions-autour-de-laccord-europe-etats-unis-28-07-2025-U2GUOFS4X5FDRGVHCNU2PIPW5A.php\" target=\"_self\" rel=\"noopener\">Europe <\/a>de l\u2019Ouest, la situation est plus contrast\u00e9e. Au Royaume-Uni, 1 8 % des sols sont en situation d\u2019alerte, en hausse de plus de 6 points par rapport \u00e0 fin juin. La France aussi est concern\u00e9e avec 12 % de son territoire en alerte, essentiellement dans l\u2019Ouest. Au total, les deux tiers des sols fran\u00e7ais sont touch\u00e9s par la s\u00e9cheresse.<\/p>\n<p class=\"paragraph text_align_left lp-f-body-02\">\u00c0 l\u2019inverse, l\u2019Espagne et le Portugal restent relativement pr\u00e9serv\u00e9s avec des taux de <a href=\"https:\/\/www.leparisien.fr\/pyrenees-orientales-66\/la-foret-est-capable-de-se-regenerer-la-reserve-naturelle-de-la-foret-de-la-massane-reverdit-apres-la-secheresse-25-07-2025-XI5KI7RS3NCLXG5VBRTIWL5MHE.php\" target=\"_self\" rel=\"noopener\">s\u00e9cheresse <\/a>tr\u00e8s faibles 6 % et 1 %).<\/p>\n","protected":false},"excerpt":{"rendered":"Plus de la moiti\u00e9 (52 %) des sols en Europe et sur le pourtour m\u00e9diterran\u00e9en \u00e9taient affect\u00e9s par&hellip;\n","protected":false},"author":2,"featured_media":283700,"comment_status":"","ping_status":"","sticky":false,"template":"","format":"standard","meta":{"footnotes":""},"categories":[1586],"tags":[11,1129,436,1777,674,1011,27,12,25],"class_list":{"0":"post-283699","1":"post","2":"type-post","3":"status-publish","4":"format-standard","5":"has-post-thumbnail","7":"category-europe","8":"tag-actualites","9":"tag-climat","10":"tag-environnement","11":"tag-eu","12":"tag-europe","13":"tag-fr","14":"tag-france","15":"tag-news","16":"tag-republique-francaise"},"share_on_mastodon":{"url":"https:\/\/pubeurope.com\/@fr\/114940859166262566","error":""},"_links":{"self":[{"href":"https:\/\/www.europesays.com\/fr\/wp-json\/wp\/v2\/posts\/283699","targetHints":{"allow":["GET"]}}],"collection":[{"href":"https:\/\/www.europesays.com\/fr\/wp-json\/wp\/v2\/posts"}],"about":[{"href":"https:\/\/www.europesays.com\/fr\/wp-json\/wp\/v2\/types\/post"}],"author":[{"embeddable":true,"href":"https:\/\/www.europesays.com\/fr\/wp-json\/wp\/v2\/users\/2"}],"replies":[{"embeddable":true,"href":"https:\/\/www.europesays.com\/fr\/wp-json\/wp\/v2\/comments?post=283699"}],"version-history":[{"count":0,"href":"https:\/\/www.europesays.com\/fr\/wp-json\/wp\/v2\/posts\/283699\/revisions"}],"wp:featuredmedia":[{"embeddable":true,"href":"https:\/\/www.europesays.com\/fr\/wp-json\/wp\/v2\/media\/283700"}],"wp:attachment":[{"href":"https:\/\/www.europesays.com\/fr\/wp-json\/wp\/v2\/media?parent=283699"}],"wp:term":[{"taxonomy":"category","embeddable":true,"href":"https:\/\/www.europesays.com\/fr\/wp-json\/wp\/v2\/categories?post=283699"},{"taxonomy":"post_tag","embeddable":true,"href":"https:\/\/www.europesays.com\/fr\/wp-json\/wp\/v2\/tags?post=283699"}],"curies":[{"name":"wp","href":"https:\/\/api.w.org\/{rel}","templated":true}]}}