{"id":283707,"date":"2025-07-30T06:54:12","date_gmt":"2025-07-30T06:54:12","guid":{"rendered":"https:\/\/www.europesays.com\/fr\/283707\/"},"modified":"2025-07-30T06:54:12","modified_gmt":"2025-07-30T06:54:12","slug":"la-france-a-connu-une-nette-progression-des-extinctions-nocturnes-de-leclairage-public-entre-2014-et-2024","status":"publish","type":"post","link":"https:\/\/www.europesays.com\/fr\/283707\/","title":{"rendered":"La France a connu une nette progression des extinctions nocturnes de l&rsquo;\u00e9clairage public entre 2014 et 2024"},"content":{"rendered":"<p>Sur les 19.262 communes analys\u00e9es par imagerie satellite, 62% pratiquent une \u00ab\u00a0extinction totale en c\u0153ur de nuit\u00a0\u00bb. Et sur l&rsquo;ensemble de l&rsquo;Hexagone (34.900 communes environ), cela concerne d\u00e9sormais 35% des communes.\u00a0\u00a0<\/p>\n<p>Selon l&rsquo;\u00e9tude, \u00ab\u00a030% des extinctions totales ont \u00e9t\u00e9 mises en place au moment de la crise \u00e9nerg\u00e9tique de septembre \u00e0 d\u00e9cembre 2022\u00a0\u00bb.<\/p>\n<p>\u00ab\u00a0Il y a eu un gros pic d&rsquo;extinction \u00e0 l&rsquo;hiver 2022 suite \u00e0 la guerre en Ukraine. Depuis, \u00e7a s&rsquo;est un petit peu tass\u00e9\u00a0\u00bb, observe Emma Bousquet Borrut, responsable d&rsquo;\u00e9tudes observation satellitaire au Cerema d&rsquo;Occitanie.\u00a0\u00a0<\/p>\n<p>\u00ab\u00a0Les mises en place d&rsquo;extinctions sont plut\u00f4t constantes, et s&rsquo;ajoutent dans le temps, ce qui explique pourquoi la France est de moins en moins \u00e9clair\u00e9e\u00a0\u00bb, ajoute-t-elle.\u00a0\u00a0<\/p>\n<p>Certaines r\u00e9gions, comme la Bretagne, ont un \u00e9clairage historiquement faible. D&rsquo;autres, comme l&rsquo;Auvergne-Rh\u00f4ne-Alpes, l&rsquo;\u00cele-de-France, l&rsquo;Occitanie ou la r\u00e9gion Paca, concentrent la majorit\u00e9 des extinctions r\u00e9centes, dans un objectif clair de r\u00e9duction des co\u00fbts.<\/p>\n<p>L&rsquo;enqu\u00eate annuelle, men\u00e9e collectivement par l&rsquo;Association Fran\u00e7aise de l&rsquo;\u00c9clairage et le Cerema, souligne que l&rsquo;\u00e9clairage public ne repr\u00e9sente plus que 0,54% de la consommation \u00e9lectrique en 2024.<\/p>\n<p>Une baisse qui contribue \u00e0 la diminution globale de la consommation d&rsquo;\u00e9lectricit\u00e9 en France (-3,2% en 2023) et \u00e0 la r\u00e9duction des \u00e9missions de carbone li\u00e9es \u00e0 l&rsquo;\u00e9clairage public, pr\u00e9cise l&rsquo;enqu\u00eate.\u00a0<\/p>\n<p>\u00ab\u00a0Certains habitants associent le manque d&rsquo;\u00e9clairage \u00e0 l&rsquo;ins\u00e9curit\u00e9\u00a0\u00bb<\/p>\n<p>Une \u00e9conomie d&rsquo;\u00e9nergie qui r\u00e9sulterait \u00e0 la fois des \u00ab\u00a0r\u00e9novations d&rsquo;ampleur des parcs d&rsquo;\u00e9clairage\u00a0\u00bb et des \u00ab\u00a0extinctions nocturnes qui se sont d\u00e9multipli\u00e9es\u00a0\u00bb.<\/p>\n<p>L&rsquo;utilisation massive de LED, qui repr\u00e9sente aujourd&rsquo;hui 40% du parc national, cens\u00e9es r\u00e9duire la consommation \u00e9nerg\u00e9tique, pose n\u00e9anmoins question.\u00a0\u00a0<\/p>\n<p>\u00ab\u00a0La lumi\u00e8re bleue des LED perturbe fortement la biodiversit\u00e9\u00a0\u00bb souligne Mme Bousquet Borrut, \u00e9voquant l&rsquo;arriv\u00e9e plus r\u00e9cente de LED \u00ab\u00a0chaudes\u00a0\u00bb, moins nocives mais plus on\u00e9reuses.<\/p>\n<p>Malgr\u00e9 ce mouvement d&rsquo;extinctions, elle note cependant que \u00ab\u00a0de plus en plus de communes r\u00e9fl\u00e9chissent \u00e0 rallumer\u00a0\u00bb.\u00a0<\/p>\n<p>\u00ab\u00a0Certains habitants associent le manque d&rsquo;\u00e9clairage \u00e0 l&rsquo;ins\u00e9curit\u00e9. Cependant, il n&rsquo;y a pas de consensus sur le lien entre ins\u00e9curit\u00e9 et \u00e9clairage, mais des \u00e9tudes sont en cours\u00a0\u00bb, pr\u00e9cise-t-elle.<\/p>\n<p>Cette tendance au rallumage \u00ab\u00a0est inqui\u00e9tante car le sujet de l&rsquo;\u00e9clairage doit traiter dans son ensemble l&rsquo;\u00e9nergie, la s\u00e9curit\u00e9, la biodiversit\u00e9, et la sant\u00e9 humaine.\u00a0\u00bb\u00a0<\/p>\n<p>Enfin, le Cerema pr\u00e9cise que \u00ab\u00a0par satellite, on ne distingue pas l&rsquo;\u00e9clairage public de l&rsquo;\u00e9clairage priv\u00e9; or les collectivit\u00e9s font beaucoup plus d&rsquo;efforts de sobri\u00e9t\u00e9 que les usines, commerces, ou restaurants, qui sont souvent excessivement \u00e9clair\u00e9s, parfois durant toute la nuit.\u00a0\u00bb<\/p>\n","protected":false},"excerpt":{"rendered":"Sur les 19.262 communes analys\u00e9es par imagerie satellite, 62% pratiquent une \u00ab\u00a0extinction totale en c\u0153ur de nuit\u00a0\u00bb. Et&hellip;\n","protected":false},"author":2,"featured_media":283708,"comment_status":"","ping_status":"","sticky":false,"template":"","format":"standard","meta":{"footnotes":""},"categories":[4],"tags":[11,893,1011,27,12,25],"class_list":{"0":"post-283707","1":"post","2":"type-post","3":"status-publish","4":"format-standard","5":"has-post-thumbnail","7":"category-france","8":"tag-actualites","9":"tag-energie","10":"tag-fr","11":"tag-france","12":"tag-news","13":"tag-republique-francaise"},"share_on_mastodon":{"url":"https:\/\/pubeurope.com\/@fr\/114940874881827188","error":""},"_links":{"self":[{"href":"https:\/\/www.europesays.com\/fr\/wp-json\/wp\/v2\/posts\/283707","targetHints":{"allow":["GET"]}}],"collection":[{"href":"https:\/\/www.europesays.com\/fr\/wp-json\/wp\/v2\/posts"}],"about":[{"href":"https:\/\/www.europesays.com\/fr\/wp-json\/wp\/v2\/types\/post"}],"author":[{"embeddable":true,"href":"https:\/\/www.europesays.com\/fr\/wp-json\/wp\/v2\/users\/2"}],"replies":[{"embeddable":true,"href":"https:\/\/www.europesays.com\/fr\/wp-json\/wp\/v2\/comments?post=283707"}],"version-history":[{"count":0,"href":"https:\/\/www.europesays.com\/fr\/wp-json\/wp\/v2\/posts\/283707\/revisions"}],"wp:featuredmedia":[{"embeddable":true,"href":"https:\/\/www.europesays.com\/fr\/wp-json\/wp\/v2\/media\/283708"}],"wp:attachment":[{"href":"https:\/\/www.europesays.com\/fr\/wp-json\/wp\/v2\/media?parent=283707"}],"wp:term":[{"taxonomy":"category","embeddable":true,"href":"https:\/\/www.europesays.com\/fr\/wp-json\/wp\/v2\/categories?post=283707"},{"taxonomy":"post_tag","embeddable":true,"href":"https:\/\/www.europesays.com\/fr\/wp-json\/wp\/v2\/tags?post=283707"}],"curies":[{"name":"wp","href":"https:\/\/api.w.org\/{rel}","templated":true}]}}