{"id":283709,"date":"2025-07-30T06:55:15","date_gmt":"2025-07-30T06:55:15","guid":{"rendered":"https:\/\/www.europesays.com\/fr\/283709\/"},"modified":"2025-07-30T06:55:15","modified_gmt":"2025-07-30T06:55:15","slug":"si-on-etait-cote-en-bourse-on-serait-tous-millionnaires-lexplosion-du-golf-sauve-les-clubs-des-caprices-de-dame-nature","status":"publish","type":"post","link":"https:\/\/www.europesays.com\/fr\/283709\/","title":{"rendered":"\u00abSi on \u00e9tait cot\u00e9 en bourse, on serait tous millionnaires\u00bb: l\u2019explosion du golf sauve les clubs des caprices de Dame Nature"},"content":{"rendered":"<p><strong>Le tourisme int\u00e9rieur et l\u2019engouement grandissant pour le golf \u00absauvent\u00bb la saison au Qu\u00e9bec apr\u00e8s un printemps ex\u00e9crable, selon plusieurs directeurs g\u00e9n\u00e9raux de clubs de la province.<\/strong><\/p>\n<p>La saison 2025 n\u2019aurait pas pu commencer de pire mani\u00e8re, alors que les caprices de Dame Nature ont compl\u00e8tement g\u00e2ch\u00e9 l\u2019ouverture des verts.<\/p>\n<p>Le pr\u00e9sident de l\u2019Association des clubs de golf du Qu\u00e9bec (ACGQ), Martin Ducharme, n\u2019avait pas m\u00e2ch\u00e9 ses mots en entrevue en juin dernier. Il avait qualifi\u00e9 les mois d\u2019avril et de mai de \u00abcatastrophe\u00bb. Alors tr\u00e8s pessimiste quant aux r\u00e9sultats de l\u2019ann\u00e9e en cours, il s\u2019est depuis ravis\u00e9.<\/p>\n<p>\u00abC\u2019est un virage complet en juin et juillet. Vraiment, je n\u2019y croyais pas, mais les clubs ont majoritairement r\u00e9ussi \u00e0 rattraper le retard qu\u2019ils avaient accumul\u00e9 au printemps\u00bb, constate-t-il.<\/p>\n<p>Le directeur g\u00e9n\u00e9ral du Club de golf Bel\u0153il, Benoit Laroche, n\u2019est pas surpris de voir que l\u2019industrie a r\u00e9ussi \u00e0 renflouer les coffres malgr\u00e9 une ouverture tomb\u00e9e litt\u00e9ralement \u00e0 l\u2019eau.<\/p>\n<p>\u0152uvrant dans le milieu depuis 20 ans, il peine \u00e0 croire au retournement de situation qu\u2019on observe dans le golf qu\u00e9b\u00e9cois en g\u00e9n\u00e9ral depuis la pand\u00e9mie.<\/p>\n<p>\u00abC\u2019est le jour et la nuit. On voyait une industrie qui n\u2019allait un peu nulle part et qui avait de la difficult\u00e9 \u00e0 attirer des joueurs et du jour au lendemain, \u00e7\u2019a compl\u00e8tement explos\u00e9. Si [les clubs de golf \u00e9taient] cot\u00e9s en Bourse, on serait tous millionnaires pr\u00e9sentement\u00bb, image-t-il.<\/p>\n<p>  <strong>Rest\u00e9s au Qu\u00e9bec<\/strong><\/p>\n<p>D\u2019apr\u00e8s les \u00e9chos qui sont parvenus aux oreilles du pr\u00e9sident de l\u2019ACGQ, le fait que les Qu\u00e9b\u00e9cois boudent les \u00c9tats-Unis pour leurs vacances joue un r\u00f4le majeur sur les verts, particuli\u00e8rement dans les clubs publics.<\/p>\n<p>\u00abLes dollars vacances sont d\u00e9pens\u00e9s dans nos r\u00e9gions. On observe une augmentation marqu\u00e9e dans l\u2019int\u00e9r\u00eat pour les forfaits repas et golf dans nos clubs\u00bb, fait valoir M. Ducharme.<\/p>\n<p>  <strong>Records de fermetures en raison de la pluie<\/strong><\/p>\n<p>La seule part d\u2019ombre au tableau: dans bien des r\u00e9gions, des clubs de golf ont d\u00e9j\u00e0 battu des records annuels du nombre de journ\u00e9es de fermeture en raison de pluies diluviennes.<\/p>\n<p>\u00abIl y a eu d\u2019importantes pr\u00e9cipitations, particuli\u00e8rement dans la r\u00e9gion de Qu\u00e9bec, au Saguenay\u2013Lac-Saint-Jean et \u00e9galement en Mont\u00e9r\u00e9gie\u00bb, pr\u00e9cise Martin Ducharme.<\/p>\n<p>Le Club de golf de L\u00e9vis a d\u00e9j\u00e0 d\u00fb s\u2019avouer vaincu face aux intemp\u00e9ries \u00e0 10 occasions cette ann\u00e9e: un record absolu.<\/p>\n<p>                <a class=\"fancybox\" rel=\"group nofollow noopener\" href=\"https:\/\/m1.quebecormedia.com\/emp\/emp\/14807_0427459866be7f-04a3-449e-869c-7a58c614d0cf_ORIGINAL.jpg?impolicy=crop-resize&amp;x=0&amp;y=0&amp;w=3000&amp;h=2239&amp;width=1400\" target=\"_blank\"><\/p>\n<p>                  <img decoding=\"async\"  src=\"https:\/\/www.europesays.com\/fr\/wp-content\/uploads\/2025\/07\/14807_0427459866be7f-04a3-449e-869c-7a58c614d0cf_ORIGINAL.jpg\" class=\"story-img\" alt=\"Le directeur g\u00e9n\u00e9ral du Club de golf de L\u00e9vis, Serge Boucher.\"\/><br \/>\n                <\/a><\/p>\n<p>                    Le directeur g\u00e9n\u00e9ral du Club de golf de L\u00e9vis, Serge Boucher.<\/p>\n<p>                    Photo Stevens LeBlanc<\/p>\n<p>\u00abOn n\u2019a jamais vu \u00e7a des 50-60 millim\u00e8tres tomb\u00e9s en une heure. Le terrain ne peut pas absorber tout \u00e7a rapidement. Il va falloir trouver des solutions parce que \u00e7a va continuer dans les prochaines ann\u00e9es\u00bb, fait valoir le directeur g\u00e9n\u00e9ral du Club de golf de L\u00e9vis, Serge Boucher.<\/p>\n<p>Aux yeux de Martin Ducharme, le \u00abnerf de la guerre\u00bb pour l\u2019avenir du golf au Qu\u00e9bec sera de s\u2019adapter aux changements climatiques en am\u00e9liorant les syst\u00e8mes de drainage.<\/p>\n<p>\u00abOn a du personnel qualifi\u00e9 qui travaille tr\u00e8s fort pour rendre les terrains praticables, mais ils ne font pas de miracles. Les surintendants vont s\u2019habituer aux nouvelles r\u00e9alit\u00e9s et r\u00e9agir en cons\u00e9quence.\u00bb<\/p>\n<p><strong>Vous avez des informations \u00e0 nous communiquer \u00e0 propos de cette histoire?<\/strong><\/p>\n<p>\u00c9crivez-nous \u00e0 l&rsquo;adresse <a class=\"mail\" id=\"scoopEmail\" href=\"\" target=\"_blank\"\/> ou appelez-nous directement au <a class=\"tel\" href=\"https:\/\/www.journaldequebec.com\/2025\/07\/30\/tel:18006372667\" rel=\"nofollow noopener\" target=\"_blank\">1 800-63SCOOP<\/a>.<\/p>\n","protected":false},"excerpt":{"rendered":"Le tourisme int\u00e9rieur et l\u2019engouement grandissant pour le golf \u00absauvent\u00bb la saison au Qu\u00e9bec apr\u00e8s un printemps ex\u00e9crable,&hellip;\n","protected":false},"author":2,"featured_media":283710,"comment_status":"","ping_status":"","sticky":false,"template":"","format":"standard","meta":{"footnotes":""},"categories":[1418],"tags":[1011,27,1472,60],"class_list":{"0":"post-283709","1":"post","2":"type-post","3":"status-publish","4":"format-standard","5":"has-post-thumbnail","7":"category-golf","8":"tag-fr","9":"tag-france","10":"tag-golf","11":"tag-sports"},"share_on_mastodon":{"url":"https:\/\/pubeurope.com\/@fr\/114940878732309763","error":""},"_links":{"self":[{"href":"https:\/\/www.europesays.com\/fr\/wp-json\/wp\/v2\/posts\/283709","targetHints":{"allow":["GET"]}}],"collection":[{"href":"https:\/\/www.europesays.com\/fr\/wp-json\/wp\/v2\/posts"}],"about":[{"href":"https:\/\/www.europesays.com\/fr\/wp-json\/wp\/v2\/types\/post"}],"author":[{"embeddable":true,"href":"https:\/\/www.europesays.com\/fr\/wp-json\/wp\/v2\/users\/2"}],"replies":[{"embeddable":true,"href":"https:\/\/www.europesays.com\/fr\/wp-json\/wp\/v2\/comments?post=283709"}],"version-history":[{"count":0,"href":"https:\/\/www.europesays.com\/fr\/wp-json\/wp\/v2\/posts\/283709\/revisions"}],"wp:featuredmedia":[{"embeddable":true,"href":"https:\/\/www.europesays.com\/fr\/wp-json\/wp\/v2\/media\/283710"}],"wp:attachment":[{"href":"https:\/\/www.europesays.com\/fr\/wp-json\/wp\/v2\/media?parent=283709"}],"wp:term":[{"taxonomy":"category","embeddable":true,"href":"https:\/\/www.europesays.com\/fr\/wp-json\/wp\/v2\/categories?post=283709"},{"taxonomy":"post_tag","embeddable":true,"href":"https:\/\/www.europesays.com\/fr\/wp-json\/wp\/v2\/tags?post=283709"}],"curies":[{"name":"wp","href":"https:\/\/api.w.org\/{rel}","templated":true}]}}