{"id":283711,"date":"2025-07-30T06:57:14","date_gmt":"2025-07-30T06:57:14","guid":{"rendered":"https:\/\/www.europesays.com\/fr\/283711\/"},"modified":"2025-07-30T06:57:14","modified_gmt":"2025-07-30T06:57:14","slug":"fer-de-lance-de-mola-une-legende-du-club-pourrait-partir-en-fin-de-saison","status":"publish","type":"post","link":"https:\/\/www.europesays.com\/fr\/283711\/","title":{"rendered":"fer de lance de Mola, une l\u00e9gende du club pourrait partir en fin de saison"},"content":{"rendered":"<p>S\u2019il n\u2019est pas le nom que l\u2019on ressort en premier en \u00e9voquant le grand Stade Toulousain, il en est incontestablement l\u2019un des ders de lance. Avec Thomas Ramos ou Fran\u00e7ois Cros, Pita Ahki est le seul joueur \u00e0 avoir disput\u00e9 toutes les finales jou\u00e9es par les Rouge et Noir depuis le premier sacre de cette g\u00e9n\u00e9ration en 2019.<\/p>\n<p>Ahki est en fin de contrat<\/p>\n<p>V\u00e9ritable roc, le Tongien apporte toute sa puissance et sa ma\u00eetrise \u00e0 la ligne de trois-quarts toulousaine. Mais a bient\u00f4t 33 ans, le centre voit la concurrence se faire plus pressante. Pour la premi\u00e8re fois la saison pass\u00e9e, il a d\u00e9but\u00e9 une finale sur le banc face \u00e0 l\u2019Union Bordeaux-B\u00e8gles. S\u2019il l\u2019a faite basculer dans les prolongations en grattant deux p\u00e9nalit\u00e9s d\u00e9cisives, Pita Ahki pourrait vivre ses derniers mois dans la Ville Rose.<\/p>\n<p>Le joueur arrive en effet en fin de contrat avec le Stade Toulousain. Si aucune d\u00e9cision n\u2019a encore \u00e9t\u00e9 act\u00e9e, tout porte \u00e0 croire que Pita Ahki va changer d\u2019air. <a href=\"https:\/\/www.rugbyrama.fr\/2025\/07\/27\/transfertstop-14-toulouse-thibaud-flament-et-juan-cruz-mallia-affaires-en-cours-12847261.php\" rel=\"nofollow noopener\" target=\"_blank\">Midi Olympique<\/a> pr\u00e9cise ainsi qu\u2019il ne devrait pas se voir offrir de prolongation, alors que Paul Costes et Dimitri Delibes montent en puissance, sans oublier l\u2019arriv\u00e9e de Teddy Thomas ou l\u2019explosion attendue de Kalvin Gourgues.<\/p>\n<p>Partagez cette info avec vos amis et vos proches en cliquant ici<br \/>Pour r\u00e9sumer<\/p>\n<p>Figure du cycle dor\u00e9 entam\u00e9 par le Stade Toulousain en 2019, un cadre pourrait quitter le club en fin de saison, \u00e0 l\u2019issue de son contrat. Pita Ahki arrive en fin de contrat avec les Rouge et Noir et ne devrait pas \u00eatre prolong\u00e9.<\/p>\n<p> <img decoding=\"async\" width=\"76\" height=\"76\" loading=\"lazy\" src=\"https:\/\/www.europesays.com\/fr\/wp-content\/uploads\/2025\/04\/avatar-quinze.png\" alt=\"Arnaud D\u00e9chelotte\"\/><\/p>\n","protected":false},"excerpt":{"rendered":"S\u2019il n\u2019est pas le nom que l\u2019on ressort en premier en \u00e9voquant le grand Stade Toulousain, il en&hellip;\n","protected":false},"author":2,"featured_media":283712,"comment_status":"","ping_status":"","sticky":false,"template":"","format":"standard","meta":{"footnotes":""},"categories":[1416],"tags":[1011,27,479,1468,60],"class_list":{"0":"post-283711","1":"post","2":"type-post","3":"status-publish","4":"format-standard","5":"has-post-thumbnail","7":"category-rugby","8":"tag-fr","9":"tag-france","10":"tag-rugby","11":"tag-rugby-football","12":"tag-sports"},"share_on_mastodon":{"url":"https:\/\/pubeurope.com\/@fr\/114940886691066430","error":""},"_links":{"self":[{"href":"https:\/\/www.europesays.com\/fr\/wp-json\/wp\/v2\/posts\/283711","targetHints":{"allow":["GET"]}}],"collection":[{"href":"https:\/\/www.europesays.com\/fr\/wp-json\/wp\/v2\/posts"}],"about":[{"href":"https:\/\/www.europesays.com\/fr\/wp-json\/wp\/v2\/types\/post"}],"author":[{"embeddable":true,"href":"https:\/\/www.europesays.com\/fr\/wp-json\/wp\/v2\/users\/2"}],"replies":[{"embeddable":true,"href":"https:\/\/www.europesays.com\/fr\/wp-json\/wp\/v2\/comments?post=283711"}],"version-history":[{"count":0,"href":"https:\/\/www.europesays.com\/fr\/wp-json\/wp\/v2\/posts\/283711\/revisions"}],"wp:featuredmedia":[{"embeddable":true,"href":"https:\/\/www.europesays.com\/fr\/wp-json\/wp\/v2\/media\/283712"}],"wp:attachment":[{"href":"https:\/\/www.europesays.com\/fr\/wp-json\/wp\/v2\/media?parent=283711"}],"wp:term":[{"taxonomy":"category","embeddable":true,"href":"https:\/\/www.europesays.com\/fr\/wp-json\/wp\/v2\/categories?post=283711"},{"taxonomy":"post_tag","embeddable":true,"href":"https:\/\/www.europesays.com\/fr\/wp-json\/wp\/v2\/tags?post=283711"}],"curies":[{"name":"wp","href":"https:\/\/api.w.org\/{rel}","templated":true}]}}