{"id":283713,"date":"2025-07-30T06:58:09","date_gmt":"2025-07-30T06:58:09","guid":{"rendered":"https:\/\/www.europesays.com\/fr\/283713\/"},"modified":"2025-07-30T06:58:09","modified_gmt":"2025-07-30T06:58:09","slug":"resultat-ann-li-anna-kalinskaya-wta-1000-open-du-canada-premier-tour-mardi-29-juillet-2025-lequipe","status":"publish","type":"post","link":"https:\/\/www.europesays.com\/fr\/283713\/","title":{"rendered":"R\u00e9sultat : Ann Li &#8211; Anna Kalinskaya, WTA 1000, Open du Canada, Premier tour, Mardi 29 juillet 2025 &#8211; L&#039;\u00c9quipe"},"content":{"rendered":"<ol>\n<li><a href=\"https:\/\/news.google.com\/rss\/articles\/CBMiwgFBVV95cUxPLVpEelNQQVBWVm4xTGlMMDhPU01CWmlpRW5XZE9meHh6cTlUQTZWX2lGaGJTWUphak5NQmRLeEZGYjBBZnZHQ0ZybzlSM1hMUmctSXIxWnRQMGE2U3VpcmR2U1FDeWpNa3hVSG8xU1R2MHk2dmswRzJlZFZhdVpPV2M0NHRMNnZiY1BXbFM3RG1UVXQzR09jbDY2V1R3bWM0MEEyMm1hQ1N4a19idmtkeFRvWHJpQnlURGUteXA4RXRJdw?oc=5\" target=\"_blank\" rel=\"nofollow noopener\">R\u00e9sultat : Ann Li &#8211; Anna Kalinskaya, WTA 1000, Open du Canada, Premier tour, Mardi 29 juillet 2025<\/a>&nbsp;&nbsp;L&rsquo;\u00c9quipe<\/li>\n<li><a href=\"https:\/\/news.google.com\/rss\/articles\/CBMixgFBVV95cUxOOWpQTW1sZDhuMVpEMzRQSmg1dXBkRWplLWJYVFY3Y0E5WVNfRERQNzFjRmVvMFFzVmlEa0FSVVQwdklsdVFRVUNSVnhnN3dLMC1BY281SUJtVkp5NEYwX0E1M0ZVUnJRZTB0dWZQNUJ2MWhrblJpX2h5VUNWd3NxWlJaQmRmTURjemk0LW81eE90eUJuR1lDRFdYd1ZUUk5UX21YYTh5VVhneW1GNy14YnZKWHBILTVlaUZHenJFdlFzZVV0LUE?oc=5\" target=\"_blank\" rel=\"nofollow noopener\">Alycia Parks &#8211; Caty McNally, WTA 1000, Open du Canada, Premier tour, Mardi 29 juillet 2025<\/a>&nbsp;&nbsp;L&rsquo;\u00c9quipe<\/li>\n<li><a href=\"https:\/\/news.google.com\/rss\/articles\/CBMihAFBVV95cUxObFhoOUd4VzdRTWI4TTBURGFiZUxFaGxSQVhqX204VC01QmJneTVtMTNBYTJ4UmJWX3JwQVhKcE9Ga2RSU3NiWG5PN3FKWHpGN1pFNDFkUVFDbmxha3V6WlBCQU1ldFAzTWFTLWNZSkF6ci05Rm52bjVyUUNRVWhlQ09fRUo?oc=5\" target=\"_blank\" rel=\"nofollow noopener\">D\u00e9but du 2e tour avec les entr\u00e9es en lice de Gauff, Rybakina, Paolini, Navarro et Andreeva : le programme du mardi 29 juillet \u00e0 Montr\u00e9al<\/a>&nbsp;&nbsp;Tennis Temple<\/li>\n<li><a href=\"https:\/\/news.google.com\/rss\/articles\/CBMizwFBVV95cUxNUjZLNGFLQzMtb0lMLWNERlJEX3Z4ZEdWbVRoa1RGN2J2SDJXa2NaSTZpU1FubVNHSU91ZXc4UDE3Ymc1cHNDc09nalpER2E2Y1pvZS1GUzRQYjIxc1JMSFl4Wi1iajIwYmZnRHlLVTM3OTJHSHc0T2U2UXdMUFhyZkRUaXA5aWc3X3dNTHZHSEljWjJ2TTFqZm1WcXBwZ0c2ZHNEMmg0ZlNfa2pKTTFiSHJtVWxMSDZHeGZCT1lKdVQ4WGdvWloyN05HY01qR0E?oc=5\" target=\"_blank\" rel=\"nofollow noopener\">Comment regarder Canadien Open 2025: Tennis en direct en ligne en ligne de n&rsquo;importe o\u00f9, graines, horaire<\/a>&nbsp;&nbsp;Technews.fr<\/li>\n<li><a href=\"https:\/\/news.google.com\/rss\/articles\/CBMiswFBVV95cUxNSnVqZlVZZ3poT0tpX044VEZWeWZQcEVteGRlanNGNUFJei1WWVB1cldVTVBIOFRkdTZ4M1lxdFgwVl80RkFXUzJFN1VGaGRZMjdIcHVCdEs0S2hhWFVaaTZFVktSN0w2WFU4Y0pCTExrN0ZFRnFNdE9mQWQ1SVBPQ01HbVhjZTQ4SXFneURGSUR1ZUdfa1lENjM4aDJnRzI4cGV4UEJiSlhoQXJRTURUVnlRZw?oc=5\" target=\"_blank\" rel=\"nofollow noopener\">Montr\u00e9al en bref : Fernandez et Mboko sont les \u00e9toiles canadiennes d\u2019un mardi bien rempli<\/a>&nbsp;&nbsp;Omnium Banque Nationale<\/li>\n<\/ol>\n","protected":false},"excerpt":{"rendered":"R\u00e9sultat : Ann Li &#8211; Anna Kalinskaya, WTA 1000, Open du Canada, Premier tour, Mardi 29 juillet 2025&nbsp;&nbsp;L&rsquo;\u00c9quipe&hellip;\n","protected":false},"author":2,"featured_media":1983,"comment_status":"","ping_status":"","sticky":false,"template":"","format":"standard","meta":{"footnotes":""},"categories":[1415],"tags":[1011,27,60,1467],"class_list":{"0":"post-283713","1":"post","2":"type-post","3":"status-publish","4":"format-standard","5":"has-post-thumbnail","7":"category-tennis","8":"tag-fr","9":"tag-france","10":"tag-sports","11":"tag-tennis"},"share_on_mastodon":{"url":"https:\/\/pubeurope.com\/@fr\/114940890503996922","error":""},"_links":{"self":[{"href":"https:\/\/www.europesays.com\/fr\/wp-json\/wp\/v2\/posts\/283713","targetHints":{"allow":["GET"]}}],"collection":[{"href":"https:\/\/www.europesays.com\/fr\/wp-json\/wp\/v2\/posts"}],"about":[{"href":"https:\/\/www.europesays.com\/fr\/wp-json\/wp\/v2\/types\/post"}],"author":[{"embeddable":true,"href":"https:\/\/www.europesays.com\/fr\/wp-json\/wp\/v2\/users\/2"}],"replies":[{"embeddable":true,"href":"https:\/\/www.europesays.com\/fr\/wp-json\/wp\/v2\/comments?post=283713"}],"version-history":[{"count":0,"href":"https:\/\/www.europesays.com\/fr\/wp-json\/wp\/v2\/posts\/283713\/revisions"}],"wp:featuredmedia":[{"embeddable":true,"href":"https:\/\/www.europesays.com\/fr\/wp-json\/wp\/v2\/media\/1983"}],"wp:attachment":[{"href":"https:\/\/www.europesays.com\/fr\/wp-json\/wp\/v2\/media?parent=283713"}],"wp:term":[{"taxonomy":"category","embeddable":true,"href":"https:\/\/www.europesays.com\/fr\/wp-json\/wp\/v2\/categories?post=283713"},{"taxonomy":"post_tag","embeddable":true,"href":"https:\/\/www.europesays.com\/fr\/wp-json\/wp\/v2\/tags?post=283713"}],"curies":[{"name":"wp","href":"https:\/\/api.w.org\/{rel}","templated":true}]}}