{"id":283714,"date":"2025-07-30T07:00:12","date_gmt":"2025-07-30T07:00:12","guid":{"rendered":"https:\/\/www.europesays.com\/fr\/283714\/"},"modified":"2025-07-30T07:00:12","modified_gmt":"2025-07-30T07:00:12","slug":"motogp-franco-morbidelli-valentino-rossi-ma-ouvert-la-porte-mais-marc-marquez-ma-sauve-la-vie","status":"publish","type":"post","link":"https:\/\/www.europesays.com\/fr\/283714\/","title":{"rendered":"MotoGP, Franco Morbidelli : \u00ab\u00a0Valentino Rossi m\u2019a ouvert la porte, mais Marc Marquez m\u2019a sauv\u00e9 la vie\u00a0\u00bb"},"content":{"rendered":"<p><strong>La rivalit\u00e9 entre Valentino Rossi et Marc Marquez a<br \/>\nfa\u00e7onn\u00e9 toute une g\u00e9n\u00e9ration de MotoGP : des duels d\u2019anthologie,<br \/>\ndes pol\u00e9miques enflamm\u00e9es, des tensions palpables dans le paddock.<br \/>\nPourtant, pour Franco Morbidelli, ces deux l\u00e9gendes ne sont pas<br \/>\nseulement des ic\u00f4nes \u2013 elles sont des piliers de sa carri\u00e8re et,<br \/>\ndans le cas de Marquez, des h\u00e9ros dans l\u2019ombre.<\/strong><\/p>\n<p><strong>Morbidelli<\/strong> est l\u2019un des tout premiers talents<br \/>\nissus de la <strong>VR46 Acad\u00e9mie<\/strong>, le projet ambitieux de<br \/>\n<strong>Rossi<\/strong> pour former la rel\u00e8ve italienne. Lanc\u00e9 dans<br \/>\nle grand bain du Moto2 en 2013, il n\u2019avait que 18 ans quand<br \/>\n<strong>Rossi<\/strong> a d\u00e9cid\u00e9 de le prendre sous son aile.<\/p>\n<p>\u00ab J\u2019\u00e9tais tr\u00e8s jeune, j\u2019avais 18 ans, et <strong>Vale m\u2019a<br \/>\ndonn\u00e9 une le\u00e7on de vie<\/strong> : quand quelqu\u2019un gal\u00e8re, il faut<br \/>\nlui tendre la main. <strong>Je lui serai toujours<br \/>\nreconnaissant<\/strong> \u00bb, confie <strong>Morbidelli<\/strong><br \/>\ndans une interview \u00e0 <a href=\"https:\/\/www.gpone.com\/en\/2025\/07\/10\/motogp\/morbidelli-rossi-stretched-out-the-mano-de-dios-to-me-i-know-what-i-owe-to-marquez\" rel=\"nofollow noopener\" target=\"_blank\"><br \/>\nGPOne<\/a>.<\/p>\n<p>Le pari de <strong>Rossi<\/strong> paie : en 2017,<br \/>\n<strong>Morbidelli<\/strong> devient le premier champion du monde<br \/>\nVR46, d\u00e9crochant le titre Moto2 avec Marc VDS. L\u2019ann\u00e9e suivante, il<br \/>\ngrimpe en MotoGP avec la m\u00eame structure, devenant le premier<br \/>\nprot\u00e9g\u00e9 de <strong>Rossi<\/strong> \u00e0 atteindre l\u2019\u00e9lite.<\/p>\n<p>Sa saison 2020 reste l\u00e9gendaire : avec une <a href=\"https:\/\/www.paddock-gp.com\/wsbk-jonathan-rea-vers-la-fin-avec-yamaha-mais-il-a-encore-une-chance-avec-honda-et-une-ducati\/\" rel=\"nofollow noopener\" target=\"_blank\"><br \/>\n<strong>Yamaha<\/strong><\/a> satellite vieillissante,<br \/>\n<strong>Morbidelli<\/strong> remporte trois Grands Prix et termine<br \/>\nvice-champion derri\u00e8re <strong>Joan Mir<\/strong>, dans un<br \/>\nchampionnat \u00e9court\u00e9 par la pand\u00e9mie.<\/p>\n<p>Cinq ans plus tard, la boucle est boucl\u00e9e :<br \/>\n<strong>Morbidelli<\/strong> rejoint l\u2019\u00e9quipe VR46 Racing de Rossi<br \/>\nen 2025, aux c\u00f4t\u00e9s de <strong>Fabio Di Giannantonio<\/strong>.<\/p>\n<p><img loading=\"lazy\" decoding=\"async\" class=\"aligncenter size-full wp-image-1314799\" src=\"https:\/\/www.europesays.com\/fr\/wp-content\/uploads\/2025\/07\/Morbido-.jpg\" alt=\"Franco Morbidelli \" width=\"681\" height=\"562\"  \/><\/p>\n<p><strong>Franco Morbidelli\u00a0:<br \/>\n\u00ab\u00a0Marc Marquez a desserr\u00e9 la sangle de mon casque, je lui<br \/>\ndois \u00e9norm\u00e9ment\u00a0\u00bb<\/strong><\/p>\n<p>Mais si <strong>Ross<\/strong>i a fa\u00e7onn\u00e9 sa carri\u00e8re, c\u2019est<br \/>\n<strong>Marc Marquez<\/strong> \u2013 pourtant le plus grand rival du<br \/>\n\u00ab\u00a0Doctor\u00a0\u00bb \u2013 qui a marqu\u00e9 la vie de<br \/>\n<strong>Morbidelli<\/strong> d\u2019une mani\u00e8re encore plus<br \/>\npersonnelle.<\/p>\n<p>D\u00e9but 2024, alors qu\u2019il venait de signer chez <strong>Pramac<br \/>\nDucati<\/strong> pour relancer sa carri\u00e8re,<br \/>\n<strong>Morbidelli<\/strong> est victime d\u2019un grave accident lors<br \/>\nd\u2019un entra\u00eenement avec une machine sportive de s\u00e9rie \u00e0 Portim\u00e3o.<br \/>\nInconscient dans le gravier, il doit son salut \u00e0 l\u2019intervention<br \/>\nrapide des fr\u00e8res <strong>Marquez<\/strong>, pr\u00e9sents sur la piste<br \/>\nce jour-l\u00e0.<\/p>\n<p>\u00ab Je ne me souviens de rien\u2026 Marc est venu directement vers<br \/>\nmoi, il a desserr\u00e9 la sangle de mon casque et <strong>j\u2019ai pu<br \/>\nreprendre mon souffle<\/strong> \u00bb, raconte<br \/>\n<strong>Morbidelli<\/strong>. <strong>\u00ab Si je n\u2019avais pas pu<br \/>\nrespirer \u00e0 ce moment-l\u00e0, les s\u00e9quelles auraient \u00e9t\u00e9<br \/>\nterribles<\/strong>. Je lui dois \u00e9norm\u00e9ment. \u00bb<\/p>\n<p>Cet \u00e9pisode a laiss\u00e9 une trace durable : \u00ab tout cela m\u2019a<br \/>\nfait r\u00e9fl\u00e9chir. On ne peut pas se permettre d\u2019erreurs de ce<br \/>\ngenre. \u00bb<\/p>\n<p>Dans un sport o\u00f9 la rivalit\u00e9 <a href=\"https:\/\/www.paddock-gp.com\/motogp-rossi-vs-marquez-quand-la-legende-risque-de-devenir-le-vilain-de-lhistoire\/\" rel=\"nofollow noopener\" target=\"_blank\"><br \/>\n<strong>Rossi-Marquez<\/strong><\/a> a parfois fr\u00f4l\u00e9 l\u2019hostilit\u00e9,<br \/>\nl\u2019histoire de <strong>Morbidelli<\/strong> met en lumi\u00e8re une v\u00e9rit\u00e9<br \/>\nsimple : au-del\u00e0 des casques et des chronos, il y a des hommes,<br \/>\ncapables de respect et d\u2019entraide.<\/p>\n<p><img loading=\"lazy\" decoding=\"async\" class=\"aligncenter size-full wp-image-1314801\" src=\"https:\/\/www.europesays.com\/fr\/wp-content\/uploads\/2025\/07\/Morbidelli-1-2.jpg\" alt=\"Franco Morbidelli \" width=\"619\" height=\"359\"  \/><\/p>\n","protected":false},"excerpt":{"rendered":"La rivalit\u00e9 entre Valentino Rossi et Marc Marquez a fa\u00e7onn\u00e9 toute une g\u00e9n\u00e9ration de MotoGP : des duels&hellip;\n","protected":false},"author":2,"featured_media":283715,"comment_status":"","ping_status":"","sticky":false,"template":"","format":"standard","meta":{"footnotes":""},"categories":[1413],"tags":[1011,27,1457,1456,60],"class_list":{"0":"post-283714","1":"post","2":"type-post","3":"status-publish","4":"format-standard","5":"has-post-thumbnail","7":"category-moto","8":"tag-fr","9":"tag-france","10":"tag-moto","11":"tag-motocycle","12":"tag-sports"},"share_on_mastodon":{"url":"https:\/\/pubeurope.com\/@fr\/114940898512233197","error":""},"_links":{"self":[{"href":"https:\/\/www.europesays.com\/fr\/wp-json\/wp\/v2\/posts\/283714","targetHints":{"allow":["GET"]}}],"collection":[{"href":"https:\/\/www.europesays.com\/fr\/wp-json\/wp\/v2\/posts"}],"about":[{"href":"https:\/\/www.europesays.com\/fr\/wp-json\/wp\/v2\/types\/post"}],"author":[{"embeddable":true,"href":"https:\/\/www.europesays.com\/fr\/wp-json\/wp\/v2\/users\/2"}],"replies":[{"embeddable":true,"href":"https:\/\/www.europesays.com\/fr\/wp-json\/wp\/v2\/comments?post=283714"}],"version-history":[{"count":0,"href":"https:\/\/www.europesays.com\/fr\/wp-json\/wp\/v2\/posts\/283714\/revisions"}],"wp:featuredmedia":[{"embeddable":true,"href":"https:\/\/www.europesays.com\/fr\/wp-json\/wp\/v2\/media\/283715"}],"wp:attachment":[{"href":"https:\/\/www.europesays.com\/fr\/wp-json\/wp\/v2\/media?parent=283714"}],"wp:term":[{"taxonomy":"category","embeddable":true,"href":"https:\/\/www.europesays.com\/fr\/wp-json\/wp\/v2\/categories?post=283714"},{"taxonomy":"post_tag","embeddable":true,"href":"https:\/\/www.europesays.com\/fr\/wp-json\/wp\/v2\/tags?post=283714"}],"curies":[{"name":"wp","href":"https:\/\/api.w.org\/{rel}","templated":true}]}}