{"id":283716,"date":"2025-07-30T07:01:24","date_gmt":"2025-07-30T07:01:24","guid":{"rendered":"https:\/\/www.europesays.com\/fr\/283716\/"},"modified":"2025-07-30T07:01:24","modified_gmt":"2025-07-30T07:01:24","slug":"le-patron-de-mercedes-f1-blame-george-russell-pour-le-drame-contractuel-une-avalanche-mediatique-declenchee","status":"publish","type":"post","link":"https:\/\/www.europesays.com\/fr\/283716\/","title":{"rendered":"Le patron de Mercedes F1 bl\u00e2me George Russell pour le drame contractuel : une avalanche m\u00e9diatique d\u00e9clench\u00e9e !"},"content":{"rendered":"<p>Le patron de Mercedes F1 bl\u00e2me George Russell pour le chaos contractuel<\/p>\n<p>Dans un retournement de situation choquant, Toto Wolff, le ma\u00eetre d\u2019\u0153uvre de l\u2019\u00e9quipe de Formule 1 de Mercedes, a point\u00e9 du doigt George Russell pour le chaos entourant ses n\u00e9gociations contractuelles. Le contrat actuel du jeune ph\u00e9nom\u00e8ne britannique avec Mercedes doit expirer \u00e0 la fin de 2026, pourtant Russell n\u2019a pas sign\u00e9 de nouvel accord au milieu des discussions de l\u2019\u00e9quipe avec le pilote rival Max Verstappen.<\/p>\n<p>Lors du Grand Prix de Belgique, Wolff s\u2019est retrouv\u00e9 sur la sellette alors qu\u2019il \u00e9tait interrog\u00e9 par Martin Brundle de Sky Sports sur le statut contractuel de Russell. Avec une pointe d\u2019accusation, Brundle a questionn\u00e9 Wolff sur les raisons pour lesquelles Russell n\u2019a pas encore \u00e9t\u00e9 sign\u00e9, insinuant qu\u2019il doit \u00eatre embarrassant pour le pilote talentueux de justifier constamment sa position au sein de l\u2019\u00e9quipe.<\/p>\n<p>Cependant, Wolff a rapidement d\u00e9tourn\u00e9 la responsabilit\u00e9 vers les m\u00e9dias, insinuant que c\u2019est la presse qui alimente la fr\u00e9n\u00e9sie autour de la saga contractuelle. Il a minimis\u00e9 la situation, soulignant que les n\u00e9gociations et discussions sont courantes dans le monde de la Formule 1, les pilotes cherchant toujours de meilleures voitures et des salaires plus \u00e9lev\u00e9s.<\/p>\n<p>Alors que le scrutin s\u2019intensifiait, la pr\u00e9sentatrice de Sky Sports, Natalie Pinkham, a creus\u00e9 plus profond\u00e9ment, sugg\u00e9rant que Russell aurait peut-\u00eatre d\u00e9lib\u00e9r\u00e9ment divulgu\u00e9 les discussions avec Verstappen pour acc\u00e9l\u00e9rer le processus contractuel, se sentant sous pression de le faire. Wolff n\u2019a pas h\u00e9sit\u00e9 \u00e0 renvoyer la responsabilit\u00e9 \u00e0 Russell, affirmant que le pilote lui-m\u00eame avait d\u00e9clench\u00e9 la temp\u00eate m\u00e9diatique en r\u00e9v\u00e9lant les discussions avec Verstappen.<\/p>\n<p>L\u2019intrigue s\u2019est intensifi\u00e9e alors que des rumeurs circulaient sur un \u00e9ventuel transfert de Verstappen chez Mercedes, seulement pour que Helmut Marko de Red Bull dissipe les sp\u00e9culations en affirmant que le champion du monde en titre restera avec Red Bull pour la saison 2026. Cependant, la confirmation officielle est toujours en attente, laissant la porte ouverte \u00e0 un affrontement potentiel entre Russell et Verstappen lors de la saison \u00e0 venir.<\/p>\n<p>Avec des tensions \u00e0 leur comble et le paysage de la F1 en pleine \u00e9volution, tous les yeux sont riv\u00e9s sur Mercedes, Russell et le drame contractuel imminent. Russell parviendra-t-il \u00e0 s\u00e9curiser sa place avec les Fl\u00e8ches d\u2019Argent, ou l\u2019ombre de Verstappen planera-t-elle sur le talentueux Britannique ? La sc\u00e8ne est pr\u00eate pour une saison spectaculaire \u00e0 venir dans le monde de la Formule 1.<\/p>\n","protected":false},"excerpt":{"rendered":"Le patron de Mercedes F1 bl\u00e2me George Russell pour le chaos contractuel Dans un retournement de situation choquant,&hellip;\n","protected":false},"author":2,"featured_media":283717,"comment_status":"","ping_status":"","sticky":false,"template":"","format":"standard","meta":{"footnotes":""},"categories":[1412],"tags":[42280,1451,1452,1453,1454,1455,1011,27,60],"class_list":{"0":"post-283716","1":"post","2":"type-post","3":"status-publish","4":"format-standard","5":"has-post-thumbnail","7":"category-f1","8":"tag-boss-blames","9":"tag-f1","10":"tag-formula-1","11":"tag-formula1","12":"tag-formule-1","13":"tag-formule1","14":"tag-fr","15":"tag-france","16":"tag-sports"},"share_on_mastodon":{"url":"https:\/\/pubeurope.com\/@fr\/114940902381574578","error":""},"_links":{"self":[{"href":"https:\/\/www.europesays.com\/fr\/wp-json\/wp\/v2\/posts\/283716","targetHints":{"allow":["GET"]}}],"collection":[{"href":"https:\/\/www.europesays.com\/fr\/wp-json\/wp\/v2\/posts"}],"about":[{"href":"https:\/\/www.europesays.com\/fr\/wp-json\/wp\/v2\/types\/post"}],"author":[{"embeddable":true,"href":"https:\/\/www.europesays.com\/fr\/wp-json\/wp\/v2\/users\/2"}],"replies":[{"embeddable":true,"href":"https:\/\/www.europesays.com\/fr\/wp-json\/wp\/v2\/comments?post=283716"}],"version-history":[{"count":0,"href":"https:\/\/www.europesays.com\/fr\/wp-json\/wp\/v2\/posts\/283716\/revisions"}],"wp:featuredmedia":[{"embeddable":true,"href":"https:\/\/www.europesays.com\/fr\/wp-json\/wp\/v2\/media\/283717"}],"wp:attachment":[{"href":"https:\/\/www.europesays.com\/fr\/wp-json\/wp\/v2\/media?parent=283716"}],"wp:term":[{"taxonomy":"category","embeddable":true,"href":"https:\/\/www.europesays.com\/fr\/wp-json\/wp\/v2\/categories?post=283716"},{"taxonomy":"post_tag","embeddable":true,"href":"https:\/\/www.europesays.com\/fr\/wp-json\/wp\/v2\/tags?post=283716"}],"curies":[{"name":"wp","href":"https:\/\/api.w.org\/{rel}","templated":true}]}}