{"id":283720,"date":"2025-07-30T07:03:12","date_gmt":"2025-07-30T07:03:12","guid":{"rendered":"https:\/\/www.europesays.com\/fr\/283720\/"},"modified":"2025-07-30T07:03:12","modified_gmt":"2025-07-30T07:03:12","slug":"faissal-mannai-pouvoir-dire-a-mon-fils-que-jai-joue-pour-bordeaux-cest-beau-france-girondins-de-bordeaux","status":"publish","type":"post","link":"https:\/\/www.europesays.com\/fr\/283720\/","title":{"rendered":"Fa\u00efssal Manna\u00ef : \u00ab\u00a0Pouvoir dire \u00e0 mon fils que j\u2019ai jou\u00e9 pour Bordeaux, c\u2019est beau\u00a0\u00bb &#8211; France &#8211; Girondins de Bordeaux"},"content":{"rendered":"<p><strong class=\"question\">Tu as fait le choix de signer pour les Girondins alors que tu avais d\u2019autres propositions. Comment l\u2019expliques-tu ?<\/strong><\/p>\n<p>Je suis tr\u00e8s fier d\u2019avoir sign\u00e9 dans un club si historique. En tant qu\u2019amoureux de football, quand tu me parles de Bordeaux je reviens \u00e0 mon adolescence et l\u2019\u00e9pop\u00e9e en Ligue des champions, le titre en Ligue 1 ! Les Girondins, c\u2019est un des plus grands clubs de France. J\u2019ai eu des offres beaucoup plus all\u00e9chantes financi\u00e8rement, mais je n\u2019ai jamais couru derri\u00e8re l\u2019argent, donc ce choix est logique. Je veux \u00e9crire l\u2019histoire et faire partie d\u2019un groupe qui aidera ce club \u00e0 \u00eatre l\u00e0 o\u00f9 il m\u00e9rite. Je pouvais jouer plus haut en France, et surtout je ne comptais pas revenir parce que je me sentais bien \u00e0 l\u2019\u00e9tranger. Mais quand Bordeaux vient te chercher, les arguments ne tiennent plus. N2 ou pas, tu fonces. Puis, je sens un club qui me veut, qui fait de son mieux pour m\u2019int\u00e9grer. Qu\u2019est-ce que je peux demander de plus ?<\/p>\n<p>\u00a0<\/p>\n<blockquote>\n<p>J\u2019\u00e9tais agent de piste \u00e0 l\u2019a\u00e9roport de Nantes et livreur Uber Eats en m\u00eame temps que je jouais \u00e0 Bellevue, donc je comprenais que beaucoup ne croyaient plus en moi.<\/p>\n<\/blockquote>\n<p><strong class=\"question\">Consid\u00e8res-tu une signature en N2 comme une prise de risque dans ta carri\u00e8re ?<\/strong><\/p>\n<p>J\u2019ai pes\u00e9 le pour et le contre mais franchement, on parle d\u2019histoire. J\u2019ai eu des propositions de clubs ayant gagn\u00e9 la Ligue des champions en Afrique, avec de sacr\u00e9es sommes. En toute humilit\u00e9, j\u2019esp\u00e8re me tromper, mais je sais qu\u2019en ne signant pas dans ces clubs africains, je me prive potentiellement d\u2019une Coupe du monde et de plusieurs CAN. Je ne me voyais pas \u00e9voluer en N2, mais juste le fait de porter ce maillot et \u00e0 la fin de ma carri\u00e8re pouvoir dire \u00e0 mon fils que j\u2019ai jou\u00e9 pour ce club, c\u2019est beau. Certains y voient une prise de risque, mais je viens ici sur le long terme, on veut voir les choses en grand. Le recrutement est tr\u00e8s bon, mais le football c\u2019est sur le terrain, pas sur le papier, donc il faudra assumer notre statut.<\/p>\n<p>\u00a0<\/p>\n<blockquote class=\"twitter-tweet\">\n<p lang=\"fr\" dir=\"ltr\">\ud835\ude49\ud835\ude64\ud835\ude6a\ud835\ude6b\ud835\ude5a\ud835\ude61\ud835\ude61\ud835\ude5a \ud835\ude67\ud835\ude5a\ud835\ude58\ud835\ude67\ud835\ude6a\ud835\ude5a \u270d\ufe0f<br \/>\nFa\u00efssal Manna\u00ef rejoint les Girondins ! Artisan de la mont\u00e9e de Concarneau en Ligue 2, il nous rejoint en provenance de l\u2019US Monastir (Tunisie), o\u00f9 il a termin\u00e9 meilleur passeur du championnat et d\u00e9croch\u00e9 une convocation en s\u00e9lection nationale.\u2026 <a target=\"_blank\" href=\"https:\/\/t.co\/iQ4fK4ELzE\" rel=\"nofollow\">pic.twitter.com\/iQ4fK4ELzE<\/a><\/p>\n<p>\u2014 FC Girondins de Bordeaux (@girondins) <a target=\"_blank\" href=\"https:\/\/twitter.com\/girondins\/status\/1943317129140289624?ref_src=twsrc%5Etfw\" rel=\"nofollow noopener\">July 10, 2025<\/a><\/p><\/blockquote>\n<p><strong class=\"question\">Il y a quelques semaines, tu as particip\u00e9 \u00e0 la Kings League dans l\u2019\u00e9quipe de PFUT. Quelle exp\u00e9rience en as-tu tir\u00e9 ?<\/strong><\/p>\n<p>Quand je jouais \u00e0 Monastir il y a un an, je regardais <a target=\"_blank\" href=\"https:\/\/www.sofoot.com\/articles\/kings-world-cup-mode-demploi\" rel=\"nofollow noopener\">la Coupe du monde de Kings League<\/a> et je disais \u00e0 ma femme que j\u2019aurais ador\u00e9 la jouer. Je suis un fou de football, donc le concept avec les petits espaces, c\u2019est mon truc. Cette ann\u00e9e, j\u2019ai eu l\u2019opportunit\u00e9 de la faire. \u00c7a m\u2019a fait du bien de revoir des gens bienveillants, de rigoler, se chambrer, s\u2019amuser. Ils sont tous hyper contents de ma signature \u00e0 Bordeaux, on est toujours en contact, ce sont mes fr\u00e8res. Puis, il se passait trop de choses dr\u00f4les dans cette comp\u00e9tition. J\u2019ai jou\u00e9 avec Ryan Babel, qui ne comprenait rien aux r\u00e8gles et aux nombreux arr\u00eats de jeu. Je voyais qu\u2019il s\u2019\u00e9nervait, je lui disais dans un anglais tr\u00e8s mauvais : \u00ab\u202fBro, after this, finish ! Just Football. \u00bb (Rires.)\u00a0Il est hyper professionnel ce mec, il aurait pu nous prendre \u00e0 la l\u00e9g\u00e8re mais il \u00e9tait \u00e0 fond.<\/p>\n<p><strong class=\"question\">Il y a six ans tu jouais en R1 \u00e0 la JSC Bellevue, le club \u00e0 c\u00f4t\u00e9 de ton quartier des Dervalli\u00e8res \u00e0 Nantes. Tu pensais toujours devenir professionnel \u00e0 ce moment-l\u00e0, \u00e0 23 piges ?<\/strong><\/p>\n<p>Bien s\u00fbr que oui. M\u00eame si c\u2019\u00e9tait de la R1, c\u2019\u00e9tait un tremplin. Mes proches me disaient que c\u2019\u00e9tait fini pour moi et que je m\u2019enterrais mais \u00e7a me faisait rire, parce que je savais tr\u00e8s bien ce que je faisais. Je suis quelqu\u2019un qui est s\u00fbr de ses qualit\u00e9s, je vais y arriver peu importe les moyens, c\u2019est ma philosophie. En m\u00eame temps, j\u2019\u00e9tais agent de piste \u00e0 l\u2019a\u00e9roport de Nantes et livreur Uber Eats pendant que je jouais \u00e0 Bellevue, donc je comprenais que beaucoup ne croyaient plus en moi. Je suis un gars qui se nourrit des propos des gens qui pensent que je n\u2019y arriverai pas et de la r\u00e9ussite de ceux que je consid\u00e8re comme mes fr\u00e8res. Je suis le premier heureux quand ils r\u00e9ussissent \u00e0 atteindre leur objectif. Par exemple, je jouais en jeune avec Mouctar Diakhaby. Je suis heureux de voir la carri\u00e8re qu\u2019il a. Il m\u2019a donn\u00e9 de la force, je me suis dis que c\u2019\u00e9tait possible donc je me suis accroch\u00e9. C\u2019\u00e9tait le premier \u00e0 venir \u00e0 l\u2019entra\u00eenement et le dernier \u00e0 partir, il \u00e9tait tout le temps \u00e0 fond. On voit aujourd\u2019hui le r\u00e9sultat, tu ne peux pas tricher dans le football.<\/p>\n<p>\u00a0<\/p>\n<blockquote>\n<p>\u00c0 Cholet, j\u2019ai serr\u00e9 la main des joueurs de la N1 comme s\u2019ils \u00e9taient Neymar ou Ronaldinho.<\/p>\n<\/blockquote>\n<p><strong class=\"question\">Apr\u00e8s Bellevue, tu d\u00e9cides d\u2019aller \u00e0 Cholet, alors en National, mais tu d\u00e9marres en R1. Avais-tu un plan derri\u00e8re la t\u00eate ?<\/strong><\/p>\n<p>J\u2019\u00e9tais sur le tarmac de l\u2019a\u00e9roport en train de travailler. Jamais de ma vie enti\u00e8re un club ne m\u2019avait appel\u00e9 au t\u00e9l\u00e9phone, et ce jour-l\u00e0 Challans qui \u00e9tait en N3 m\u2019avait propos\u00e9 un projet. Au milieu des bruits d\u2019avions qui d\u00e9collaient, j\u2019avais dis oui, c\u2019\u00e9tait le seul club qui s\u2019\u00e9tait propos\u00e9 ! Sauf qu\u2019Elvis (Dufraiche), le coach de la R1 de Cholet \u00e0 l\u2019\u00e9poque, m\u2019avait demand\u00e9 de signer avec lui, dans l\u2019id\u00e9e qu\u2019en \u00e9tant bon, je pouvais accrocher le National 1. C\u2019\u00e9tait une dinguerie parce que tous les jours je prenais ma voiture pour faire les allers-retours entre Nantes et Cholet pour de la R1. Au bout d\u2019un mois, j\u2019\u00e9tais mont\u00e9 avec la National et je n\u2019avais plus l\u00e2ch\u00e9 le groupe.<\/p>\n<p><strong class=\"question\">Quand tu arrives en National 1, te sens-tu \u00e0 ta place ? Parce que \u00e7a vient tr\u00e8s vite.<\/strong><\/p>\n<p>Au bout d\u2019un match jou\u00e9 en R1, Elvis m\u2019avait appel\u00e9 pour me dire que le lendemain je serai \u00e0 l\u2019entra\u00eenement de la National. Je mangeais une pizza, il \u00e9tait tard, j\u2019avais l\u2019hygi\u00e8ne de vie d\u2019un mec de R1 quoi ! J\u2019ai serr\u00e9 la main des joueurs comme s\u2019ils \u00e9taient Neymar ou Ronaldinho. Pendant six mois, je n\u2019ai pas dit un mot dans le vestiaire, j\u2019avais une sorte de syndrome de l\u2019imposteur. Je savais que j\u2019avais largement le niveau pour \u00eatre avec eux, mais pas le CV. J\u2019\u00e9tais jeune, \u00e7a joue beaucoup. Je me souviens que pour mon premier entra\u00eenement, je n\u2019avais pas le droit d\u2019entrer dans le vestiaire, je devais directement aller sur le terrain. Moi qui suis tr\u00e8s r\u00e9serv\u00e9 au d\u00e9part, \u00e7a mettait la pression. Je m\u2019\u00e9tais entra\u00een\u00e9 avec angoisse et stress. Puis, tr\u00e8s vite, j\u2019ai ador\u00e9 les s\u00e9ances avec la N1 parce qu\u2019il y avait plus d\u2019espaces, moins de duels et beaucoup de un contre un, tout ce que j\u2019aime. Au bout de quelques jours, j\u2019avais un casier \u00e0 mon nom, une salle de musculation dans le vestiaire, une vraie cryoth\u00e9rapie\u2026 Quand tu go\u00fbtes \u00e0 \u00e7a, tu ne veux plus jamais t\u2019en passer. Je ne sortais pas de la salle, j\u2019\u00e9tais celui qui courait le plus aux entra\u00eenements, j\u2019avais trop faim.<\/p>\n<p>\u00a0<\/p>\n<p><img decoding=\"async\" loading=\"lazy\" class=\"\" src=\"https:\/\/www.europesays.com\/fr\/wp-content\/uploads\/2025\/07\/1753858992_409_grande.jpg\" alt=\"\" width=\"2560\" height=\"1707\"\/><\/p>\n<p><strong class=\"question\">En 2021 tu fais le choix de rejoindre S\u00e8te en National 1, et l\u00e0 tu commences \u00e0 te montrer.<\/strong><\/p>\n<p>S\u00e8te croyait beaucoup en moi, je me sentais comme \u00e0 la maison et important pour leur projet. J\u2019avais marqu\u00e9 pour mon premier match, et le coach me laissait faire ce que je voulais. Je pouvais dans la m\u00eame rencontre jouer \u00e0 gauche, \u00e0 droite, en meneur de jeu\u2026 \u00c0 Cholet, j\u2019avais tellement trop \u00e9t\u00e9 dans le respect que j\u2019allais tout perdre. Le club m\u2019avait appel\u00e9 le tout dernier jour du mercato. Cette longue p\u00e9riode d\u2019adaptation que j\u2019avais connue \u00e0 mes d\u00e9buts en National, je ne l\u2019ai pas v\u00e9cue dans le Sud, tout \u00e9tait naturel et fluide.<\/p>\n<p>\u00a0<\/p>\n<blockquote>\n<p>St\u00e9phane Le Mignan m\u2019a appris 80% du football ! Si demain je choisis de faire le m\u00e9tier d\u2019entra\u00eeneur, je veux faire un stage \u00e0 ses c\u00f4t\u00e9s.<\/p>\n<\/blockquote>\n<p><strong class=\"question\">Un gros moment de ta carri\u00e8re, c\u2019est la mont\u00e9e en Ligue 2 avec Concarneau en 2023. Tu y joues un r\u00f4le important mais pourtant le club ne poursuit pas l\u2019aventure avec toi. Comment le prends-tu \u00e0 ce moment-l\u00e0 ?<\/strong><\/p>\n<p>Encore aujourd\u2019hui, je ne le per\u00e7ois pas comme s\u2019ils ne m\u2019avaient pas gard\u00e9. Le coach St\u00e9phane Le Mignan m\u2019aimait beaucoup, il a toujours \u00e9t\u00e9 honn\u00eate et bienveillant envers moi. Le football, ce n\u2019est pas que le terrain. Parfois, il y a des histoires de contrats, par exemple, qui font que tu passes derri\u00e8re d\u2019autres profils, c\u2019est comme \u00e7a. Ce coach m\u2019a appris 80% du football ! Si demain je choisis de faire le m\u00e9tier d\u2019entra\u00eeneur, je veux faire un stage \u00e0 ses c\u00f4t\u00e9s. Sans Le Mignan, on ne montait pas cette saison-l\u00e0, malgr\u00e9 la qualit\u00e9 de notre effectif. En d\u00e9but de saison, personne ne mettait une pi\u00e8ce sur nous. On savait tous au fond qu\u2019on jouait la mont\u00e9e, mais dans le vestiaire on n\u2019en parlait pas. On \u00e9tait leader, mais le coach insistait constamment pour le maintien, c\u2019\u00e9tait sa fa\u00e7on de nous enlever la pression. Parfois, j\u2019\u00e9tais au club de 10h \u00e0 16h, je kiffais trop ma vie. Maintenant, je suis impatient de d\u2019apprendre aupr\u00e8s de Bruno Irl\u00e8s. On parle d\u2019un coach qui a g\u00e9r\u00e9 des grands joueurs \u00e0 Monaco, qui a connu plusieurs mont\u00e9es\u2026 J\u2019\u00e9tais impressionn\u00e9 par sa fa\u00e7on de faire jouer Troyes lorsqu\u2019il \u00e9tait sur le banc.<\/p>\n<p><strong class=\"question\">Contre toute attente, tu rejoins Monastir, en Tunisie, apr\u00e8s la Bretagne. Pourquoi ?<\/strong><\/p>\n<p>Apr\u00e8s Concarneau, j\u2019avais des propositions de premier contrat professionnel en France, donc c\u2019\u00e9tait positif mais mon grand fr\u00e8re me boudait, il voulait tellement que j\u2019aille jouer en Tunisie. Puis je n\u2019avais qu\u2019une seule ambition en t\u00eate, c\u2019\u00e9tait la s\u00e9lection tunisienne. Monastir, c\u2019est un club qui allait me permettre d\u2019y arriver, et j\u2019avais raison. Je m\u2019\u00e9tais imagin\u00e9 avec de belles sommes en France, mais avec le risque de ne pas \u00eatre heureux. La Tunisie, c\u2019est les grosses ambiances, un beau cadre de vie, l\u2019\u00e9quipe nationale qui a un vrai regard sur toi. Si je dis \u00e0 ma grand-m\u00e8re que je suis champion de National 1, elle sera contente pour moi. Mais si je lui dis que je suis appel\u00e9 avec la Tunisie, elle sera la plus fi\u00e8re et la plus heureuse au monde. \u00c0 Monastir, j\u2019ai termin\u00e9 meilleur passeur du championnat, les supporters m\u2019aimaient et me soutenaient, j\u2019avais les clefs du jeu. La r\u00e9compense avait \u00e9t\u00e9 d\u2019\u00eatre tr\u00e8s courtis\u00e9 sur le continent et d\u2019avoir \u00e9t\u00e9 appel\u00e9 en s\u00e9lection. J\u2019avais disput\u00e9 la Coupe Arabe aussi face \u00e0 Al Nassr. J\u2019avais Ronaldo, Talisca, Telles, Brozovi\u0107 devant moi\u2026 Jouer contre CR7 \u00e7a ne paraissait m\u00eame pas r\u00e9el, c\u2019\u00e9tait tr\u00e8s bizarre comme sensation. Il \u00e9tait motiv\u00e9 comme si c\u2019\u00e9tait la finale de la Ligue des champions alors qu\u2019il jouait face \u00e0 Monastir\u2026 Il avait beaucoup trop de prestance.<\/p>\n<p><strong class=\"question\">Ton r\u00eave est devenu r\u00e9alit\u00e9 la saison derni\u00e8re avec une premi\u00e8re convocation avec l\u2019\u00e9quipe nationale de la Tunisie. Comment l\u2019as-tu appris ?<\/strong><\/p>\n<p>On avait match \u00e0 Sfax, j\u2019\u00e9tais tr\u00e8s malade la veille. Je ne mangeais pas depuis deux jours, je pensais avoir la Covid. Le coach \u00e9tait venu me voir pour me dire que la s\u00e9lection s\u2019int\u00e9ressait \u00e0 moi et qu\u2019il fallait que je sois bon face au CS Sfaxien. Je ne pouvais pas laisser passer cette opportunit\u00e9, j\u2019ai jou\u00e9 70 minutes ce jour-l\u00e0, sans \u00e9nergie\u2026 Notre gardien B\u00e9chir Ben Sa\u00efd a dit dans le tunnel : \u00ab\u202fAujourd\u2019hui, on joue pour Faissal ! \u00bb Je n\u2019oublierai jamais ces paroles, sachant qu\u2019on jouait le titre. \u00c0 la fin du match, j\u2019ai re\u00e7u un coup de fil pour me confirmer ma premi\u00e8re convocation. Durant tout le stage en \u00c9gypte, j\u2019\u00e9tais toujours malade, \u00e7a ne voulait pas s\u2019arr\u00eater, j\u2019\u00e9tais d\u00e9gout\u00e9\u2026 Je ne pouvais pas en profiter alors que j\u2019attendais ce moment depuis des ann\u00e9es. Pour mon entourage, c\u2019\u00e9tait fabuleux, mais ils ne voulaient pas me le faire ressentir pour ne pas me mettre trop de pression. J\u2019ai peut-\u00eatre re\u00e7u 500 messages, c\u2019\u00e9tait incroyable ce qu\u2019il se passait. Le regret c\u2019est de ne pas avoir pu \u00eatre convoqu\u00e9 pour la CAN alors que j\u2019avais prouv\u00e9 en club\u2026 Tant pis, je suis revanchard, je reviendrai je l\u2019esp\u00e8re.<\/p>\n<p>\t\t\t\t\t\t\t\t\t\t<a class=\"lien-connexe\" href=\"https:\/\/www.sofoot.com\/articles\/premier-league-sunderland-un-mercato-made-in-france\" rel=\"nofollow noopener\" target=\"_blank\">Sunderland, un mercato \u00e0 faire p\u00e2lir les clubs de Ligue 1<\/a>\t\t\t\t\t<script async src=\"https:\/\/platform.twitter.com\/widgets.js\" charset=\"utf-8\"><\/script><\/p>\n","protected":false},"excerpt":{"rendered":"Tu as fait le choix de signer pour les Girondins alors que tu avais d\u2019autres propositions. Comment l\u2019expliques-tu&hellip;\n","protected":false},"author":2,"featured_media":283721,"comment_status":"","ping_status":"","sticky":false,"template":"","format":"standard","meta":{"footnotes":""},"categories":[1410],"tags":[47,61,69,65,64,63,1011,27,68,66,62,70,67,60],"class_list":{"0":"post-283720","1":"post","2":"type-post","3":"status-publish","4":"format-standard","5":"has-post-thumbnail","7":"category-football","8":"tag-actualite","9":"tag-actus-football","10":"tag-bundesliga","11":"tag-championnats-europeens","12":"tag-equipe-de-france","13":"tag-football","14":"tag-fr","15":"tag-france","16":"tag-ligua","17":"tag-ligue-1","18":"tag-news-foot","19":"tag-premier-league","20":"tag-serie-a","21":"tag-sports"},"share_on_mastodon":{"url":"https:\/\/pubeurope.com\/@fr\/114940910369148298","error":""},"_links":{"self":[{"href":"https:\/\/www.europesays.com\/fr\/wp-json\/wp\/v2\/posts\/283720","targetHints":{"allow":["GET"]}}],"collection":[{"href":"https:\/\/www.europesays.com\/fr\/wp-json\/wp\/v2\/posts"}],"about":[{"href":"https:\/\/www.europesays.com\/fr\/wp-json\/wp\/v2\/types\/post"}],"author":[{"embeddable":true,"href":"https:\/\/www.europesays.com\/fr\/wp-json\/wp\/v2\/users\/2"}],"replies":[{"embeddable":true,"href":"https:\/\/www.europesays.com\/fr\/wp-json\/wp\/v2\/comments?post=283720"}],"version-history":[{"count":0,"href":"https:\/\/www.europesays.com\/fr\/wp-json\/wp\/v2\/posts\/283720\/revisions"}],"wp:featuredmedia":[{"embeddable":true,"href":"https:\/\/www.europesays.com\/fr\/wp-json\/wp\/v2\/media\/283721"}],"wp:attachment":[{"href":"https:\/\/www.europesays.com\/fr\/wp-json\/wp\/v2\/media?parent=283720"}],"wp:term":[{"taxonomy":"category","embeddable":true,"href":"https:\/\/www.europesays.com\/fr\/wp-json\/wp\/v2\/categories?post=283720"},{"taxonomy":"post_tag","embeddable":true,"href":"https:\/\/www.europesays.com\/fr\/wp-json\/wp\/v2\/tags?post=283720"}],"curies":[{"name":"wp","href":"https:\/\/api.w.org\/{rel}","templated":true}]}}