{"id":283722,"date":"2025-07-30T07:04:26","date_gmt":"2025-07-30T07:04:26","guid":{"rendered":"https:\/\/www.europesays.com\/fr\/283722\/"},"modified":"2025-07-30T07:04:26","modified_gmt":"2025-07-30T07:04:26","slug":"julien-courbet-a-quoi-ressemble-sa-maison-du-cap-ferret","status":"publish","type":"post","link":"https:\/\/www.europesays.com\/fr\/283722\/","title":{"rendered":"Julien Courbet : \u00e0 quoi ressemble sa maison du Cap Ferret ?"},"content":{"rendered":"<p>Julien Courbet, l\u2019un des <a href=\"https:\/\/www.closermag.fr\/people\/julien-courbet-en-vacances-avec-sa-sublime-fille-lola-pas-l-ombre-d-un-nuage-pour-leur-sortie-en-mer-1618113\" target=\"_blank\" rel=\"noopener\"><br \/>\nvisages incontournables du PAF,<\/a> a toujours revendiqu\u00e9 son<br \/>\nattachement profond \u00e0 la <strong>Gironde<\/strong>, sa r\u00e9gion<br \/>\nnatale. En 1997, alors qu\u2019il commen\u00e7ait \u00e0 se faire un nom gr\u00e2ce \u00e0<br \/>\nSans aucun doute sur TF1, il se confiait sur <strong>sa maison du<br \/>\nCap Ferret,<\/strong> un lieu qui repr\u00e9sentait bien plus qu\u2019un<br \/>\nsimple pied-\u00e0-terre.<\/p>\n<p>\u201cGamin, j&rsquo;avais plein de copains qui avaient de grandes et<br \/>\nbelles maisons de famille. Pas moi. Je me suis jur\u00e9 d&rsquo;en avoir une<br \/>\nplus tard\u201d, expliquait-il \u00e0 <a href=\"https:\/\/www.telestar.fr\/people\/instant-vintage-quand-julien-courbet-ouvrait-les-portes-de-sa-maison-du-cap-ferr-376070\" target=\"_blank\" rel=\"nofollow noopener\">T\u00e9l\u00e9 Star<\/a>. Ce<br \/>\nr\u00eave s\u2019est concr\u00e9tis\u00e9, avec <strong>l\u2019achat d\u2019une maison<\/strong><br \/>\nentre pins et oc\u00e9an. En 1997, l\u2019animateur ouvre alors les portes de<br \/>\nsa propri\u00e9t\u00e9.<\/p>\n<p>Julien Courbet ouvre les portes de sa maison achet\u00e9e au<br \/>\nCap-Ferret<\/p>\n<p>On y d\u00e9couvre le <a href=\"https:\/\/www.closermag.fr\/people\/tres-tres-belle-julien-courbet-se-lance-a-la-recherche-dune-femme-et-cest-a-cause-de-ses-melons-3564231\" target=\"_blank\" rel=\"noopener\"><br \/>\npr\u00e9sentateur<\/a>, d\u00e9contract\u00e9, v\u00eatu d\u2019une chemise \u00e0 carreaux ou<br \/>\nd\u2019un simple tee-shirt blanc, bricolant ou arrosant son jardin avec<br \/>\nun large sourire. Le bois est omnipr\u00e9sent dans la maison, avec des<br \/>\n<strong>poutres blanches<\/strong> et un plafond en lames vernies,<br \/>\ndonnant une atmosph\u00e8re cosy typique des cabanes du Cap Ferret. Sur<br \/>\nune des photos, il s\u2019amuse \u00e0 manipuler un \u00e9l\u00e9ment de d\u00e9coration en<br \/>\nbois, preuve qu\u2019il a trouv\u00e9 <strong>un cocon bien \u00e0<br \/>\nlui.<\/strong><\/p>\n<p>\u00c0 l\u2019ext\u00e9rieur, le jardin regorge de v\u00e9g\u00e9tation : lauriers-roses<br \/>\net pins maritimes dominent le d\u00e9cor. <a href=\"https:\/\/www.closermag.fr\/people\/julien-courbet-son-evolution-physique-en-images-depuis-ses-debuts-a-la-television-3516125\" target=\"_blank\" rel=\"noopener\"><br \/>\nJulien Courbet<\/a> y passe beaucoup de temps, comme il le confiait<br \/>\nd\u00e9j\u00e0 : \u201cPour la premi\u00e8re fois de ma vie, <strong>je vais chez<br \/>\nle p\u00e9pini\u00e9riste,<\/strong> je jardine, je plante des lauriers-roses<br \/>\net des palmiers. L&rsquo;ann\u00e9e prochaine je m&rsquo;attaquerai \u00e0 la<br \/>\npiscine\u201d.<\/p>\n<p>Pour l&rsquo;animateur, l&rsquo;achat de cette<br \/>\npropri\u00e9t\u00e9 est un symbole tr\u00e8s puissant<\/p>\n<p>Cet achat, Julien le d\u00e9crivait comme un symbole fort :<br \/>\n\u201cAcheter \u00e7a, c\u2019\u00e9tait plein de symboles\u201d, disait-il,<br \/>\ninsistant sur le fait que cette maison repr\u00e9sentait un lien<br \/>\nind\u00e9fectible avec sa r\u00e9gion, sa famille et son enfance. Une fa\u00e7on<br \/>\nde toucher du doigt le fruit de son travail.<\/p>\n<p>\u00c0 l\u2019\u00e9poque c\u00e9libataire, il \u00e9voquait d\u00e9j\u00e0 son d\u00e9sir de fonder un<br \/>\nfoyer : \u201cQuand on d\u00e9marre dans ce m\u00e9tier, l\u2019id\u00e9e de fonder une<br \/>\nfamille est plut\u00f4t angoissante. Pour \u00e7a, il faut attendre d\u2019\u00eatre<br \/>\nserein. Papa dans deux ans, moi \u00e7a m\u2019irait bien\u201d, confiait-il.<br \/>\nUne pr\u00e9diction presque exacte, puisqu\u2019il <a href=\"https:\/\/www.closermag.fr\/people\/julien-courbet-qui-est-catherine-sa-discrete-femme-depuis-plus-de-30-ans-3537645\" target=\"_blank\" rel=\"noopener\"><br \/>\n\u00e9pousera Catherine<\/a> en 1998 avant de devenir p\u00e8re de <a href=\"https:\/\/www.closermag.fr\/people\/julien-courbet-quefontlola-et-gabin-les-deux-enfants-qu-il-a-eus-avec-son-epouse-de-toujours-catherine-1302181\" target=\"_blank\" rel=\"noopener\"><br \/>\nLola en 2000, puis de Gabin en 2001.<\/a><\/p>\n<p>Diaporama<br \/>\n<img decoding=\"async\" class=\"diapo_img img-responsive lazy-load\" loading=\"lazy\" src=\"https:\/\/www.europesays.com\/fr\/wp-content\/uploads\/2025\/07\/mf_88959_015-1.jpg\"\/><\/p>\n<p>Bestimage<\/p>\n<p>1\/6 En 1997, Julien Courbet ouvre les portes<br \/>\nde sa maison au Cap-Ferret<\/p>\n<p>Julien Courbet, l\u2019un des visages<br \/>\nincontournables du PAF, a toujours revendiqu\u00e9 son attachement<br \/>\nprofond \u00e0 la Gironde, sa r\u00e9gion natale. En 1997, alors qu\u2019il<br \/>\ncommen\u00e7ait \u00e0 se faire un nom gr\u00e2ce \u00e0 Sans aucun doute sur TF1, il<br \/>\nse confiait sur sa maison du Cap Ferret, un lieu qui repr\u00e9sentait<br \/>\nbien plus qu\u2019un simple pied-\u00e0-terre. <\/p>\n<p><img decoding=\"async\" class=\"diapo_img img-responsive lazy-load\" loading=\"lazy\" src=\"https:\/\/www.europesays.com\/fr\/wp-content\/uploads\/2025\/07\/mf_88959_018-scaled.jpg\"\/><\/p>\n<p>Bestimage<\/p>\n<p>2\/6 L&rsquo;animateur se dit tr\u00e8s heureux<\/p>\n<p>\u201cGamin, j&rsquo;avais plein de copains qui avaient de<br \/>\ngrandes et belles maisons de famille. Pas moi. Je me suis jur\u00e9 d&rsquo;en<br \/>\navoir une plus tard\u201d, expliquait-il \u00e0 T\u00e9l\u00e9 Star. Ce r\u00eave s\u2019est<br \/>\nconcr\u00e9tis\u00e9, avec l\u2019achat d\u2019une maison entre pins et oc\u00e9an. En 1997,<br \/>\nl\u2019animateur ouvre alors les portes de sa propri\u00e9t\u00e9.<\/p>\n<p><img decoding=\"async\" class=\"diapo_img img-responsive lazy-load\" loading=\"lazy\" src=\"https:\/\/www.europesays.com\/fr\/wp-content\/uploads\/2025\/07\/mf_88959_017-scaled.jpg\"\/><\/p>\n<p>Bestimage<\/p>\n<p>3\/6 Julien Courbet y pose d\u00e9tendu<\/p>\n<p>On y d\u00e9couvre le pr\u00e9sentateur, d\u00e9contract\u00e9,<br \/>\nv\u00eatu d\u2019une chemise \u00e0 carreaux ou d\u2019un simple tee-shirt blanc,<br \/>\nbricolant ou arrosant son jardin avec un large<br \/>\nsourire.\u00a0<\/p>\n<p><img decoding=\"async\" class=\"diapo_img img-responsive lazy-load\" loading=\"lazy\" src=\"https:\/\/www.europesays.com\/fr\/wp-content\/uploads\/2025\/07\/mf_88959_019-scaled.jpg\"\/><\/p>\n<p>Bestimage<\/p>\n<p>4\/6 A l&rsquo;int\u00e9rieur, beaucoup de bois<\/p>\n<p>Le bois est omnipr\u00e9sent dans la maison, avec<br \/>\ndes poutres blanches et un plafond en lames vernies, donnant une<br \/>\natmosph\u00e8re cosy typique des cabanes du Cap Ferret. Sur une des<br \/>\nphotos, il s\u2019amuse \u00e0 manipuler un \u00e9l\u00e9ment de d\u00e9coration en bois,<br \/>\npreuve qu\u2019il a trouv\u00e9 un cocon bien \u00e0 lui.<\/p>\n<p><img decoding=\"async\" class=\"diapo_img img-responsive lazy-load\" loading=\"lazy\" src=\"https:\/\/www.europesays.com\/fr\/wp-content\/uploads\/2025\/07\/mf_88959_014-scaled.jpg\"\/><\/p>\n<p>Bestimage<\/p>\n<p>5\/6 Julien Courbet peut aussi profiter d&rsquo;un<br \/>\nbel ext\u00e9rieur<\/p>\n<p>\u00c0 l\u2019ext\u00e9rieur, le jardin regorge de v\u00e9g\u00e9tation<br \/>\n: lauriers-roses et pins maritimes dominent le<br \/>\nd\u00e9cor.\u00a0<\/p>\n<p><img decoding=\"async\" class=\"diapo_img img-responsive lazy-load\" loading=\"lazy\" src=\"https:\/\/www.europesays.com\/fr\/wp-content\/uploads\/2025\/07\/mf_88959_016-scaled.jpg\"\/><\/p>\n<p>Bestimage<\/p>\n<p>6\/6 Une joie pour l&rsquo;animateur<\/p>\n<p>Julien Courbet y passe beaucoup de temps, comme<br \/>\nil le confiait d\u00e9j\u00e0 : \u201cPour la premi\u00e8re fois de ma vie, je vais<br \/>\nchez le p\u00e9pini\u00e9riste, je jardine, je plante des lauriers-roses et<br \/>\ndes palmiers. L&rsquo;ann\u00e9e prochaine je m&rsquo;attaquerai \u00e0 la<br \/>\npiscine\u201d.<\/p>\n","protected":false},"excerpt":{"rendered":"Julien Courbet, l\u2019un des visages incontournables du PAF, a toujours revendiqu\u00e9 son attachement profond \u00e0 la Gironde, sa&hellip;\n","protected":false},"author":2,"featured_media":283723,"comment_status":"","ping_status":"","sticky":false,"template":"","format":"standard","meta":{"footnotes":""},"categories":[1359],"tags":[58,59,1011,27,1638,10950,973],"class_list":{"0":"post-283722","1":"post","2":"type-post","3":"status-publish","4":"format-standard","5":"has-post-thumbnail","7":"category-people","8":"tag-divertissement","9":"tag-entertainment","10":"tag-fr","11":"tag-france","12":"tag-has_diapo","13":"tag-julien-courbet","14":"tag-people"},"share_on_mastodon":{"url":"https:\/\/pubeurope.com\/@fr\/114940914244544656","error":""},"_links":{"self":[{"href":"https:\/\/www.europesays.com\/fr\/wp-json\/wp\/v2\/posts\/283722","targetHints":{"allow":["GET"]}}],"collection":[{"href":"https:\/\/www.europesays.com\/fr\/wp-json\/wp\/v2\/posts"}],"about":[{"href":"https:\/\/www.europesays.com\/fr\/wp-json\/wp\/v2\/types\/post"}],"author":[{"embeddable":true,"href":"https:\/\/www.europesays.com\/fr\/wp-json\/wp\/v2\/users\/2"}],"replies":[{"embeddable":true,"href":"https:\/\/www.europesays.com\/fr\/wp-json\/wp\/v2\/comments?post=283722"}],"version-history":[{"count":0,"href":"https:\/\/www.europesays.com\/fr\/wp-json\/wp\/v2\/posts\/283722\/revisions"}],"wp:featuredmedia":[{"embeddable":true,"href":"https:\/\/www.europesays.com\/fr\/wp-json\/wp\/v2\/media\/283723"}],"wp:attachment":[{"href":"https:\/\/www.europesays.com\/fr\/wp-json\/wp\/v2\/media?parent=283722"}],"wp:term":[{"taxonomy":"category","embeddable":true,"href":"https:\/\/www.europesays.com\/fr\/wp-json\/wp\/v2\/categories?post=283722"},{"taxonomy":"post_tag","embeddable":true,"href":"https:\/\/www.europesays.com\/fr\/wp-json\/wp\/v2\/tags?post=283722"}],"curies":[{"name":"wp","href":"https:\/\/api.w.org\/{rel}","templated":true}]}}