{"id":283740,"date":"2025-07-30T07:14:11","date_gmt":"2025-07-30T07:14:11","guid":{"rendered":"https:\/\/www.europesays.com\/fr\/283740\/"},"modified":"2025-07-30T07:14:11","modified_gmt":"2025-07-30T07:14:11","slug":"cinq-produits-concernes-par-les-droits-de-douane-du-1er-aout-aux-etats-unis-actualites","status":"publish","type":"post","link":"https:\/\/www.europesays.com\/fr\/283740\/","title":{"rendered":"Cinq produits concern\u00e9s par les droits de douane du 1er ao\u00fbt aux Etats-Unis : Actualit\u00e9s"},"content":{"rendered":"<p class=\"lead \">Annonc\u00e9s en grande pompe puis mis en pause, les droits de douane que le pr\u00e9sident am\u00e9ricain Donald Trump pr\u00e9sente improprement comme \u00ab\u00a0r\u00e9ciproques\u00a0\u00bb devraient entrer en vigueur le 1er ao\u00fbt, avec un impact attendu, \u00e0 moyen terme sur les prix d&rsquo;une large gamme de produits.<\/p>\n<p class=\"lead \">Pour la quasi-totalit\u00e9 des \u00e9conomistes, il ne fait en effet aucun doute que les consommateurs am\u00e9ricains devront acheter plus cher leurs produits pr\u00e9f\u00e9r\u00e9s dans les mois \u00e0 venir. Comme pour ces cinq produits.<\/p>\n<p class=\"lead \">&#8211; Consoles de jeu<\/p>\n<p class=\"lead \">Le deuxi\u00e8me trimestre avait marqu\u00e9 une p\u00e9riode essentielle pour le fabricant japonais Nintendo, qui a annonc\u00e9 le 2 avril le lancement de sa console Switch 2, le jour de l&rsquo;annonce par le pr\u00e9sident Trump de ses surtaxes.<\/p>\n<p class=\"lead \">Si le lancement d\u00e9but juin s&rsquo;est fait durant la pause de 90 jours annonc\u00e9e dans la foul\u00e9e des droits de douane, leur entr\u00e9e en vigueur le 1er ao\u00fbt pourrait signifier une hausse des prix de la console, largement fabriqu\u00e9e au Vietnam, pays qui a accept\u00e9, dans un accord commercial, l&rsquo;application de 20% de surtaxe sur ses produits par Washington. Vendue 450 dollars, la console pourrait augmenter de 75 \u00e0 100 dollars selon diverses estimations.<\/p>\n<p class=\"lead \">Son concurrent japonais Sony a d\u00e9j\u00e0 augment\u00e9 les prix de sa console PS5, dans la foul\u00e9e des annonces du 2 avril, et pourrait \u00eatre tent\u00e9 de recommencer, tout comme Microsoft avec sa Xbox Series.<\/p>\n<p class=\"lead \">&#8211; V\u00eatements et chaussures<\/p>\n<p class=\"lead \">L&rsquo;immense majorit\u00e9 des v\u00eatements et chaussures vendus aux Etats-Unis ne sont pas fabriqu\u00e9s sur place mais proviennent, comme en Europe, du Vietnam, du Bangladesh ou, de plus en plus, de pays africains comme le Kenya ou le Lesotho. Autant de pays qui verront leurs biens surtax\u00e9s au 1er ao\u00fbt.<\/p>\n<p class=\"lead \">Outre le cas vietnamien, les produits provenant du Bangladesh sont pour l&rsquo;heure concern\u00e9s par une surtaxe de 35%, que Dacca esp\u00e8re ramener entre 15 et 20% avant leur entr\u00e9e en vigueur, selon la presse locale. Quant au Lesotho, le choc pourrait \u00eatre plus rude: sauf changement, ses produits devraient \u00eatre confront\u00e9s \u00e0 50% de droits de douane.<\/p>\n<p class=\"lead \">Selon l&rsquo;Association am\u00e9ricaine de l&rsquo;habillement et de la chaussure, 20% des v\u00eatements import\u00e9s aux Etats-Unis viennent du Vietnam et 11% du Bangladesh. Le Budget Lab de l&rsquo;universit\u00e9 de Yale a estim\u00e9 de son c\u00f4t\u00e9 que le prix des v\u00eatements devrait augmenter de 37% en moyenne.<\/p>\n<p class=\"lead \">&#8211; Caf\u00e9<\/p>\n<p class=\"lead \">Les Am\u00e9ricains sont, de tr\u00e8s loin, les plus gros consommateurs de caf\u00e9 au monde, en volume total. L&rsquo;immense majorit\u00e9 est import\u00e9e, selon l&rsquo;Association nationale du caf\u00e9. Parmi les principaux pays d&rsquo;importation: la Colombie, le Vietnam ou le Br\u00e9sil.<\/p>\n<p class=\"lead \">Le pays lusophone est d&rsquo;ailleurs celui vis\u00e9 par l&rsquo;une des plus fortes hausses de droits de douane appliqu\u00e9s \u00e0 ses produits, soit 50%, en repr\u00e9sailles selon Donald Trump \u00e0 la \u00ab\u00a0chasse aux sorci\u00e8res\u00a0\u00bb dont serait victime l&rsquo;ex-pr\u00e9sident d&rsquo;extr\u00eame droite, Jair Bolsonaro, accus\u00e9 de tentative de coup d&rsquo;Etat.<\/p>\n<p class=\"lead \">La Colombie elle ne devrait pas conna\u00eetre de hausse au-del\u00e0 des 10% de base d\u00e9j\u00e0 appliqu\u00e9s sur l&rsquo;ensemble des produits entrant aux Etats-Unis depuis d\u00e9but avril.<\/p>\n<p class=\"lead \">&#8211; Lessive et produits d&rsquo;entretien<\/p>\n<p class=\"lead \">Si nombre de ces produits sont fabriqu\u00e9s aux Etats-Unis, ils le sont \u00e0 partir d&rsquo;ingr\u00e9dients dont une part non n\u00e9gligeable est import\u00e9e. Or, les groupes ne comptent pas absorber le surco\u00fbt induit par les droits de douane.<\/p>\n<p class=\"lead \">C&rsquo;est en tout cas le message du PDG du groupe Procter &amp; Gamble, qui commercialise la lessive Ariel, les couches Pampers ou les rasoirs Gillette, entre autres. Lors d&rsquo;une conf\u00e9rence t\u00e9l\u00e9phonique avec des investisseurs mardi, en marge de la publication des r\u00e9sultats trimestriels du groupe, Jon Moeller, a pr\u00e9venu que les consommateurs observeront durant l&rsquo;\u00e9t\u00e9 une hausse des prix sur les produits du groupe.<\/p>\n<p class=\"lead \">&#8211; Chocolat<\/p>\n<p class=\"lead \">S&rsquo;ils ne sont pas les plus gros consommateurs au monde, par habitant, les Etats-Unis sont les premiers importateurs de chocolat, qui provient principalement de l&rsquo;Equateur et de la C\u00f4te d&rsquo;Ivoire, selon les donn\u00e9es du minist\u00e8re am\u00e9ricain de l&rsquo;Agriculture.<\/p>\n<p class=\"lead \">Pr\u00e8s de la moiti\u00e9, soit 47%, des f\u00e8ves de cacao import\u00e9es aux Etats-Unis proviennent du pays ouest-africain, dont les produits devraient \u00eatre tax\u00e9s \u00e0 hauteur de 21% \u00e0 compter du 1er ao\u00fbt. Si les industriels veulent se rabattre sur le beurre de cacao, indon\u00e9sien ou malaisien, les droits de douane seront alors de 19% ou 25%.<\/p>\n<p class=\"small font-weight-bold text-gray3 \"> publi\u00e9 le 30 juillet \u00e0 07h47, AFP<\/p>\n<p>                             Partager<\/p>\n","protected":false},"excerpt":{"rendered":"Annonc\u00e9s en grande pompe puis mis en pause, les droits de douane que le pr\u00e9sident am\u00e9ricain Donald Trump&hellip;\n","protected":false},"author":2,"featured_media":283741,"comment_status":"","ping_status":"","sticky":false,"template":"","format":"standard","meta":{"footnotes":""},"categories":[6],"tags":[743,35,215,2120,312,2822,33,34,1011,27,418,316,1778,308],"class_list":{"0":"post-283740","1":"post","2":"type-post","3":"status-publish","4":"format-standard","5":"has-post-thumbnail","7":"category-economie","8":"tag-accord","9":"tag-business","10":"tag-commerce","11":"tag-conflit","12":"tag-diplomatie","13":"tag-douanes","14":"tag-economie","15":"tag-economy","16":"tag-fr","17":"tag-france","18":"tag-gouvernement","19":"tag-politique","20":"tag-ue","21":"tag-usa"},"share_on_mastodon":{"url":"https:\/\/pubeurope.com\/@fr\/114940953487915842","error":""},"_links":{"self":[{"href":"https:\/\/www.europesays.com\/fr\/wp-json\/wp\/v2\/posts\/283740","targetHints":{"allow":["GET"]}}],"collection":[{"href":"https:\/\/www.europesays.com\/fr\/wp-json\/wp\/v2\/posts"}],"about":[{"href":"https:\/\/www.europesays.com\/fr\/wp-json\/wp\/v2\/types\/post"}],"author":[{"embeddable":true,"href":"https:\/\/www.europesays.com\/fr\/wp-json\/wp\/v2\/users\/2"}],"replies":[{"embeddable":true,"href":"https:\/\/www.europesays.com\/fr\/wp-json\/wp\/v2\/comments?post=283740"}],"version-history":[{"count":0,"href":"https:\/\/www.europesays.com\/fr\/wp-json\/wp\/v2\/posts\/283740\/revisions"}],"wp:featuredmedia":[{"embeddable":true,"href":"https:\/\/www.europesays.com\/fr\/wp-json\/wp\/v2\/media\/283741"}],"wp:attachment":[{"href":"https:\/\/www.europesays.com\/fr\/wp-json\/wp\/v2\/media?parent=283740"}],"wp:term":[{"taxonomy":"category","embeddable":true,"href":"https:\/\/www.europesays.com\/fr\/wp-json\/wp\/v2\/categories?post=283740"},{"taxonomy":"post_tag","embeddable":true,"href":"https:\/\/www.europesays.com\/fr\/wp-json\/wp\/v2\/tags?post=283740"}],"curies":[{"name":"wp","href":"https:\/\/api.w.org\/{rel}","templated":true}]}}