{"id":283742,"date":"2025-07-30T07:15:12","date_gmt":"2025-07-30T07:15:12","guid":{"rendered":"https:\/\/www.europesays.com\/fr\/283742\/"},"modified":"2025-07-30T07:15:12","modified_gmt":"2025-07-30T07:15:12","slug":"un-garcon-de-deux-ans-mord-un-cobra-qui-la-attaque-et-le-tue","status":"publish","type":"post","link":"https:\/\/www.europesays.com\/fr\/283742\/","title":{"rendered":"Un gar\u00e7on de deux ans mord un cobra qui l&rsquo;a attaqu\u00e9 et le tue"},"content":{"rendered":"<p>Le petit gar\u00e7on de deux ans jouait chez lui ce vendredi 25\u00a0juillet\u00a0dans un village de l&rsquo;\u00c9tat du Bihar dans le nord-est de l&rsquo;Inde, quand il a \u00e9t\u00e9 attaqu\u00e9 par un cobra. <strong>Pour se d\u00e9fendre, l&rsquo;enfant a saisi le serpent et l&rsquo;a mordu avant de perdre connaissance<\/strong>. <strong>\u00ab\u00a0<\/strong> Lorsque nous avons vu le serpent dans la main de l&rsquo;enfant, tout le monde s&rsquo;est pr\u00e9cipit\u00e9 vers lui\u00a0\u00bb, a rapport\u00e9 \u00e0 <a href=\"https:\/\/timesofindia.indiatimes.com\/city\/patna\/toddler-bites-cobra-to-death-lives-to-tell-tale\/articleshow\/122922613.c\" target=\"_blank\" rel=\"nofollow noopener\">The Indian Express<\/a> la grand-m\u00e8re, qui a assist\u00e9 \u00e0 la sc\u00e8ne. Mais avant qu&rsquo;elle ne puisse faire quoi que ce soit, le cobra gisait mort au sol.<\/p>\n<p>L&rsquo;enfant a \u00e9t\u00e9 soign\u00e9<\/p>\n<p>Le gar\u00e7on \u00ab\u00a0a \u00e9t\u00e9 transf\u00e9r\u00e9 \u00e0 l&rsquo;h\u00f4pital par des membres de sa famille apr\u00e8s avoir mordu le serpent vivant \u00ab\u00a0, explique l&rsquo;h\u00f4pital de Bettiah, o\u00f9 l&rsquo;enfant a \u00e9t\u00e9 soign\u00e9. Selon l&rsquo;\u00e9tablissement, les jours de l&rsquo;enfant ne sont pas surveill\u00e9s.\u00a0\u00ab\u00a0Un traitement rapide a sauv\u00e9 sa vie\u00a0\u00bb, assure un m\u00e9decin.<\/p>\n<p>L&rsquo;Inde recense pr\u00e8s de 300 esp\u00e8ces de serpents, dont une soixantaine sont tr\u00e8s venimeuses, explique <a href=\"https:\/\/www.ouest-france.fr\/monde\/inde\/attaque-par-un-python-le-petit-garcon-de-2-ans-mord-le-serpent-et-le-tue-8be07e56-6ba7-11f0-b16b-d94f68dc0538\" target=\"_blank\" rel=\"nofollow noopener\">Ouest-France<\/a>.<strong> Plus d&rsquo;un million de d\u00e9c\u00e8s li\u00e9s \u00e0 des morsures de serpents ont \u00e9t\u00e9 recens\u00e9s dans le pays entre\u00a02000 et\u00a02019<\/strong>, selon une \u00e9tude publi\u00e9e en 2020 dans la revue eLife.<\/p>\n","protected":false},"excerpt":{"rendered":"Le petit gar\u00e7on de deux ans jouait chez lui ce vendredi 25\u00a0juillet\u00a0dans un village de l&rsquo;\u00c9tat du Bihar&hellip;\n","protected":false},"author":2,"featured_media":283743,"comment_status":"","ping_status":"","sticky":false,"template":"","format":"standard","meta":{"footnotes":""},"categories":[5],"tags":[17,11,1764,42282,4070,274,1011,27,35528,14,4743,42281,12,3583,28],"class_list":{"0":"post-283742","1":"post","2":"type-post","3":"status-publish","4":"format-standard","5":"has-post-thumbnail","7":"category-international","8":"tag-17","9":"tag-actualites","10":"tag-ans","11":"tag-cobra","12":"tag-deux","13":"tag-faits-divers-justice","14":"tag-fr","15":"tag-france","16":"tag-garcon","17":"tag-international","18":"tag-la","19":"tag-mord","20":"tag-news","21":"tag-qui","22":"tag-world"},"share_on_mastodon":{"url":"https:\/\/pubeurope.com\/@fr\/114940957575767616","error":""},"_links":{"self":[{"href":"https:\/\/www.europesays.com\/fr\/wp-json\/wp\/v2\/posts\/283742","targetHints":{"allow":["GET"]}}],"collection":[{"href":"https:\/\/www.europesays.com\/fr\/wp-json\/wp\/v2\/posts"}],"about":[{"href":"https:\/\/www.europesays.com\/fr\/wp-json\/wp\/v2\/types\/post"}],"author":[{"embeddable":true,"href":"https:\/\/www.europesays.com\/fr\/wp-json\/wp\/v2\/users\/2"}],"replies":[{"embeddable":true,"href":"https:\/\/www.europesays.com\/fr\/wp-json\/wp\/v2\/comments?post=283742"}],"version-history":[{"count":0,"href":"https:\/\/www.europesays.com\/fr\/wp-json\/wp\/v2\/posts\/283742\/revisions"}],"wp:featuredmedia":[{"embeddable":true,"href":"https:\/\/www.europesays.com\/fr\/wp-json\/wp\/v2\/media\/283743"}],"wp:attachment":[{"href":"https:\/\/www.europesays.com\/fr\/wp-json\/wp\/v2\/media?parent=283742"}],"wp:term":[{"taxonomy":"category","embeddable":true,"href":"https:\/\/www.europesays.com\/fr\/wp-json\/wp\/v2\/categories?post=283742"},{"taxonomy":"post_tag","embeddable":true,"href":"https:\/\/www.europesays.com\/fr\/wp-json\/wp\/v2\/tags?post=283742"}],"curies":[{"name":"wp","href":"https:\/\/api.w.org\/{rel}","templated":true}]}}