{"id":283753,"date":"2025-07-30T07:25:18","date_gmt":"2025-07-30T07:25:18","guid":{"rendered":"https:\/\/www.europesays.com\/fr\/283753\/"},"modified":"2025-07-30T07:25:18","modified_gmt":"2025-07-30T07:25:18","slug":"linternational-argentin-tomas-albornoz-pourrait-signer-en-top-14","status":"publish","type":"post","link":"https:\/\/www.europesays.com\/fr\/283753\/","title":{"rendered":"L&rsquo;international argentin Tomas Albornoz pourrait signer en Top 14"},"content":{"rendered":"<p style=\"text-align: justify;\"><strong>TRANSFERTS RUGBY \u2013 Selon <a href=\"https:\/\/www.rugbyscope.fr\/transferts-tomas-albornoz-vers-toulon\/\" target=\"_blank\" rel=\"noopener\">Rugby Scope<\/a>, le RC Toulon voudrait signer l\u2019international argentin Tomas Albornoz.\u00a0<\/strong><\/p>\n<p style=\"text-align: justify;\">Alors que la saison 2025-2026 n\u2019a pas encore commenc\u00e9, les clubs de <strong>Top<\/strong> <strong>14<\/strong> d\u00e9marrent leur mercato pour l\u2019\u00e9t\u00e9 2026. C\u2019est dans ce cadre que l\u2019<strong>Aviron<\/strong> <strong>Bayonnais<\/strong> a d\u00e9j\u00e0 annonc\u00e9 la signature de <a href=\"https:\/\/dicodusport.fr\/blog\/transferts-leo-coly-va-quitter-montpellier-pour-un-autre-club-de-top-14\/\" target=\"_blank\" rel=\"noopener\"><strong>L\u00e9o<\/strong> <strong>Coly<\/strong><\/a> (Montpellier). Mais le club basque n\u2019est pas la seule \u00e9quipe sur le pont, et le RC Toulon est aussi au four et au moulin pour le prochain march\u00e9 estival.<\/p>\n<p>Tomas Albornoz \u00e0 Toulon ?<\/p>\n<p style=\"text-align: justify;\">Alors que <strong>Tommaso<\/strong> <strong>Menoncello<\/strong> est courtis\u00e9 depuis de longues semaines, le club de la Rade s\u2019attaque \u00e0 un autre dossier, celui de <strong>Tomas<\/strong> <strong>Albornoz<\/strong>. L\u2019ouvreur international argentin aurait d\u00e9j\u00e0 pu rejoindre le Top 14 cette saison, puisqu\u2019il a \u00e9t\u00e9 dans les petits papiers de l\u2019<strong>Aviron Bayonnais<\/strong>, mais\u00a0aussi de l\u2019<strong>ASM<\/strong> <strong>Clermont<\/strong>.<\/p>\n<p style=\"text-align: justify;\">Alors qu\u2019<strong>Enzo Herv\u00e9<\/strong> sera en fin de contrat, le RC Toulon aurait coch\u00e9 le nom de <strong>Tomas<\/strong> <strong>Albornoz<\/strong> pour le remplacer. L\u2019ouvreur argentin serait int\u00e9ress\u00e9 par une signature dans le Var, et un contrat de quatre ans serait en discussions. Pour l\u2019heure, rien n\u2019est sign\u00e9, mais les discussions vont bon train entre les diff\u00e9rentes parties. <strong>Tomas Albornoz<\/strong>, qui \u00e9volue \u00e0 Tr\u00e9vise, a jou\u00e9 avec l\u2019Argentine face aux Lions Britanniques il y a quelques semaines.<\/p>\n<p>\u00c0 lire aussi<br \/>\n<a href=\"https:\/\/dicodusport.fr\/blog\/transferts-rc-toulon-2025-arrivees-departs-et-prolongations\/\" class=\"vlp-link\" title=\"Transferts RC Toulon 2025 : Recrues, d\u00e9parts et prolongations\" target=\"_blank\" rel=\"noopener\"><img loading=\"lazy\" decoding=\"async\" style=\"max-width: 792px;\" width=\"792\" height=\"445\" class=\"attachment-800x445 size-800x445 perfmatters-lazy\" alt=\"Transferts Rugby Garry Ringrose, Mathis Fert\u00e9, Karim Ghezal, les infos du jeudi 5 d\u00e9cembre\" src=\"https:\/\/www.europesays.com\/fr\/wp-content\/uploads\/2025\/07\/Transferts-Rugby-Garry-Ringrose-Mathis-Ferte-Karim-Ghezal-les-infos-du-jeudi-5-decembre.png\"  data-\/><\/p>\n<p>Transferts RC Toulon 2025 : Recrues, d\u00e9parts et prolongations<\/p>\n<p>Arriv\u00e9es, d\u00e9parts et prolongations au RC Toulon<\/p>\n<p>Lire l&rsquo;article<\/p>\n<p>dicodusport.fr<\/p>\n","protected":false},"excerpt":{"rendered":"TRANSFERTS RUGBY \u2013 Selon Rugby Scope, le RC Toulon voudrait signer l\u2019international argentin Tomas Albornoz.\u00a0 Alors que la&hellip;\n","protected":false},"author":2,"featured_media":283754,"comment_status":"","ping_status":"","sticky":false,"template":"","format":"standard","meta":{"footnotes":""},"categories":[9619],"tags":[1111,11,2113,1777,674,1011,27,12,882,25,2115,2310,477],"class_list":{"0":"post-283753","1":"post","2":"type-post","3":"status-publish","4":"format-standard","5":"has-post-thumbnail","7":"category-toulon","8":"tag-actu","9":"tag-actualites","10":"tag-breve","11":"tag-eu","12":"tag-europe","13":"tag-fr","14":"tag-france","15":"tag-news","16":"tag-provence-alpes-cote-dazur","17":"tag-republique-francaise","18":"tag-rugby-a-xv","19":"tag-toulon","20":"tag-transferts-rugby"},"share_on_mastodon":{"url":"https:\/\/pubeurope.com\/@fr\/114940996774050671","error":""},"_links":{"self":[{"href":"https:\/\/www.europesays.com\/fr\/wp-json\/wp\/v2\/posts\/283753","targetHints":{"allow":["GET"]}}],"collection":[{"href":"https:\/\/www.europesays.com\/fr\/wp-json\/wp\/v2\/posts"}],"about":[{"href":"https:\/\/www.europesays.com\/fr\/wp-json\/wp\/v2\/types\/post"}],"author":[{"embeddable":true,"href":"https:\/\/www.europesays.com\/fr\/wp-json\/wp\/v2\/users\/2"}],"replies":[{"embeddable":true,"href":"https:\/\/www.europesays.com\/fr\/wp-json\/wp\/v2\/comments?post=283753"}],"version-history":[{"count":0,"href":"https:\/\/www.europesays.com\/fr\/wp-json\/wp\/v2\/posts\/283753\/revisions"}],"wp:featuredmedia":[{"embeddable":true,"href":"https:\/\/www.europesays.com\/fr\/wp-json\/wp\/v2\/media\/283754"}],"wp:attachment":[{"href":"https:\/\/www.europesays.com\/fr\/wp-json\/wp\/v2\/media?parent=283753"}],"wp:term":[{"taxonomy":"category","embeddable":true,"href":"https:\/\/www.europesays.com\/fr\/wp-json\/wp\/v2\/categories?post=283753"},{"taxonomy":"post_tag","embeddable":true,"href":"https:\/\/www.europesays.com\/fr\/wp-json\/wp\/v2\/tags?post=283753"}],"curies":[{"name":"wp","href":"https:\/\/api.w.org\/{rel}","templated":true}]}}