{"id":283761,"date":"2025-07-30T07:29:16","date_gmt":"2025-07-30T07:29:16","guid":{"rendered":"https:\/\/www.europesays.com\/fr\/283761\/"},"modified":"2025-07-30T07:29:16","modified_gmt":"2025-07-30T07:29:16","slug":"touche-a-une-cuisse-un-milieu-incertain-contre-fleury","status":"publish","type":"post","link":"https:\/\/www.europesays.com\/fr\/283761\/","title":{"rendered":"touch\u00e9 \u00e0 une cuisse, un milieu incertain contre Fleury"},"content":{"rendered":"<p>Zapping Foot National Les Petits Princes du Rocher, immersion dans le Groupe \u00c9lite de l\u2019AS Monaco !<\/p>\n<p>Le coup d&rsquo;envoi de la saison 2025-2026 du championnat National sera donn\u00e9 le vendredi 8 ao\u00fbt (19h30). Pour cette premi\u00e8re journ\u00e9e, le FC Rouen se pr\u00e9pare \u00e0 accueillir le FC Fleury 91 au stade Robert Diochon, une rencontre qui sera \u00e0 suivre <a href=\"https:\/\/www.foot-national.com\/data\/live-foot.html\" rel=\"nofollow noopener\" target=\"_blank\">en direct<\/a> sur Foot-National.<\/p>\n<blockquote>\n<p><a href=\"https:\/\/www.foot-national.com\/actus\/national-le-calendrier-complet-de-la-saison-2025-2026-918815\" rel=\"nofollow noopener\" target=\"_blank\">&gt; National : le calendrier de la saison 2025-2026.<\/a><\/p>\n<\/blockquote>\n<p><strong>Mustapha Benzia est victime d&rsquo;une l\u00e9sion musculaire<\/strong><\/p>\n<p>Cependant, la pr\u00e9paration rouennaise est entach\u00e9e par une mauvaise nouvelle. Selon les informations du <a href=\"https:\/\/www.paris-normandie.fr\/id649110\/article\/2025-07-29\/football-national-un-milieu-defensif-larret-coup-dur-pour-le-fc-rouen?utm_medium=post_organique&amp;utm_source=Facebook&amp;fbclid=IwQ0xDSwL1wG1leHRuA2FlbQIxMAABHsuP33RhtITCE6ua7-G_pxN613v-mWygZkrp9xPhQwpdVsNHBVsP8CzxPgoX_aem_ll-qOfNU-MPFqc0j5YWy1A\" rel=\"nofollow noopener\" target=\"_blank\">Paris-Normandie<\/a>, Mustapha Benzia est victime d&rsquo;une l\u00e9sion musculaire \u00e0 une cuisse. Le milieu de terrain d\u00e9fensif est \u00e0 l&rsquo;arr\u00eat pour deux semaines, ce qui pourrait le priver de la r\u00e9ception du club essonnien.<\/p>\n<p>Partagez cette info avec vos amis et vos proches en cliquant ici<br \/>Pour r\u00e9sumer<\/p>\n<p>La reprise du National approche, mais le FC Rouen pourrait devoir faire sans Mustapha Benzia pour la premi\u00e8re journ\u00e9e contre Fleury. Selon les informations du Paris-Normandie, le milieu de terrain d\u00e9fensif est bless\u00e9 \u00e0 une cuisse.<\/p>\n<p> <img decoding=\"async\" width=\"76\" height=\"76\" loading=\"lazy\" src=\"https:\/\/static.wui.fr\/images_v3\/avatar-footnational.png\" alt=\"Aris Djennadi\"\/><\/p>\n","protected":false},"excerpt":{"rendered":"Zapping Foot National Les Petits Princes du Rocher, immersion dans le Groupe \u00c9lite de l\u2019AS Monaco ! Le&hellip;\n","protected":false},"author":2,"featured_media":283762,"comment_status":"","ping_status":"","sticky":false,"template":"","format":"standard","meta":{"footnotes":""},"categories":[9587],"tags":[1111,11,1777,674,1011,27,12,5161,25,9590],"class_list":{"0":"post-283761","1":"post","2":"type-post","3":"status-publish","4":"format-standard","5":"has-post-thumbnail","7":"category-rouen","8":"tag-actu","9":"tag-actualites","10":"tag-eu","11":"tag-europe","12":"tag-fr","13":"tag-france","14":"tag-news","15":"tag-normandie","16":"tag-republique-francaise","17":"tag-rouen"},"share_on_mastodon":{"url":"https:\/\/pubeurope.com\/@fr\/114941012491616300","error":""},"_links":{"self":[{"href":"https:\/\/www.europesays.com\/fr\/wp-json\/wp\/v2\/posts\/283761","targetHints":{"allow":["GET"]}}],"collection":[{"href":"https:\/\/www.europesays.com\/fr\/wp-json\/wp\/v2\/posts"}],"about":[{"href":"https:\/\/www.europesays.com\/fr\/wp-json\/wp\/v2\/types\/post"}],"author":[{"embeddable":true,"href":"https:\/\/www.europesays.com\/fr\/wp-json\/wp\/v2\/users\/2"}],"replies":[{"embeddable":true,"href":"https:\/\/www.europesays.com\/fr\/wp-json\/wp\/v2\/comments?post=283761"}],"version-history":[{"count":0,"href":"https:\/\/www.europesays.com\/fr\/wp-json\/wp\/v2\/posts\/283761\/revisions"}],"wp:featuredmedia":[{"embeddable":true,"href":"https:\/\/www.europesays.com\/fr\/wp-json\/wp\/v2\/media\/283762"}],"wp:attachment":[{"href":"https:\/\/www.europesays.com\/fr\/wp-json\/wp\/v2\/media?parent=283761"}],"wp:term":[{"taxonomy":"category","embeddable":true,"href":"https:\/\/www.europesays.com\/fr\/wp-json\/wp\/v2\/categories?post=283761"},{"taxonomy":"post_tag","embeddable":true,"href":"https:\/\/www.europesays.com\/fr\/wp-json\/wp\/v2\/tags?post=283761"}],"curies":[{"name":"wp","href":"https:\/\/api.w.org\/{rel}","templated":true}]}}