{"id":283775,"date":"2025-07-30T07:36:11","date_gmt":"2025-07-30T07:36:11","guid":{"rendered":"https:\/\/www.europesays.com\/fr\/283775\/"},"modified":"2025-07-30T07:36:11","modified_gmt":"2025-07-30T07:36:11","slug":"pres-de-nice-la-fouille-de-cette-voiture-savere-stupefiante-jackpot-pour-la-douane","status":"publish","type":"post","link":"https:\/\/www.europesays.com\/fr\/283775\/","title":{"rendered":"Pr\u00e8s de Nice. La fouille de cette voiture s&rsquo;av\u00e8re stup\u00e9fiante, jackpot\u00a0pour\u00a0la\u00a0douane"},"content":{"rendered":"<p>            Par<br \/>\n        <strong><br \/>\n            <a href=\"https:\/\/actu.fr\/auteur\/ugo-maillard\" title=\"Consulter tous les articles de Ugo Maillard\" rel=\"nofollow noopener\" target=\"_blank\">Ugo Maillard<\/a><br \/>\n        <\/strong><\/p>\n<p>        Publi\u00e9 le<\/p>\n<p>            29 juil. 2025 \u00e0 12h12        <\/p>\n<p>Les op\u00e9rations de contr\u00f4les sur les points sensibles du d\u00e9partement des <a href=\"https:\/\/actu.fr\/provence-alpes-cote-d-azur\/alpes-maritimes_06\" rel=\"nofollow noopener\" target=\"_blank\">Alpes-Maritimes<\/a> se poursuivent. Le vendredi 25\u00a0juillet 2025, des agents de la <strong>brigade des douanes de Menton<\/strong> \u00e9taient positionn\u00e9s au niveau du p\u00e9age de la Turbie, entre Nice et Monaco. Les douaniers remarquent un v\u00e9hicule immatricul\u00e9 en Espagne circulant dans le sens France \u2013 Italie. La fouille de la voiture n\u2019a pas \u00e9t\u00e9 vaine puisque les agents ont d\u00e9couvert des <strong>produits stup\u00e9fiants<\/strong>, a appris <a href=\"https:\/\/actu.fr\/nice\/\" rel=\"nofollow noopener\" target=\"_blank\">actu Nice<\/a>.<\/p>\n<p>    <a href=\"https:\/\/www.google.com\/maps\/embed?pb=!1m18!1m12!1m3!1d46118.389124657915!2d7.337040069188051!3d43.74380387109795!2m3!1f0!2f0!3f0!3m2!1i1024!2i768!4f13.1!3m3!1m2!1s0x12cdc326c4749f0f%3A0x354f256b1d020021!2sP%C3%A9age%20de%20La%20Turbie!5e0!3m2!1sfr!2sfr!4v1753781840133!5m2!1sfr!2sfr\" title=\"Ouvrie le lien\" rel=\"nofollow noopener\" target=\"_blank\">Cliquez ici pour visualiser le contenu<\/a><\/p>\n<p class=\" wall-content\">Le conducteur du v\u00e9hicule indique \u00e0 la Direction r\u00e9gionale des douanes et droits indirects de Nice qu\u2019il effectue un trajet entre Barcelone et Milan. Un voyage qui n\u2019a pas manqu\u00e9 d\u2019\u00e9veiller la curiosit\u00e9 des agents.<\/p>\n<p>Six kilos de cannabis<\/p>\n<p class=\" wall-content\">Vendredi, les douaniers d\u00e9cident d\u2019inspecter l\u2019int\u00e9rieur de ce v\u00e9hicule avec l\u2019\u00e9quipe ma\u00eetre chien antistup\u00e9fiants. \u00ab\u2009Le chien effectue un net marquage sur l\u2019arri\u00e8re du dossier du si\u00e8ge du conducteur. Les agents des douanes d\u00e9cident d\u2019approfondir la fouille et d\u2019ouvrir le si\u00e8ge via le m\u00e9canisme visible\u2009\u00bb, indique la direction des douanes locales.<\/p>\n<p class=\" wall-content\">Les douaniers d\u00e9couvrent deux sachets plastiques transparents contenant du cannabis. En fouillant le dossier du si\u00e8ge passager, ils d\u00e9couvrent \u00e9galement de la <a href=\"https:\/\/actu.fr\/tag\/drogue\" rel=\"nofollow noopener\" target=\"_blank\">drogue<\/a>.<\/p>\n<p class=\" wall-content\">Au total, ce sont plus de <strong>six kilos de pollen de cannabis<\/strong> qui ont \u00e9t\u00e9 saisis. Le pollen est la forme la plus pure de cette drogue.<\/p>\n<p>Jug\u00e9 et condamn\u00e9<\/p>\n<p class=\" wall-content\">En approfondissant le contr\u00f4le, les douaniers de la brigade de Menton apprennent que le conducteur du v\u00e9hicule est d\u00e9favorablement connu de la justice dans d\u2019autres pays.<\/p>\n<p class=\" wall-content\">Il reconna\u00eet alors que le v\u00e9hicule lui avait \u00e9t\u00e9 remis par une organisation de fraude \u00e0 Barcelone. Il a indiqu\u00e9 avoir accept\u00e9 ce transport de stup\u00e9fiants pour rembourser des dettes.<\/p>\n<p class=\" wall-content\">Direction le tribunal de Nice pour le conducteur. Il a \u00e9t\u00e9 jug\u00e9 en comparution imm\u00e9diate le lundi 28\u00a0juillet et a \u00e9t\u00e9 condamn\u00e9 \u00e0<strong> 30\u00a0mois d\u2019emprisonnement<\/strong>, \u00e0 une interdiction du territoire fran\u00e7ais pendant 5\u00a0ans et \u00e0 une amende douani\u00e8re de 60\u2009400\u00a0euros.<\/p>\n<p class=\" wall-content\">Suivez toute l\u2019actualit\u00e9 de vos villes et m\u00e9dias favoris en vous inscrivant \u00e0 <a href=\"https:\/\/moncompte.actu.fr\" title=\"D\u00e9couvez Mon Actu\" rel=\"nofollow noopener\" data-trk=\"{&quot;cta&quot;:{&quot;action&quot;:&quot;https:\\\/\\\/moncompte.actu.fr&quot;,&quot;category&quot;:&quot;mon compte&quot;,&quot;from&quot;:&quot;article footer&quot;,&quot;name&quot;:&quot;Mon actu&quot;,&quot;type&quot;:&quot;cta&quot;}}\" target=\"_blank\">Mon Actu<\/a>.<\/p>\n","protected":false},"excerpt":{"rendered":"Par Ugo Maillard Publi\u00e9 le 29 juil. 2025 \u00e0 12h12 Les op\u00e9rations de contr\u00f4les sur les points sensibles&hellip;\n","protected":false},"author":2,"featured_media":283776,"comment_status":"","ping_status":"","sticky":false,"template":"","format":"standard","meta":{"footnotes":""},"categories":[2819],"tags":[1111,11,1052,1777,674,118,1011,27,12,2401,882,25],"class_list":{"0":"post-283775","1":"post","2":"type-post","3":"status-publish","4":"format-standard","5":"has-post-thumbnail","7":"category-nice","8":"tag-actu","9":"tag-actualites","10":"tag-drogue","11":"tag-eu","12":"tag-europe","13":"tag-faits-divers","14":"tag-fr","15":"tag-france","16":"tag-news","17":"tag-nice","18":"tag-provence-alpes-cote-dazur","19":"tag-republique-francaise"},"share_on_mastodon":{"url":"https:\/\/pubeurope.com\/@fr\/114941040002393330","error":""},"_links":{"self":[{"href":"https:\/\/www.europesays.com\/fr\/wp-json\/wp\/v2\/posts\/283775","targetHints":{"allow":["GET"]}}],"collection":[{"href":"https:\/\/www.europesays.com\/fr\/wp-json\/wp\/v2\/posts"}],"about":[{"href":"https:\/\/www.europesays.com\/fr\/wp-json\/wp\/v2\/types\/post"}],"author":[{"embeddable":true,"href":"https:\/\/www.europesays.com\/fr\/wp-json\/wp\/v2\/users\/2"}],"replies":[{"embeddable":true,"href":"https:\/\/www.europesays.com\/fr\/wp-json\/wp\/v2\/comments?post=283775"}],"version-history":[{"count":0,"href":"https:\/\/www.europesays.com\/fr\/wp-json\/wp\/v2\/posts\/283775\/revisions"}],"wp:featuredmedia":[{"embeddable":true,"href":"https:\/\/www.europesays.com\/fr\/wp-json\/wp\/v2\/media\/283776"}],"wp:attachment":[{"href":"https:\/\/www.europesays.com\/fr\/wp-json\/wp\/v2\/media?parent=283775"}],"wp:term":[{"taxonomy":"category","embeddable":true,"href":"https:\/\/www.europesays.com\/fr\/wp-json\/wp\/v2\/categories?post=283775"},{"taxonomy":"post_tag","embeddable":true,"href":"https:\/\/www.europesays.com\/fr\/wp-json\/wp\/v2\/tags?post=283775"}],"curies":[{"name":"wp","href":"https:\/\/api.w.org\/{rel}","templated":true}]}}