{"id":283777,"date":"2025-07-30T07:37:09","date_gmt":"2025-07-30T07:37:09","guid":{"rendered":"https:\/\/www.europesays.com\/fr\/283777\/"},"modified":"2025-07-30T07:37:09","modified_gmt":"2025-07-30T07:37:09","slug":"alerte-aux-orages-dans-les-alpes-maritimes-voici-les-communes-concernees","status":"publish","type":"post","link":"https:\/\/www.europesays.com\/fr\/283777\/","title":{"rendered":"Alerte aux orages dans les Alpes-Maritimes, voici les communes concern\u00e9es"},"content":{"rendered":"<p>            Par<br \/>\n        <strong><br \/>\n            <a href=\"https:\/\/actu.fr\/auteur\/ugo-maillard\" title=\"Consulter tous les articles de Ugo Maillard\" rel=\"nofollow noopener\" target=\"_blank\">Ugo Maillard<\/a><br \/>\n        <\/strong><\/p>\n<p>        Publi\u00e9 le<\/p>\n<p>            30 juil. 2025 \u00e0 9h04        <\/p>\n<p>\u00c0 l\u2019instar de la<a href=\"https:\/\/actu.fr\/provence-alpes-cote-d-azur\/nice_06088\/meteo-a-nice-orages-pluie-double-vigilances-activees-dans-les-alpes-maritimes_62964269.html\" rel=\"nofollow noopener\" target=\"_blank\"> journ\u00e9e de lundi<\/a>, le d\u00e9partement des <a href=\"https:\/\/actu.fr\/provence-alpes-cote-d-azur\/alpes-maritimes_06\" rel=\"nofollow noopener\" target=\"_blank\">Alpes-Maritimes<\/a> est \u00e0 nouveau plac\u00e9 en <strong>vigilance jaune aux orages<\/strong> durant cette journ\u00e9e du mercredi 30\u00a0juillet 2025.<\/p>\n<p class=\" wall-content\">Selon les donn\u00e9es de M\u00e9t\u00e9o France, les villes \u00e0 l\u2019ouest du d\u00e9partement seront concern\u00e9es par la foudre et des averses.<\/p>\n<p class=\" wall-content\">On fait le point sur les conditions m\u00e9t\u00e9orologiques \u00e0 <a href=\"https:\/\/actu.fr\/nice\/\" rel=\"nofollow noopener\" target=\"_blank\">Nice<\/a>, sur le littoral et dans le reste du d\u00e9partement.<\/p>\n<p>Le secteur de Grasse touch\u00e9<\/p>\n<p class=\" wall-content\">Au regard des donn\u00e9es du service officiel de la m\u00e9t\u00e9orologie et de la climatologie en France, les communes situ\u00e9es \u00e0 proximit\u00e9 de Grasse sont soumises \u00e0 un risque d\u2019orage.<\/p>\n<p>    <a href=\"https:\/\/www.google.com\/maps\/embed?pb=!1m18!1m12!1m3!1d73328.78003763196!2d6.934421095474789!3d43.64525929434796!2m3!1f0!2f0!3f0!3m2!1i1024!2i768!4f13.1!3m3!1m2!1s0x12cc25fe3958edfb%3A0x117727988cf82e2d!2sGrasse!5e0!3m2!1sfr!2sfr!4v1753858455977!5m2!1sfr!2sfr\" title=\"Ouvrie le lien\" rel=\"nofollow noopener\" target=\"_blank\">Cliquez ici pour visualiser le contenu<\/a><\/p>\n<p class=\" wall-content\">La vigilance jaune aux orages \u00e9mise par M\u00e9t\u00e9o France est <strong>en vigueur de 12h \u00e0 18h<\/strong> ce mercredi.<\/p>\n<p class=\" wall-content\">\u00c0 noter que la pluie est attendue sur un large secteur des Alpes-Maritimes allant de Tende \u00e0 Saint-Auban.<\/p>\n<p class=\" wall-content\">Suivez toute l\u2019actualit\u00e9 de vos villes et m\u00e9dias favoris en vous inscrivant \u00e0 <a href=\"https:\/\/moncompte.actu.fr\" title=\"D\u00e9couvez Mon Actu\" rel=\"nofollow noopener\" data-trk=\"{&quot;cta&quot;:{&quot;action&quot;:&quot;https:\\\/\\\/moncompte.actu.fr&quot;,&quot;category&quot;:&quot;mon compte&quot;,&quot;from&quot;:&quot;article footer&quot;,&quot;name&quot;:&quot;Mon actu&quot;,&quot;type&quot;:&quot;cta&quot;}}\" target=\"_blank\">Mon Actu<\/a>.<\/p>\n","protected":false},"excerpt":{"rendered":"Par Ugo Maillard Publi\u00e9 le 30 juil. 2025 \u00e0 9h04 \u00c0 l\u2019instar de la journ\u00e9e de lundi, le&hellip;\n","protected":false},"author":2,"featured_media":283778,"comment_status":"","ping_status":"","sticky":false,"template":"","format":"standard","meta":{"footnotes":""},"categories":[2819],"tags":[1111,11,1777,674,1011,27,2487,2357,12,2401,4594,882,25],"class_list":{"0":"post-283777","1":"post","2":"type-post","3":"status-publish","4":"format-standard","5":"has-post-thumbnail","7":"category-nice","8":"tag-actu","9":"tag-actualites","10":"tag-eu","11":"tag-europe","12":"tag-fr","13":"tag-france","14":"tag-meteo","15":"tag-meteo-france","16":"tag-news","17":"tag-nice","18":"tag-orages","19":"tag-provence-alpes-cote-dazur","20":"tag-republique-francaise"},"share_on_mastodon":{"url":"https:\/\/pubeurope.com\/@fr\/114941043845810523","error":""},"_links":{"self":[{"href":"https:\/\/www.europesays.com\/fr\/wp-json\/wp\/v2\/posts\/283777","targetHints":{"allow":["GET"]}}],"collection":[{"href":"https:\/\/www.europesays.com\/fr\/wp-json\/wp\/v2\/posts"}],"about":[{"href":"https:\/\/www.europesays.com\/fr\/wp-json\/wp\/v2\/types\/post"}],"author":[{"embeddable":true,"href":"https:\/\/www.europesays.com\/fr\/wp-json\/wp\/v2\/users\/2"}],"replies":[{"embeddable":true,"href":"https:\/\/www.europesays.com\/fr\/wp-json\/wp\/v2\/comments?post=283777"}],"version-history":[{"count":0,"href":"https:\/\/www.europesays.com\/fr\/wp-json\/wp\/v2\/posts\/283777\/revisions"}],"wp:featuredmedia":[{"embeddable":true,"href":"https:\/\/www.europesays.com\/fr\/wp-json\/wp\/v2\/media\/283778"}],"wp:attachment":[{"href":"https:\/\/www.europesays.com\/fr\/wp-json\/wp\/v2\/media?parent=283777"}],"wp:term":[{"taxonomy":"category","embeddable":true,"href":"https:\/\/www.europesays.com\/fr\/wp-json\/wp\/v2\/categories?post=283777"},{"taxonomy":"post_tag","embeddable":true,"href":"https:\/\/www.europesays.com\/fr\/wp-json\/wp\/v2\/tags?post=283777"}],"curies":[{"name":"wp","href":"https:\/\/api.w.org\/{rel}","templated":true}]}}