{"id":283788,"date":"2025-07-30T07:44:28","date_gmt":"2025-07-30T07:44:28","guid":{"rendered":"https:\/\/www.europesays.com\/fr\/283788\/"},"modified":"2025-07-30T07:44:28","modified_gmt":"2025-07-30T07:44:28","slug":"jep-2025-la-region-hauts-de-france-ouvre-ses-portes-a-lille-et-amiens-2","status":"publish","type":"post","link":"https:\/\/www.europesays.com\/fr\/283788\/","title":{"rendered":"JEP 2025 : la R\u00e9gion Hauts-de-France ouvre ses portes \u00e0 Lille et Amiens"},"content":{"rendered":"<p>Le dimanche 21 septembre 2025, la R\u00e9gion Hauts-de-France ouvre les portes de son Si\u00e8ge \u00e0 Lille et de son H\u00f4tel de R\u00e9gion \u00e0 Amiens \u00e0 l\u2019occasion de la 42\u1d49 \u00e9dition des Journ\u00e9es Europ\u00e9ennes du Patrimoine. Une belle opportunit\u00e9 de (re)d\u00e9couvrir les lieux o\u00f9 se prennent les d\u00e9cisions qui fa\u00e7onnent le quotidien des habitants, dans une ambiance conviviale et p\u00e9dagogique.\n<\/p>\n<p>Cette ann\u00e9e, <a href=\"https:\/\/journeesdupatrimoine.culture.gouv.fr\/\" target=\"_blank\" rel=\"noopener\">les Journ\u00e9es Europ\u00e9ennes du Patrimoine<\/a> se tiendront du 19 au 21 septembre 2025 et auront pour th\u00e9matique le \u00ab\u00a0patrimoine architectural\u00a0\u00bb. Une mani\u00e8re de mettre en lumi\u00e8re la richesse et la diversit\u00e9 architecturale des Hauts-de-France, tout en renfor\u00e7ant le lien entre les citoyens et leur territoire.<\/p>\n<p>Visites guid\u00e9es gratuites et sur inscription<\/p>\n<p>Comme chaque ann\u00e9e, les visites guid\u00e9es seront gratuites et sur inscription afin de garantir un accueil de qualit\u00e9 et s\u00e9curis\u00e9.<br \/>En parall\u00e8le, des animations seront propos\u00e9es dans les halls d\u2019accueil, permettant \u00e0 tous de profiter de cette journ\u00e9e m\u00eame sans inscription pr\u00e9alable.<\/p>\n<p>\u00c0 Lille : d\u00e9couvrez le Si\u00e8ge de la R\u00e9gion<\/p>\n<p><strong>Six visites panoramiques de la tour &#8211; remplissez l&rsquo;un des formulaires ci-dessous \u00e0 l&rsquo;heure qui vous convient<\/strong><\/p>\n<ul>\n<li>Dur\u00e9e : 45 min \u2013 8 personnes par groupe<\/li>\n<\/ul>\n<p><strong>Six visites panoramiques des toits &#8211; remplissez l&rsquo;un des formulaires ci-dessous \u00e0 l&rsquo;heure qui vous convient<\/strong><\/p>\n<ul>\n<li>Dur\u00e9e : 1 h \u2013 15 personnes par groupe<\/li>\n<\/ul>\n<p><strong>Neuf visites institutionnelles &#8211; remplissez l&rsquo;un des formulaires ci-dessous \u00e0 l&rsquo;heure qui vous convient<\/strong><\/p>\n<ul>\n<li>Dur\u00e9e : 45 min \u2013 40 personnes par groupe<\/li>\n<\/ul>\n<p>\u00c0 Amiens : plongez dans l\u2019histoire et les missions de la R\u00e9gion<\/p>\n<p><strong>Huit<\/strong> <strong>visites historiques et institutionnelles<\/strong><strong> &#8211; remplissez l&rsquo;un des formulaires ci-dessous \u00e0 l&rsquo;heure qui vous convient<\/strong><\/p>\n<ul>\n<li style=\"list-style-type: none;\">\n<ul>\n<li>Dur\u00e9e : 45 min \u2013 20 personnes par groupe<\/li>\n<\/ul>\n<\/li>\n<\/ul>\n","protected":false},"excerpt":{"rendered":"Le dimanche 21 septembre 2025, la R\u00e9gion Hauts-de-France ouvre les portes de son Si\u00e8ge \u00e0 Lille et de&hellip;\n","protected":false},"author":2,"featured_media":283789,"comment_status":"","ping_status":"","sticky":false,"template":"","format":"standard","meta":{"footnotes":""},"categories":[2815],"tags":[1111,11,2327,1777,674,1011,27,811,1307,12,2551,25],"class_list":{"0":"post-283788","1":"post","2":"type-post","3":"status-publish","4":"format-standard","5":"has-post-thumbnail","7":"category-lille","8":"tag-actu","9":"tag-actualites","10":"tag-conseil-regional","11":"tag-eu","12":"tag-europe","13":"tag-fr","14":"tag-france","15":"tag-hauts-de-france","16":"tag-lille","17":"tag-news","18":"tag-patrimoine","19":"tag-republique-francaise"},"share_on_mastodon":{"url":"https:\/\/pubeurope.com\/@fr\/114941071439330078","error":""},"_links":{"self":[{"href":"https:\/\/www.europesays.com\/fr\/wp-json\/wp\/v2\/posts\/283788","targetHints":{"allow":["GET"]}}],"collection":[{"href":"https:\/\/www.europesays.com\/fr\/wp-json\/wp\/v2\/posts"}],"about":[{"href":"https:\/\/www.europesays.com\/fr\/wp-json\/wp\/v2\/types\/post"}],"author":[{"embeddable":true,"href":"https:\/\/www.europesays.com\/fr\/wp-json\/wp\/v2\/users\/2"}],"replies":[{"embeddable":true,"href":"https:\/\/www.europesays.com\/fr\/wp-json\/wp\/v2\/comments?post=283788"}],"version-history":[{"count":0,"href":"https:\/\/www.europesays.com\/fr\/wp-json\/wp\/v2\/posts\/283788\/revisions"}],"wp:featuredmedia":[{"embeddable":true,"href":"https:\/\/www.europesays.com\/fr\/wp-json\/wp\/v2\/media\/283789"}],"wp:attachment":[{"href":"https:\/\/www.europesays.com\/fr\/wp-json\/wp\/v2\/media?parent=283788"}],"wp:term":[{"taxonomy":"category","embeddable":true,"href":"https:\/\/www.europesays.com\/fr\/wp-json\/wp\/v2\/categories?post=283788"},{"taxonomy":"post_tag","embeddable":true,"href":"https:\/\/www.europesays.com\/fr\/wp-json\/wp\/v2\/tags?post=283788"}],"curies":[{"name":"wp","href":"https:\/\/api.w.org\/{rel}","templated":true}]}}