{"id":283794,"date":"2025-07-30T07:47:10","date_gmt":"2025-07-30T07:47:10","guid":{"rendered":"https:\/\/www.europesays.com\/fr\/283794\/"},"modified":"2025-07-30T07:47:10","modified_gmt":"2025-07-30T07:47:10","slug":"vehicule-percute-jets-de-projectiles-des-policiers-pris-a-partie-dans-les-quartiers-nord-de-marseille-deux-agents-blesses","status":"publish","type":"post","link":"https:\/\/www.europesays.com\/fr\/283794\/","title":{"rendered":"V\u00e9hicule percut\u00e9, jets de projectiles : des policiers pris \u00e0 partie dans les quartiers nord de Marseille, deux agents bless\u00e9s"},"content":{"rendered":"<p class=\"p1\">Dans la soir\u00e9e du lundi 28 juillet, une voiture de police a \u00e9t\u00e9 percut\u00e9e de plein fouet dans les quartiers nord de <a href=\"https:\/\/www.valeursactuelles.com\/faits-divers\/marseille-une-eleve-policiere-tabassee-dans-sa-propre-cite-sous-les-yeux-de-son-compagnon\" target=\"_blank\" rel=\"noopener\">Marseille<\/a> (Bouches-du-Rh\u00f4ne) alors que les forces de l\u2019ordre \u00e9taient en pleine op\u00e9ration. Comme le rapporte <a href=\"https:\/\/www.bfmtv.com\/marseille\/info-bfm-marseille-une-voiture-de-police-percutee-dans-les-quartiers-nord-de-marseille-apres-le-refus-d-obtemperer-d-un-deux-roues_AN-202507290520.html\" target=\"_blank\" rel=\"nofollow noopener\">BFM TV<\/a>, les agents du GSP Nord\u00a0ont \u00e9t\u00e9 confront\u00e9s \u00e0 <a href=\"https:\/\/www.valeursactuelles.com\/regions\/auvergne-rhone-alpes\/rhone\/na\/faits-divers\/rhone-un-policier-municipal-blesse-par-un-homme-a-scooter-apres-un-refus-dobtemperer\" target=\"_blank\" rel=\"noopener\">un refus d\u2019obtemp\u00e9rer<\/a> avec une moto. Le v\u00e9hicule de police a alors pris en chasse le deux-roues avant d\u2019\u00eatre percut\u00e9. Dans un second temps, les policiers ont \u00e9t\u00e9 vis\u00e9s par des jets de projectiles de la part d\u2019une \u00ab\u00a0douzaine d\u2019individus\u00a0\u00bb. Deux policiers ont \u00e9t\u00e9 l\u00e9g\u00e8rement bless\u00e9s et transport\u00e9s \u00e0 l\u2019h\u00f4pital.<\/p>\n<p><a href=\"https:\/\/www.valeursactuelles.com\/clubvaleurs\/societe\/marseille-deal-fusillade-zone-de-non-droit-apres-les-quartiers-nord-le-sud\" class=\"h-flex h-align-items-center h-border-tb h-ptb-15\" target=\"_blank\" rel=\"noopener\">A\u00a0LIRE\u00a0Marseille : deal, fusillade, zone de non-droit\u2026 apr\u00e8s les quartiers nord, le sud<\/a><\/p>\n<p>Retrouvez-nous sur :<\/p>\n<blockquote class=\"wp-embedded-content\" data-secret=\"rV7eWR2Y4h\">\n<p><a href=\"https:\/\/www.valeursactuelles.com\/\" target=\"_blank\" rel=\"noopener\">Accueil<\/a><\/p>\n<\/blockquote>\n<p>\u2013 Facebook :<\/p>\n<p>https:\/\/www.facebook.com\/valeursactuelles.page\u00a0\u00bb&gt;<\/p>\n<p>\u00ab\u00a0Ceux qui les insultent et les d\u00e9fient seront punis\u00a0\u00bb<\/p>\n<p class=\"p1\">Sur X, le pr\u00e9fet de police des Bouches-du-Rh\u00f4ne \u00ab t\u00e9moigne son plein soutien, sa profonde reconnaissance et son admiration pour le sang-froid, la ma\u00eetrise et le courage de ces policiers heureusement l\u00e9g\u00e8rement bless\u00e9s\u00a0\u00bb, rappelant que les \u00ab\u00a0policiers travaillent avec acharnement, au p\u00e9ril parfois de leur vie\u00a0\u00bb. \u00ab\u00a0Ceux qui les insultent et les d\u00e9fient seront punis\u00a0\u00bb, conclut-il. Quant \u00e0 Martine Vassal, la pr\u00e9sidente de la m\u00e9tropole Aix-Marseille-Provence, elle affirme avoir \u00e9t\u00e9 \u00ab\u00a0choqu\u00e9e par ces images o\u00f9 des policiers apr\u00e8s avoir \u00e9t\u00e9 accident\u00e9s se retrouvent attaqu\u00e9s, insult\u00e9s, m\u00e9pris\u00e9s \u00e0 d\u00e9faut d\u2019\u00eatre secourus\u00a0\u00bb.<\/p>\n","protected":false},"excerpt":{"rendered":"Dans la soir\u00e9e du lundi 28 juillet, une voiture de police a \u00e9t\u00e9 percut\u00e9e de plein fouet dans&hellip;\n","protected":false},"author":2,"featured_media":283795,"comment_status":"","ping_status":"","sticky":false,"template":"","format":"standard","meta":{"footnotes":""},"categories":[2814],"tags":[1111,11,1777,674,1011,27,42290,884,12,1476,1072,882,2852,25],"class_list":{"0":"post-283794","1":"post","2":"type-post","3":"status-publish","4":"format-standard","5":"has-post-thumbnail","7":"category-marseille","8":"tag-actu","9":"tag-actualites","10":"tag-eu","11":"tag-europe","12":"tag-fr","13":"tag-france","14":"tag-jets-de-projectiles","15":"tag-marseille","16":"tag-news","17":"tag-operation","18":"tag-police","19":"tag-provence-alpes-cote-dazur","20":"tag-refus-dobtemperer","21":"tag-republique-francaise"},"share_on_mastodon":{"url":"https:\/\/pubeurope.com\/@fr\/114941083207110113","error":""},"_links":{"self":[{"href":"https:\/\/www.europesays.com\/fr\/wp-json\/wp\/v2\/posts\/283794","targetHints":{"allow":["GET"]}}],"collection":[{"href":"https:\/\/www.europesays.com\/fr\/wp-json\/wp\/v2\/posts"}],"about":[{"href":"https:\/\/www.europesays.com\/fr\/wp-json\/wp\/v2\/types\/post"}],"author":[{"embeddable":true,"href":"https:\/\/www.europesays.com\/fr\/wp-json\/wp\/v2\/users\/2"}],"replies":[{"embeddable":true,"href":"https:\/\/www.europesays.com\/fr\/wp-json\/wp\/v2\/comments?post=283794"}],"version-history":[{"count":0,"href":"https:\/\/www.europesays.com\/fr\/wp-json\/wp\/v2\/posts\/283794\/revisions"}],"wp:featuredmedia":[{"embeddable":true,"href":"https:\/\/www.europesays.com\/fr\/wp-json\/wp\/v2\/media\/283795"}],"wp:attachment":[{"href":"https:\/\/www.europesays.com\/fr\/wp-json\/wp\/v2\/media?parent=283794"}],"wp:term":[{"taxonomy":"category","embeddable":true,"href":"https:\/\/www.europesays.com\/fr\/wp-json\/wp\/v2\/categories?post=283794"},{"taxonomy":"post_tag","embeddable":true,"href":"https:\/\/www.europesays.com\/fr\/wp-json\/wp\/v2\/tags?post=283794"}],"curies":[{"name":"wp","href":"https:\/\/api.w.org\/{rel}","templated":true}]}}