{"id":283796,"date":"2025-07-30T07:48:10","date_gmt":"2025-07-30T07:48:10","guid":{"rendered":"https:\/\/www.europesays.com\/fr\/283796\/"},"modified":"2025-07-30T07:48:10","modified_gmt":"2025-07-30T07:48:10","slug":"lenfer-promis-aux-automobilistes-ce-samedi","status":"publish","type":"post","link":"https:\/\/www.europesays.com\/fr\/283796\/","title":{"rendered":"l\u2019enfer promis aux automobilistes ce samedi"},"content":{"rendered":"<p>Si le week-end \u00e9tait synonyme de difficult\u00e9s ces derni\u00e8res semaines, la journ\u00e9e de ce samedi 2 ao\u00fbt s\u2019annonce particuli\u00e8rement tendue. Bison Fut\u00e9 va en effet hisser le drapeau noir dans le sens des d\u00e9parts sur toute la France avec au bout une circulation \u00ab\u00a0extr\u00eamement difficile\u00a0\u00bb, notamment dans la Vall\u00e9e du Rh\u00f4ne et en direction des Alpes. Dans le sens des retours, le drapeau orange sera de sortie en Auvergne-Rh\u00f4ne-Alpes ce samedi.<\/p>\n<p>A noter que la journ\u00e9e du vendredi 1er ao\u00fbt sera \u00e9galement compliqu\u00e9e pour les automobilistes. Bison Fut\u00e9 voit rouge dans la r\u00e9gion dans le sens des d\u00e9parts, orange pour les retours. La couleur orange dominera aussi en Auvergne-Rh\u00f4ne-Alpes ce dimanche dans les deux sens de circulation.\u00a0<\/p>\n","protected":false},"excerpt":{"rendered":"Si le week-end \u00e9tait synonyme de difficult\u00e9s ces derni\u00e8res semaines, la journ\u00e9e de ce samedi 2 ao\u00fbt s\u2019annonce&hellip;\n","protected":false},"author":2,"featured_media":283797,"comment_status":"","ping_status":"","sticky":false,"template":"","format":"standard","meta":{"footnotes":""},"categories":[1889],"tags":[1111,11,2813,2190,2430,1109,251,1112,2811,1777,674,118,1011,27,1922,1110,1114,2428,2810,12,241,316,25,2812,517,800],"class_list":{"0":"post-283796","1":"post","2":"type-post","3":"status-publish","4":"format-standard","5":"has-post-thumbnail","7":"category-lyon","8":"tag-actu","9":"tag-actualites","10":"tag-article","11":"tag-asvel","12":"tag-auvergne-rhone-alpes","13":"tag-breves","14":"tag-culture","15":"tag-depeches","16":"tag-economique","17":"tag-eu","18":"tag-europe","19":"tag-faits-divers","20":"tag-fr","21":"tag-france","22":"tag-info","23":"tag-informations","24":"tag-infos","25":"tag-lyon","26":"tag-lyonmag","27":"tag-news","28":"tag-ol","29":"tag-politique","30":"tag-republique-francaise","31":"tag-sociale","32":"tag-sport","33":"tag-transports"},"share_on_mastodon":{"url":"https:\/\/pubeurope.com\/@fr\/114941087133319813","error":""},"_links":{"self":[{"href":"https:\/\/www.europesays.com\/fr\/wp-json\/wp\/v2\/posts\/283796","targetHints":{"allow":["GET"]}}],"collection":[{"href":"https:\/\/www.europesays.com\/fr\/wp-json\/wp\/v2\/posts"}],"about":[{"href":"https:\/\/www.europesays.com\/fr\/wp-json\/wp\/v2\/types\/post"}],"author":[{"embeddable":true,"href":"https:\/\/www.europesays.com\/fr\/wp-json\/wp\/v2\/users\/2"}],"replies":[{"embeddable":true,"href":"https:\/\/www.europesays.com\/fr\/wp-json\/wp\/v2\/comments?post=283796"}],"version-history":[{"count":0,"href":"https:\/\/www.europesays.com\/fr\/wp-json\/wp\/v2\/posts\/283796\/revisions"}],"wp:featuredmedia":[{"embeddable":true,"href":"https:\/\/www.europesays.com\/fr\/wp-json\/wp\/v2\/media\/283797"}],"wp:attachment":[{"href":"https:\/\/www.europesays.com\/fr\/wp-json\/wp\/v2\/media?parent=283796"}],"wp:term":[{"taxonomy":"category","embeddable":true,"href":"https:\/\/www.europesays.com\/fr\/wp-json\/wp\/v2\/categories?post=283796"},{"taxonomy":"post_tag","embeddable":true,"href":"https:\/\/www.europesays.com\/fr\/wp-json\/wp\/v2\/tags?post=283796"}],"curies":[{"name":"wp","href":"https:\/\/api.w.org\/{rel}","templated":true}]}}