{"id":283801,"date":"2025-07-30T07:53:11","date_gmt":"2025-07-30T07:53:11","guid":{"rendered":"https:\/\/www.europesays.com\/fr\/283801\/"},"modified":"2025-07-30T07:53:11","modified_gmt":"2025-07-30T07:53:11","slug":"capgemini-danone-kering-loreal-worldline-les-valeurs-a-suivre-aujourdhui-a-paris-30-07-2025-a-0925","status":"publish","type":"post","link":"https:\/\/www.europesays.com\/fr\/283801\/","title":{"rendered":"Capgemini, Danone, Kering, L&rsquo;Or\u00e9al, Worldline&#8230; les valeurs \u00e0 suivre aujourd&rsquo;hui \u00e0 Paris &#8211; &#8211; 30\/07\/2025 \u00e0 09:25"},"content":{"rendered":"<p>\n (AOF) &#8211;<br \/>\n <strong><br \/>\n  <a href=\"https:\/\/www.boursorama.com\/cours\/1rPAIR\/\" rel=\"nofollow noopener\" target=\"_blank\"><br \/>\n   Airbus<br \/>\n  <\/a><br \/>\n <\/strong>\n<\/p>\n<p>\n Le groupe a\u00e9ronautique annoncera ses r\u00e9sultats du premier semestre.\n<\/p>\n<p>\n <a href=\"https:\/\/www.boursorama.com\/cours\/1rPBB\/\" rel=\"nofollow noopener\" target=\"_blank\"><br \/>\n  Bic<br \/>\n <\/a>\n<\/p>\n<p>\n Le fabricant de stylos, rasoirs et autres articles promotionnels livrera ses r\u00e9sultats du premier semestre.\n<\/p>\n<p>\n <a href=\"https:\/\/www.boursorama.com\/cours\/1rPCAP\/\" rel=\"nofollow noopener\" target=\"_blank\"><br \/>\n  Capgemini<br \/>\n <\/a>\n<\/p>\n<p>\n A l&rsquo;occasion de la publication de ses comptes du premier semestre, Capgemini a resserr\u00e9 sa fourchette de croissance des revenus pour 2025. A taux de change constants, le chiffre d&rsquo;affaires est toujours attendu au pire en repli de 1% et au mieux en hausse de 1% contre une pr\u00e9c\u00e9dente fourchette de -2% \u00e0 +2%. La marge op\u00e9rationnelle est toujours anticip\u00e9e entre 13,3% et 13,5%. La g\u00e9n\u00e9ration de free cash flow organique a \u00e9t\u00e9 confirm\u00e9e \u00e0 environ 1,9 milliard d&rsquo;euros.\n<\/p>\n<p>\n Compagnie des Alpes\n<\/p>\n<p>\n Compagnie des Alpes a enregistr\u00e9 un chiffre d&rsquo;affaires de 1,12 milliard d&rsquo;euros sur l&rsquo;ensemble des 9 premiers mois de l&rsquo;exercice 2024\/25, en progression de 15,1% par rapport au chiffre d&rsquo;affaires de 978,5 millions d&rsquo;euros r\u00e9alis\u00e9 \u00e0 la m\u00eame p\u00e9riode de l&rsquo;exercice pr\u00e9c\u00e9dent. Au cours du seul troisi\u00e8me trimestre de l&rsquo;exercice 2024\/25 (p\u00e9riode allant du 1er avril au 30 juin 2025), le chiffre d&rsquo;affaires du sp\u00e9cialiste du secteur des loisirs a atteint 276,5 millions d&rsquo;euros, en croissance de 27,2% par rapport au 3\u00e8me trimestre de l&rsquo;exercice pr\u00e9c\u00e9dent.\n<\/p>\n<p>\n <a href=\"https:\/\/www.boursorama.com\/cours\/1rPBN\/\" rel=\"nofollow noopener\" target=\"_blank\"><br \/>\n  Danone<br \/>\n <\/a>\n<\/p>\n<p>\n Au premier semestre 2025, Danone a enregistr\u00e9 un chiffre d&rsquo;affaires de 13,73 milliards d&rsquo;euros, en progression de 4,2% en donn\u00e9es comparables, avec un volume\/mix de +2,6% et un effet prix de positif de 1,7%. La marge op\u00e9rationnelle courante est en hausse de 49 points de base \u00e0 13,2%, gr\u00e2ce \u00e0 la poursuite de l&rsquo;am\u00e9lioration de la marge des op\u00e9rations. Le r\u00e9sultat op\u00e9rationnel courant augmente de 3,7% \u00e0 1,746 milliard d&rsquo;euros. Le b\u00e9n\u00e9fice net par action courant est en progression de 5,8% \u00e0 1,91 euro, port\u00e9 par la performance op\u00e9rationnelle.\n<\/p>\n<p>\n <a href=\"https:\/\/www.boursorama.com\/cours\/1rPELIS\/\" rel=\"nofollow noopener\" target=\"_blank\"><br \/>\n  Elis<br \/>\n <\/a>\n<\/p>\n<p>\n Le groupe de blanchisserie industrielle pr\u00e9cisera ses r\u00e9sultats du premier semestre.\n<\/p>\n<p>\n <a href=\"https:\/\/www.boursorama.com\/cours\/1rPERA\/\" rel=\"nofollow noopener\" target=\"_blank\"><br \/>\n  Eramet<br \/>\n <\/a>\n<\/p>\n<p>\n L&rsquo;entreprise mini\u00e8re et m\u00e9tallurgique d\u00e9voilera ses r\u00e9sultats du premier semestre.\n<\/p>\n<p>\n <a href=\"https:\/\/www.boursorama.com\/cours\/1rPES\/\" rel=\"nofollow noopener\" target=\"_blank\"><br \/>\n  Esso<br \/>\n <\/a>\n<\/p>\n<p>\n Le groupe p\u00e9trolier pr\u00e9sentera ses r\u00e9sultats du premier semestre.\n<\/p>\n<p>\n <a href=\"https:\/\/www.boursorama.com\/cours\/1rPEXENS\/\" rel=\"nofollow noopener\" target=\"_blank\"><br \/>\n  Exosens<br \/>\n <\/a>\n<\/p>\n<p>\n Exosens a affich\u00e9 une forte progression de son chiffre d&rsquo;affaires au premier semestre 2025, poursuivant ainsi sa dynamique de croissance soutenue : +20,1% \u00e0 224,5 millions d&rsquo;euros, par rapport au premier semestre 2024. \u00c0 p\u00e9rim\u00e8tre et taux de change constants, le chiffre d&rsquo;affaires a augment\u00e9 de 13,2 % par rapport au premier semestre 2024, gr\u00e2ce \u00e0 la dynamique toujours forte du march\u00e9 de la D\u00e9fense. La marge brute ajust\u00e9e du groupe a atteint 111,5 millions d&rsquo;euros sur ce semestre, refl\u00e9tant une croissance robuste de 22,3% (soit +20,4 millions d&rsquo;euros) compar\u00e9 au premier semestre 2024.\n<\/p>\n<p>\n FDJ\n<\/p>\n<p>\n Le sp\u00e9cialiste europ\u00e9en des jeux d&rsquo;argent et de hasard livrera ses r\u00e9sultats du premier semestre.\n<\/p>\n<p>\n Groupe<br \/>\n <a href=\"https:\/\/www.boursorama.com\/cours\/1rPADP\/\" rel=\"nofollow noopener\" target=\"_blank\"><br \/>\n  ADP<br \/>\n <\/a>\n<\/p>\n<p>\n L&rsquo;exploitant de plateformes a\u00e9roportuaires communiquera ses r\u00e9sultats du premier semestre.\n<\/p>\n<p>\n <a href=\"https:\/\/www.boursorama.com\/cours\/1rPRMS\/\" rel=\"nofollow noopener\" target=\"_blank\"><br \/>\n  Herm\u00e8s<br \/>\n <\/a>\n<\/p>\n<p>\n Le chiffre d&rsquo;affaires consolid\u00e9 du groupe Herm\u00e8s au premier semestre 2025 s&rsquo;\u00e9l\u00e8ve \u00e0 8 milliards d&rsquo;euros, en croissance de 8% \u00e0 taux de change constants et de 7% \u00e0 taux de change courants par rapport \u00e0 la m\u00eame p\u00e9riode en 2024. Toutes les r\u00e9gions sont en croissance. Le r\u00e9sultat op\u00e9rationnel courant s&rsquo;\u00e9tablit \u00e0 3,3 milliards d&rsquo;euros (41,4% des ventes), en hausse de 6 %. La rentabilit\u00e9 op\u00e9rationnelle courante, malgr\u00e9 l&rsquo;impact n\u00e9gatif du change, atteint 41,4% contre 42% \u00e0 fin juin 2024.\n<\/p>\n<p>\n Hopscotch\n<\/p>\n<p>\n Le groupe de communication annoncera son chiffre d&rsquo;affaires du premier semestre.\n<\/p>\n<p>\n Icape\n<\/p>\n<p>\n Le distributeur de cartes de circuits imprim\u00e9s pr\u00e9sentera son chiffre d&rsquo;affaires du premier semestre.\n<\/p>\n<p>\n <strong><br \/>\n  Imerys<br \/>\n <\/strong>\n<\/p>\n<p>\n Le chiffre d&rsquo;affaires du premier semestre de 2025 d&rsquo;Imerys est stable \u00e0 1,75 milliard d&rsquo;euros \u00e0 donn\u00e9es comparables par rapport \u00e0 l&rsquo;ann\u00e9e derni\u00e8re (-0,4 %), dans un contexte marqu\u00e9 par la faiblesse persistante de l&rsquo;activit\u00e9 industrielle en Europe et le ralentissement de l&rsquo;\u00e9conomie nord-am\u00e9ricaine. L&rsquo;Ebitda ajust\u00e9 sur ce semestre s&rsquo;\u00e9l\u00e8ve \u00e0 281 millions d&rsquo;euros, traduisant une baisse de 71 millions d&rsquo;euros des contributions des coentreprises et un effet de p\u00e9rim\u00e8tre de -34 millions d&rsquo;euros. Sa marge d&rsquo;Ebitda ajust\u00e9 est de 16% contre 20% au premier semestre 2024.\n<\/p>\n<p>\n <strong><br \/>\n  <a href=\"https:\/\/www.boursorama.com\/cours\/1rPKER\/\" rel=\"nofollow noopener\" target=\"_blank\"><br \/>\n   Kering<br \/>\n  <\/a><br \/>\n <\/strong>\n<\/p>\n<p>\n Le r\u00e9sultat op\u00e9rationnel courant de Kering s&rsquo;\u00e9l\u00e8ve \u00e0 969 millions d&rsquo;euros au premier semestre 2025, soit une baisse de 39% sur un an. La marge op\u00e9rationnelle courante s&rsquo;\u00e9tablit \u00e0 12,8%, une dilution de 470 points de base par rapport \u00e0 l&rsquo;ann\u00e9e derni\u00e8re. Le r\u00e9sultat net part du groupe sur ce premier semestre atteint 474 millions d&rsquo;euros contre 878 millions d&rsquo;euros il y a un an \u00e0 la m\u00eame p\u00e9riode. Le chiffre d&rsquo;affaires a recul\u00e9 de 16% \u00e0 7,6 milliards d&rsquo;euros. Il a baiss\u00e9 de 15% en donn\u00e9es comparables.\n<\/p>\n<p>\n <a href=\"https:\/\/www.boursorama.com\/cours\/1rPLI\/\" rel=\"nofollow noopener\" target=\"_blank\"><br \/>\n  Kl\u00e9pierre<br \/>\n <\/a>\n<\/p>\n<p>\n La fonci\u00e8re sp\u00e9cialis\u00e9e dans les centres commerciaux livrera ses r\u00e9sultats du premier semestre.\n<\/p>\n<p>\n <strong><br \/>\n  <a href=\"https:\/\/www.boursorama.com\/cours\/1rPOR\/\" rel=\"nofollow noopener\" target=\"_blank\"><br \/>\n   L&rsquo;Or\u00e9al<br \/>\n  <\/a><br \/>\n <\/strong>\n<\/p>\n<p>\n Au premier semestre 2025, le chiffre d&rsquo;affaires de L&rsquo;Or\u00e9al ressort \u00e0 22,47 milliards d&rsquo;euros, soit une hausse de 3% \u00e0 donn\u00e9es comparables et de 1,6 % \u00e0 donn\u00e9es publi\u00e9es. Le r\u00e9sultat d&rsquo;exploitation s&rsquo;\u00e9tablit \u00e0 4,74 milliards d&rsquo;euros, en hausse de 3,1%, et ressort \u00e0 21,1% du chiffre d&rsquo;affaires, en progression de 30 points de base par rapport au premier semestre 2024. Toutes les divisions enregistrent une marge sup\u00e9rieure \u00e0 22 %. Le r\u00e9sultat net hors \u00e9l\u00e9ments non-r\u00e9currents s&rsquo;\u00e9l\u00e8ve \u00e0 3,78 milliards d&rsquo;euros en progression de 1%.\n<\/p>\n<p>\n <strong><br \/>\n  <a href=\"https:\/\/www.boursorama.com\/cours\/1rPMMT\/\" rel=\"nofollow noopener\" target=\"_blank\"><br \/>\n   M6<br \/>\n  <\/a><br \/>\n <\/strong>\n<\/p>\n<p>\n Au deuxi\u00e8me trimestre, M6 a connu une baisse de 12,7% du r\u00e9sultat net de la p\u00e9riode attribuable au groupe, \u00e0 38,3 millions d&rsquo;euros. Le r\u00e9sultat op\u00e9rationnel courant a recul\u00e9 de 6,9%, \u00e0 57,8 millions d&rsquo;euros, faisant ressortir une marge de 18,2%, en repli de 0,4 point. Le chiffre d&rsquo;affaires a recul\u00e9 de 5%, \u00e0 317,7 millions d&rsquo;euros, dont 266,3 millions d&rsquo;euros pour les revenus publicitaires, en repli de 3,8%. Les revenus non publicitaires ont recul\u00e9 de 11,1%, \u00e0 51,5 millions d&rsquo;euros. Le chiffre d&rsquo;affaires streaming a augment\u00e9 de 32,5% \u00e0 58,6 millions d&rsquo;euros.\n<\/p>\n<p>\n Manitou\n<\/p>\n<p>\n Le sp\u00e9cialiste des engins de manutention et d&rsquo;\u00e9l\u00e9vation de personnes signalera ses r\u00e9sultats du premier semestre.\n<\/p>\n<p>\n <strong><br \/>\n  <a href=\"https:\/\/www.boursorama.com\/cours\/1rPNEX\/\" rel=\"nofollow noopener\" target=\"_blank\"><br \/>\n   Nexans<br \/>\n  <\/a><br \/>\n <\/strong>\n<\/p>\n<p>\n Le sp\u00e9cialiste des c\u00e2bles a communiqu\u00e9 ses r\u00e9sultats du premier semestre. A suivre&#8230;\n<\/p>\n<p>\n NRJ Group\n<\/p>\n<p>\n Le groupe audiovisuel diffusera ses r\u00e9sultats du premier semestre.\n<\/p>\n<p>\n Passat\n<\/p>\n<p>\n L&rsquo;expert de la vente assist\u00e9e par image annoncera son chiffre d&rsquo;affaires du premier semestre.\n<\/p>\n<p>\n <a href=\"https:\/\/www.boursorama.com\/cours\/1rPSGO\/\" rel=\"nofollow noopener\" target=\"_blank\"><br \/>\n  Saint-Gobain<br \/>\n <\/a>\n<\/p>\n<p>\n Saint-Gobain renforce son offre dans la chimie de la construction avec deux acquisitions dans des technologies cl\u00e9s visant \u00e0 \u00eatre d\u00e9ploy\u00e9es au sein du groupe, Interstar Materials en Am\u00e9rique du Nord et Isoltech en Italie. La troisi\u00e8me acquisition concerne Soquimic est un producteur d&rsquo;adjuvants pour b\u00e9ton de premier plan au P\u00e9rou. Les trois g\u00e9n\u00e8rent un chiffre d&rsquo;affaires d&rsquo;environ 25 millions d&rsquo;euros.\n<\/p>\n<p>\n Showroompriv\u00e9.com\n<\/p>\n<p>\n Le groupe europ\u00e9en sp\u00e9cialis\u00e9 dans la vente \u00e9v\u00e9nementielle<\/p>\n<p> d\u00e9voilera ses r\u00e9sultats du premier semestre.\n<\/p>\n<p>\n <strong><br \/>\n  SMCP<br \/>\n <\/strong>\n<\/p>\n<p>\n SMCP a d\u00e9voil\u00e9 ses r\u00e9sultats du premier semestre d&rsquo;o\u00f9 ressort un r\u00e9sultat net part du groupe de 11 millions d&rsquo;euros contre une perte nette de 27,7 millions au premier semestre 2024. L&rsquo;Ebitda ajust\u00e9 s&rsquo;est am\u00e9lior\u00e9 de 13,8% sur la p\u00e9riode, \u00e0 112 millions d&rsquo;euros. Le chiffre d&rsquo;affaires de la maison-m\u00e8re de Sandro, Maje, Claudie Pierlot et Fursac a progress\u00e9 de 2,7% \u00e0 601,1 millions d&rsquo;euros, port\u00e9 par les r\u00e9gions Am\u00e9rique et EMEA.\n<\/p>\n<p>\n <a href=\"https:\/\/www.boursorama.com\/cours\/FF11-SOLB\/\" rel=\"nofollow noopener\" target=\"_blank\"><br \/>\n  Solvay<br \/>\n <\/a>\n<\/p>\n<p>\n Le groupe chimique alertera<\/p>\n<p> sur ses r\u00e9sultats du premier semestre<br \/>\n <strong><br \/>\n  .<br \/>\n <\/strong>\n<\/p>\n<p>\n Tikehau Capital\n<\/p>\n<p>\n Le gestionnaire d&rsquo;actifs divulguera ses r\u00e9sultats du premier semestre.\n<\/p>\n<p>\n <a href=\"https:\/\/www.boursorama.com\/cours\/1rPVANTI\/\" rel=\"nofollow noopener\" target=\"_blank\"><br \/>\n  Vantiva<br \/>\n <\/a>\n<\/p>\n<p>\n La soci\u00e9t\u00e9, anciennement connue sous le nom de Technicolor, d\u00e9voilera<\/p>\n<p> ses r\u00e9sultats du premier semestre.\n<\/p>\n<p>\n <a href=\"https:\/\/www.boursorama.com\/cours\/1rPVRLA\/\" rel=\"nofollow noopener\" target=\"_blank\"><br \/>\n  Verallia<br \/>\n <\/a>\n<\/p>\n<p>\n Le chiffre d&rsquo;affaires de Verallia au premier semestre 2025 s&rsquo;\u00e9l\u00e8ve \u00e0 1,723 milliard d&rsquo;euros, en baisse de 2,4 % par rapport au premier semestre 2024 en donn\u00e9es publi\u00e9es. Celui-ci est impact\u00e9 par la baisse des prix de vente. L&rsquo;Ebitda ajust\u00e9 a atteint 351 millions d&rsquo;euros sur ce semestre, soit une marge de 20,4% contre 431,3 millions d&rsquo;euros il y a un an, soit une marge de 24,4%. La baisse du r\u00e9sultat net \u00e0 68 millions d&rsquo;euros (0,57 euro par action) est principalement li\u00e9e \u00e0 la d\u00e9gradation de l&rsquo;Ebitda ajust\u00e9.\n<\/p>\n<p>\n <a href=\"https:\/\/www.boursorama.com\/cours\/1rPVU\/\" rel=\"nofollow noopener\" target=\"_blank\"><br \/>\n  VusionGroup<br \/>\n <\/a>\n<\/p>\n<p>\n Le sp\u00e9cialiste des solutions de digitalisation du commerce physique pr\u00e9cisera<\/p>\n<p> ses r\u00e9sultats du premier semestre.\n<\/p>\n<p>\n <a href=\"https:\/\/www.boursorama.com\/cours\/1rPMF\/\" rel=\"nofollow noopener\" target=\"_blank\"><br \/>\n  Wendel<br \/>\n <\/a>\n<\/p>\n<p>\n La soci\u00e9t\u00e9 d&rsquo;investissement publiera<\/p>\n<p> ses r\u00e9sultats du premier semestre.\n<\/p>\n<p>\n <a href=\"https:\/\/www.boursorama.com\/cours\/1rPWLN\/\" rel=\"nofollow noopener\" target=\"_blank\"><br \/>\n  Worldline<br \/>\n <\/a>\n<\/p>\n<p>\n Worldline anticipe une baisse organique \u00e0 un chiffre en bas de fourchette du chiffre d&rsquo;affaires en 2025, avec une am\u00e9lioration au second semestre par rapport au premier, a indiqu\u00e9 le sp\u00e9cialiste des paiements lors de la publication de ses r\u00e9sultats semestriels. L&rsquo;exc\u00e9dent brut d&rsquo;exploitation ajust\u00e9 est attendu entre 825 et 875 millions d&rsquo;euros. Le flux de tr\u00e9sorerie disponible devrait \u00eatre neutre en milieu de fourchette de la guidance d&rsquo;EBE.<\/p>\n","protected":false},"excerpt":{"rendered":"(AOF) &#8211; Airbus Le groupe a\u00e9ronautique annoncera ses r\u00e9sultats du premier semestre. Bic Le fabricant de stylos, rasoirs&hellip;\n","protected":false},"author":2,"featured_media":15273,"comment_status":"","ping_status":"","sticky":false,"template":"","format":"standard","meta":{"footnotes":""},"categories":[1888],"tags":[400,1111,1928,11,1927,398,408,405,1777,674,1011,27,403,402,399,404,12,1926,626,1925,25,401,406,407],"class_list":{"0":"post-283801","1":"post","2":"type-post","3":"status-publish","4":"format-standard","5":"has-post-thumbnail","7":"category-paris","8":"tag-action-cac-40","9":"tag-actu","10":"tag-actu-paris","11":"tag-actualites","12":"tag-actualites-paris","13":"tag-bourse-de-paris","14":"tag-boursorama","15":"tag-cotations","16":"tag-eu","17":"tag-europe","18":"tag-fr","19":"tag-france","20":"tag-indices-devises","21":"tag-investir","22":"tag-investissement","23":"tag-marche-boursier","24":"tag-news","25":"tag-news-paris","26":"tag-paris","27":"tag-paris-news","28":"tag-republique-francaise","29":"tag-sicav","30":"tag-trackers","31":"tag-warrants"},"share_on_mastodon":{"url":"https:\/\/pubeurope.com\/@fr\/114941106750103374","error":""},"_links":{"self":[{"href":"https:\/\/www.europesays.com\/fr\/wp-json\/wp\/v2\/posts\/283801","targetHints":{"allow":["GET"]}}],"collection":[{"href":"https:\/\/www.europesays.com\/fr\/wp-json\/wp\/v2\/posts"}],"about":[{"href":"https:\/\/www.europesays.com\/fr\/wp-json\/wp\/v2\/types\/post"}],"author":[{"embeddable":true,"href":"https:\/\/www.europesays.com\/fr\/wp-json\/wp\/v2\/users\/2"}],"replies":[{"embeddable":true,"href":"https:\/\/www.europesays.com\/fr\/wp-json\/wp\/v2\/comments?post=283801"}],"version-history":[{"count":0,"href":"https:\/\/www.europesays.com\/fr\/wp-json\/wp\/v2\/posts\/283801\/revisions"}],"wp:featuredmedia":[{"embeddable":true,"href":"https:\/\/www.europesays.com\/fr\/wp-json\/wp\/v2\/media\/15273"}],"wp:attachment":[{"href":"https:\/\/www.europesays.com\/fr\/wp-json\/wp\/v2\/media?parent=283801"}],"wp:term":[{"taxonomy":"category","embeddable":true,"href":"https:\/\/www.europesays.com\/fr\/wp-json\/wp\/v2\/categories?post=283801"},{"taxonomy":"post_tag","embeddable":true,"href":"https:\/\/www.europesays.com\/fr\/wp-json\/wp\/v2\/tags?post=283801"}],"curies":[{"name":"wp","href":"https:\/\/api.w.org\/{rel}","templated":true}]}}