{"id":283802,"date":"2025-07-30T07:54:19","date_gmt":"2025-07-30T07:54:19","guid":{"rendered":"https:\/\/www.europesays.com\/fr\/283802\/"},"modified":"2025-07-30T07:54:19","modified_gmt":"2025-07-30T07:54:19","slug":"un-champion-olympique-de-paris-2024-suspendu-pour-dopage","status":"publish","type":"post","link":"https:\/\/www.europesays.com\/fr\/283802\/","title":{"rendered":"un champion olympique de Paris 2024 suspendu pour dopage"},"content":{"rendered":"<p>Champion olympique en 2024 \u00e0 Paris, l\u2019Ouzbek Lzizbek Mullojonov a \u00e9t\u00e9 contr\u00f4l\u00e9 positif \u00e0 la m\u00e9thast\u00e9rone. Il \u00e9voluait dans la cat\u00e9gorie des poids lourds.<\/p>\n<p class=\"fig-paragraph\">L\u2019International Testing Agency (ITA), qui dirige un programme antidopage ind\u00e9pendant pour la boxe mondiale, a indiqu\u00e9 mardi que Lazizbek Mullojonov,\u00a0<a href=\"http:\/\/www.lefigaro.fr\/sports\/tennis\/tennis-la-championne-olympique-sera-absente-plusieurs-semaines-apres-avoir-ete-operee-du-coude-20250720\" data-fig-type=\"NewsFlash\" data-gtm-custom-categorie=\"navigation\" data-gtm-custom-action=\"crossclick\" data-gtm-custom-label=\"Contextuel\" data-gtm-event=\"customEventSPE\" data-fig-domain=\"LEFIGARO\" rel=\"nofollow noopener\" target=\"_blank\">champion olympique<\/a>\u00a0chez les poids lourds avait \u00e9t\u00e9 contr\u00f4l\u00e9 positif. Il est question d\u2019un \u00abr\u00e9sultat d\u2019analyse anormal pour des m\u00e9tabolites de m\u00e9thast\u00e9rone\u00bb. L\u2019\u00e9chantillon a \u00e9t\u00e9 pr\u00e9lev\u00e9 le 11 juin dernier lors d\u2019un contr\u00f4le hors comp\u00e9tition.<\/p>\n<p class=\"fig-paragraph\">Alors que cette substance n\u2019est pas autoris\u00e9e par l\u2019agence m\u00e9dicale antidopage, la d\u00e9cision prise peut encore \u00eatre contest\u00e9e. Si jamais ce dopage est confirm\u00e9, il s\u2019agira d\u2019une \u00abviolation confirm\u00e9e des r\u00e8gles antidopage\u00bb. Le boxeur de 26 ans a \u00e9t\u00e9 provisoirement suspendu, conform\u00e9ment au code mondial antidopage. Il peut faire appel de cette d\u00e9cision.<\/p>\n","protected":false},"excerpt":{"rendered":"Champion olympique en 2024 \u00e0 Paris, l\u2019Ouzbek Lzizbek Mullojonov a \u00e9t\u00e9 contr\u00f4l\u00e9 positif \u00e0 la m\u00e9thast\u00e9rone. Il \u00e9voluait&hellip;\n","protected":false},"author":2,"featured_media":283803,"comment_status":"","ping_status":"","sticky":false,"template":"","format":"standard","meta":{"footnotes":""},"categories":[1888],"tags":[1111,1928,11,1927,1777,674,1011,27,22107,12,1926,626,1925,25],"class_list":{"0":"post-283802","1":"post","2":"type-post","3":"status-publish","4":"format-standard","5":"has-post-thumbnail","7":"category-paris","8":"tag-actu","9":"tag-actu-paris","10":"tag-actualites","11":"tag-actualites-paris","12":"tag-eu","13":"tag-europe","14":"tag-fr","15":"tag-france","16":"tag-jo-2024","17":"tag-news","18":"tag-news-paris","19":"tag-paris","20":"tag-paris-news","21":"tag-republique-francaise"},"share_on_mastodon":{"url":"https:\/\/pubeurope.com\/@fr\/114941110710889373","error":""},"_links":{"self":[{"href":"https:\/\/www.europesays.com\/fr\/wp-json\/wp\/v2\/posts\/283802","targetHints":{"allow":["GET"]}}],"collection":[{"href":"https:\/\/www.europesays.com\/fr\/wp-json\/wp\/v2\/posts"}],"about":[{"href":"https:\/\/www.europesays.com\/fr\/wp-json\/wp\/v2\/types\/post"}],"author":[{"embeddable":true,"href":"https:\/\/www.europesays.com\/fr\/wp-json\/wp\/v2\/users\/2"}],"replies":[{"embeddable":true,"href":"https:\/\/www.europesays.com\/fr\/wp-json\/wp\/v2\/comments?post=283802"}],"version-history":[{"count":0,"href":"https:\/\/www.europesays.com\/fr\/wp-json\/wp\/v2\/posts\/283802\/revisions"}],"wp:featuredmedia":[{"embeddable":true,"href":"https:\/\/www.europesays.com\/fr\/wp-json\/wp\/v2\/media\/283803"}],"wp:attachment":[{"href":"https:\/\/www.europesays.com\/fr\/wp-json\/wp\/v2\/media?parent=283802"}],"wp:term":[{"taxonomy":"category","embeddable":true,"href":"https:\/\/www.europesays.com\/fr\/wp-json\/wp\/v2\/categories?post=283802"},{"taxonomy":"post_tag","embeddable":true,"href":"https:\/\/www.europesays.com\/fr\/wp-json\/wp\/v2\/tags?post=283802"}],"curies":[{"name":"wp","href":"https:\/\/api.w.org\/{rel}","templated":true}]}}