{"id":283810,"date":"2025-07-30T07:58:11","date_gmt":"2025-07-30T07:58:11","guid":{"rendered":"https:\/\/www.europesays.com\/fr\/283810\/"},"modified":"2025-07-30T07:58:11","modified_gmt":"2025-07-30T07:58:11","slug":"le-temoignage-glacant-dun-ancien-prisonnier-de-guerre-ukrainien","status":"publish","type":"post","link":"https:\/\/www.europesays.com\/fr\/283810\/","title":{"rendered":"le t\u00e9moignage gla\u00e7ant d&rsquo;un ancien prisonnier de guerre ukrainien"},"content":{"rendered":"<p class=\"article-p mdl\">Valerii Horishnii se battait \u00e0\u00a0Marioupol quand il a \u00e9t\u00e9 fait prisonnier. Sergent-chef de la 12e brigade des forces sp\u00e9ciales d&rsquo;Azov, il \u00e9tait l&rsquo;un des d\u00e9fenseurs de\u00a0<a class=\"link\" href=\"https:\/\/www.rtl.fr\/actu\/international\/guerre-en-ukraine-ce-que-l-on-sait-de-l-evacuation-de-l-acierie-d-azovstal-a-marioupol-7900155281\" title=\"Guerre en Ukraine : ce que l&#039;on sait de l&#039;\u00e9vacuation de l&#039;aci\u00e9rie d&#039;Azovstal \u00e0 Marioupol\" target=\"_blank\" rel=\"nofollow noopener\">l&rsquo;aci\u00e9rie\u00a0Azovstal<\/a>. \u00ab\u00a0\u00c7a a \u00e9t\u00e9 violent, <strong>on ne voulait pas \u00eatre emprisonn\u00e9s parce qu&rsquo;on savait ce qui nous attendait<\/strong>, la torture, les coups, etc\u00a0\u00bb, raconte-t-il au micro de RTL.\u00a0<\/p>\n<p class=\"article-p mdl\">En plus de deux ans, Valerii a chang\u00e9 cinq fois de prison, toujours dans la r\u00e9gion annex\u00e9e de Donetsk.\u00a0<a class=\"link\" href=\"https:\/\/www.rtl.fr\/actu\/international\/guerre-en-ukraine-nombre-conditions-de-detention-echanges-tout-savoir-sur-les-prisonniers-du-conflit-7900484915\" title=\"Guerre en Ukraine : nombre, conditions de d\u00e9tention, \u00e9changes... Tout savoir sur les prisonniers du conflit\" target=\"_blank\" rel=\"nofollow noopener\">Les conditions de vie \u00e9taient \u00e9pouvantables<\/a>. \u00ab\u00a0C&rsquo;\u00e9tait un v\u00e9ritable enfer. On s&rsquo;entassait \u00e0 300 dans des baraquements pr\u00e9vus pour 100. <strong>Pendant deux ans, on a v\u00e9cu en sous-sol sans voir le soleil ni le ciel<\/strong>. On avait trois \u00e0 quatre cuill\u00e8res de porridge immondes \u00e0 manger le matin avec une tranche de pain, m\u00eame chose le midi et le soir. Les cellules \u00e9taient infest\u00e9es de punaises de lit, de rats, de souris qui nous grimpaient dessus quand on dormait\u00a0\u00bb, se souvient-il.\u00a0<\/p>\n<p>            De la torture sans laisser de traces<\/p>\n<p class=\"article-p mdl\">\u00c0 cela, il faut ajouter les insultes, la violence, les coups et les s\u00e9ances de torture quotidiennes. \u00ab\u00a0Ils ont utilis\u00e9 un taser sur mes parties g\u00e9nitales. J&rsquo;ai re\u00e7u aussi des coups de pied dans les c\u00f4tes, dans le foie. Un jour, ils m&rsquo;ont frapp\u00e9 au visage et j&rsquo;ai eu un \u0153il au beurre noir, \u00e9num\u00e8re-t-il avant de poursuivre. Ils \u00e9taient terrifi\u00e9s parce qu&rsquo;ils savaient que s&rsquo;il y avait tout d&rsquo;un coup un \u00e9change de prisonniers de guerre, tout le monde verrait comment ils nous traitaient. C&rsquo;est pourquoi ils essayaient de nous torturer sans laisser de traces, notamment sur nos tatouages, car on ne voyait pas les traces de br\u00fblure\u00a0\u00bb.<\/p>\n<p class=\"article-p mdl\">Quand il a \u00e9t\u00e9 fait prisonnier, Valerii Horishnii pesait 75 kilos. Il n&rsquo;en faisait plus que 50 quand il est sorti.<\/p>\n<p>            Un mental d&rsquo;acier<\/p>\n<p class=\"article-p mdl\">Valerii Horishnii a tenu aussi longtemps gr\u00e2ce \u00e0 son mental.\u00a0Le combattant ukrainien a toujours cru en sa bonne \u00e9toile. C&rsquo;est l&rsquo;amour des siens, de son pays et la foi qui lui ont permis de tenir. \u00ab\u00a0Je ne sais pas pourquoi, mais d\u00e8s le d\u00e9but, j&rsquo;ai su que \u00e7a irait, qu&rsquo;il fallait que je m&rsquo;accroche et qu&rsquo;un jour, je m&rsquo;en sortirais.\u00a0<a class=\"link\" href=\"https:\/\/www.rtl.fr\/actu\/international\/il-a-le-regard-vide-mais-ils-ne-l-ont-pas-brise-entre-larmes-et-sourires-les-prisonniers-ukrainiens-retrouvent-leur-famille-7900508628\" title=\"&quot;Il a le regard vide, mais ils ne l&#039;ont pas bris\u00e9&quot; : les prisonniers ukrainiens retrouvent leur famille\" target=\"_blank\" rel=\"nofollow noopener\">L&rsquo;amour pour ma famille<\/a>, mes proches, mes amis, mes camarades, mon unit\u00e9, mon pays, ma terre, c&rsquo;est ce qui m&rsquo;a donn\u00e9 la force de supporter ces terribles conditions. La foi aussi. Je priais chaque jour. <strong>Je savais que Dieu \u00e9tait de mon c\u00f4t\u00e9<\/strong>\u00ab\u00a0, confie-t-il.<\/p>\n<p class=\"article-p mdl\">Dans certaines prisons o\u00f9 il a \u00e9t\u00e9 enferm\u00e9, Valerii a eu acc\u00e8s \u00e0 des livres. Il s&rsquo;est alors r\u00e9fugi\u00e9 dans les grands classiques de la litt\u00e9rature. \u00ab\u00a0C&rsquo;\u00e9tait la seule chance de s&rsquo;\u00e9vader de cette horrible r\u00e9alit\u00e9 en se plongeant dans les aventures de certains h\u00e9ros\u00a0\u00bb, souligne-t-il.\u00a0Le soldat ukrainien reconna\u00eet avoir rencontr\u00e9 de tr\u00e8s rares fois des gardiens compatissants qui ne battaient pas les prisonniers et qui leur offraient bonbons et cigarettes.<\/p>\n<p>            5.000 prisonniers ukrainiens lib\u00e9r\u00e9s<\/p>\n<p class=\"article-p mdl\">Puis, est arriv\u00e9 le\u00a013 septembre 2024,\u00a0<a class=\"link\" href=\"https:\/\/www.rtl.fr\/actu\/international\/russie-ukraine-les-deux-pays-s-echangent-190-prisonniers-sous-l-egide-des-emirats-arabes-unis-7900430936\" title=\"Russie-Ukraine : 190 prisonniers \u00e9chang\u00e9s entre les deux pays, sous l&#039;\u00e9gide des \u00c9mirats arabes unis\" target=\"_blank\" rel=\"nofollow noopener\">le jour de sa lib\u00e9ration<\/a>. Une semaine plus t\u00f4t, il avait \u00e9t\u00e9 convoqu\u00e9 par la direction de la prison. On lui avait alors pos\u00e9 cette question. \u00ab\u00a0Ils m&rsquo;ont demand\u00e9 si je voulais rentrer chez moi ou non. J&rsquo;ai r\u00e9pondu, bien s\u00fbr que je veux rentrer chez moi. Les jours qui ont suivi, c&rsquo;\u00e9tait super dur de rester serein. Et le sixi\u00e8me jour, je me suis dit, oublie, il n&rsquo;y aura pas d&rsquo;\u00e9change\u00a0\u00bb, raconte-t-il.\u00a0<\/p>\n<p class=\"article-p mdl\">\u00ab\u00a0Et puis le vendredi 13 septembre, le gardien m&rsquo;a donn\u00e9 un uniforme militaire ukrainien. Et l\u00e0, j&rsquo;ai compris que je partais. \u00c0 ce moment-l\u00e0, un chat noir est entr\u00e9 dans notre cellule et on \u00e9tait un vendredi 13. En g\u00e9n\u00e9ral, ce n&rsquo;est pas bon signe, mais pour moi, \u00e7a s&rsquo;est av\u00e9r\u00e9 \u00eatre une tr\u00e8s bonne nouvelle\u00a0\u00bb, indique Valerii Horishnii.\u00a0<\/p>\n<p class=\"article-p mdl\">On estime que pr\u00e8s de 5.000 prisonniers de guerre ukrainiens ont \u00e9t\u00e9 lib\u00e9r\u00e9s depuis le d\u00e9but du conflit. <strong>Ils sont encore 8.000 dans les prisons russes<\/strong>.<\/p>\n<p>    La r\u00e9daction vous recommande<\/p>\n<p class=\"s-newsletter__title\">\n                L\u2019actualit\u00e9 par la r\u00e9daction de RTL dans votre bo\u00eete mail.\n            <\/p>\n<p class=\"s-newsletter__subtitle\">\n                Gr\u00e2ce \u00e0 votre compte RTL abonnez-vous \u00e0 la newsletter RTL info pour suivre toute l&rsquo;actualit\u00e9 au quotidien\n            <\/p>\n<p>\n                                    Lire la suite\n                                <\/p>\n","protected":false},"excerpt":{"rendered":"Valerii Horishnii se battait \u00e0\u00a0Marioupol quand il a \u00e9t\u00e9 fait prisonnier. Sergent-chef de la 12e brigade des forces&hellip;\n","protected":false},"author":2,"featured_media":283811,"comment_status":"","ping_status":"","sticky":false,"template":"","format":"standard","meta":{"footnotes":""},"categories":[1590],"tags":[11,1777,674,107,131,12,4293,362,360,132,240,220],"class_list":{"0":"post-283810","1":"post","2":"type-post","3":"status-publish","4":"format-standard","5":"has-post-thumbnail","7":"category-ukraine","8":"tag-actualites","9":"tag-eu","10":"tag-europe","11":"tag-fil-info","12":"tag-guerre-en-ukraine","13":"tag-news","14":"tag-prisonnier","15":"tag-replay","16":"tag-replay-integral","17":"tag-russie","18":"tag-temoignage","19":"tag-ukraine"},"share_on_mastodon":{"url":"https:\/\/pubeurope.com\/@fr\/114941126577551385","error":""},"_links":{"self":[{"href":"https:\/\/www.europesays.com\/fr\/wp-json\/wp\/v2\/posts\/283810","targetHints":{"allow":["GET"]}}],"collection":[{"href":"https:\/\/www.europesays.com\/fr\/wp-json\/wp\/v2\/posts"}],"about":[{"href":"https:\/\/www.europesays.com\/fr\/wp-json\/wp\/v2\/types\/post"}],"author":[{"embeddable":true,"href":"https:\/\/www.europesays.com\/fr\/wp-json\/wp\/v2\/users\/2"}],"replies":[{"embeddable":true,"href":"https:\/\/www.europesays.com\/fr\/wp-json\/wp\/v2\/comments?post=283810"}],"version-history":[{"count":0,"href":"https:\/\/www.europesays.com\/fr\/wp-json\/wp\/v2\/posts\/283810\/revisions"}],"wp:featuredmedia":[{"embeddable":true,"href":"https:\/\/www.europesays.com\/fr\/wp-json\/wp\/v2\/media\/283811"}],"wp:attachment":[{"href":"https:\/\/www.europesays.com\/fr\/wp-json\/wp\/v2\/media?parent=283810"}],"wp:term":[{"taxonomy":"category","embeddable":true,"href":"https:\/\/www.europesays.com\/fr\/wp-json\/wp\/v2\/categories?post=283810"},{"taxonomy":"post_tag","embeddable":true,"href":"https:\/\/www.europesays.com\/fr\/wp-json\/wp\/v2\/tags?post=283810"}],"curies":[{"name":"wp","href":"https:\/\/api.w.org\/{rel}","templated":true}]}}