{"id":283820,"date":"2025-07-30T08:03:10","date_gmt":"2025-07-30T08:03:10","guid":{"rendered":"https:\/\/www.europesays.com\/fr\/283820\/"},"modified":"2025-07-30T08:03:10","modified_gmt":"2025-07-30T08:03:10","slug":"jy-ai-eu-recours-vitaa-revele-loperation-de-chirurgie-esthetique-qui-a-ete-indispensable-pour-elle-apres-3-enfants","status":"publish","type":"post","link":"https:\/\/www.europesays.com\/fr\/283820\/","title":{"rendered":"\u00ab\u00a0J\u2019y ai eu recours\u2026\u00a0\u00bb\u00a0: Vitaa r\u00e9v\u00e8le l&rsquo;op\u00e9ration de chirurgie esth\u00e9tique qui a \u00e9t\u00e9 indispensable pour elle apr\u00e8s 3 enfants"},"content":{"rendered":"<p>Tic Tac\u2026 Le 6\u00a0ao\u00fbt prochain, Vitaa fera <strong>ses d\u00e9buts en tant qu&rsquo;actrice<\/strong>. En effet, ce jour-l\u00e0, <a href=\"https:\/\/www.public.fr\/vitaa-decue-de-ne-pas-avoir-ete-approchee-pour-devenir-coach-son-appel-a-la-production-de-the-voice\" target=\"_blank\" rel=\"noopener\">l&rsquo;artiste de 42 ans<\/a> sera \u00e0 l&rsquo;affiche de la derni\u00e8re s\u00e9rie de TF1 intitul\u00e9e Tout pour la lumi\u00e8re. Un r\u00f4le sur mesure pour la jeune com\u00e9dienne puisqu&rsquo;<strong>elle interpr\u00e9tera Oph\u00e9lia<\/strong>, une pop star invit\u00e9e \u00e0 donner une masterclass aux \u00e9l\u00e8ves de l&rsquo;\u00e9cole de musique de La Ciotat a annonc\u00e9 TF1 dans un communiqu\u00e9. Une premi\u00e8re qui pourrait lui ouvrir d&rsquo;autres portes\u00a0?<\/p>\n<p>En tout cas, d&rsquo;ici l\u00e0, on ne peut pas dire que <a href=\"https:\/\/www.public.fr\/tout-pour-la-lumiere-vitaa-fait-son-arrivee-dans-le-feuilleton-premieres-images-de-la-chanteuse-reconvertie-en-comedienne\" target=\"_blank\" rel=\"noopener\">Charlotte, de son vrai nom<\/a>, ait vraiment le temps de s&rsquo;ennuyer puisque tout au long de l&rsquo;\u00e9t\u00e9 <a href=\"https:\/\/www.public.fr\/slimane-reapparait-enfin-au-cote-de-vitaa-au-defile-stephane-rolland-le-duo-eblouit-tout-en-blanc\" target=\"_blank\" rel=\"noopener\">l&rsquo;amie de Slimane<\/a> <strong>parcourt la France afin de se produire sur la sc\u00e8ne de nombreux festivals<\/strong>. D&rsquo;ailleurs, apr\u00e8s avoir particip\u00e9 au festival de Boll\u00e8ne (Vaucluse) le 26\u00a0juillet dernier, elle est <strong>attendue en Suisse ce 1er\u00a0ao\u00fbt <\/strong>afin de participer \u00e0 l&rsquo;Estivale Open Air d&rsquo;Estavayer-le-Lac.<\/p>\n<p>Un \u00e9t\u00e9 \u00e0 100 \u00e0 l&rsquo;heure pour <a href=\"https:\/\/www.public.fr\/vitaa-la-chanteuse-a-bien-cru-mourir\" target=\"_blank\" rel=\"noopener\">la m\u00e8re de famille<\/a> qui, entre deux shows, doit sans doute se presser pour passer du temps avec ses trois enfants. Pour rappel, <strong>avec son mari Hicham Bendaoud<\/strong>, ils ont accueilli en 2011 leur premier gar\u00e7on pr\u00e9nomm\u00e9 <strong>Liham <\/strong>puis un deuxi\u00e8me, en 2014, pr\u00e9nomm\u00e9 <strong>Adam<\/strong>. Enfin, le couple a eu <strong>une fille, Noa, n\u00e9e en 2022<\/strong>.<\/p>\n<p>Vitaa\u00a0: apr\u00e8s trois accouchements, son corps en a pris un coup<\/p>\n<p>Alors que <strong>la parole se lib\u00e8re sur la chirurgie esth\u00e9tique<\/strong>, Vitaa a ouvertement abord\u00e9 le sujet dans les colonnes de T\u00e9l\u00e9 Magazine. A-t-elle eu recours \u00e0 cette pratique\u00a0? Oui et <strong><a href=\"https:\/\/www.google.com\/url?sa=t&amp;source=web&amp;rct=j&amp;opi=89978449&amp;url=https:\/\/vsd.fr\/85264-vitaa-devoile-pourquoi-elle-a-eu-recours-a-une-operation-de-chirurgie-pour-sa-poitrine\/&amp;ved=2ahUKEwjBlfip_uOOAxUbdUEAHbAOAnYQFnoECBYQAQ&amp;usg=AOvVaw0KDdFcy7ni9qwBj_lKUuA3\" target=\"_blank\" rel=\"noopener\">la star<\/a> ne s&rsquo;en cache pas<\/strong>. En effet, apr\u00e8s avoir allait\u00e9 ses trois enfants, cette derni\u00e8re a ressenti le besoin de passer sur le billard pour <strong>r\u00e9parer les s\u00e9quelles d&rsquo;un tel don de soi<\/strong>. \u00ab\u00a0Je fais beaucoup de soins en institut. Je trouve que \u00e7a change la <br \/>qualit\u00e9 de la peau. <strong>La chirurgie r\u00e9paratrice est exceptionnelle<\/strong>, <strong>j\u2019y ai eu recours pour ma poitrine<\/strong> parce que j\u2019ai allait\u00e9 mes trois enfants. Si on l\u2019utilise bien, la m\u00e9decine esth\u00e9tique permet de mieux vieillir \u00a0\u00bb a-t-elle confess\u00e9.<\/p>\n<p>Toutefois, <a href=\"https:\/\/www.google.com\/url?sa=t&amp;source=web&amp;rct=j&amp;opi=89978449&amp;url=https:\/\/vsd.fr\/54961-nuit-epouvante-pour-vitaa-et-sa-famille-la-chanteuse-subit-un-homejacking-violent-et-traumatisant\/&amp;ved=2ahUKEwjBlfip_uOOAxUbdUEAHbAOAnYQFnoECBgQAQ&amp;usg=AOvVaw1t-S9ZzPI-aoUGNMEcEgxX\" target=\"_blank\" rel=\"noopener\">l&rsquo;interpr\u00e8te d&rsquo;A fleur de toi <\/a>appelle les jeunes \u00e0 faire <strong>attention aux d\u00e9rives et aux abus<\/strong>. \u00ab\u00a0J\u2019ai l\u2019impression que la nouvelle g\u00e9n\u00e9ration d\u00e9veloppe<strong> une esp\u00e8ce d\u2019addiction \u00e0 la chirurgie esth\u00e9tique<\/strong>, je trouve cela dangereux\u00a0\u00bb, poursuit-elle. Ainsi, pour elle, le plus important est de \u00ab\u00a0<strong>nous accepter comme nous sommes, assumer nos complexes et en faire une force<\/strong>\u00ab\u00a0. En tout cas, elle l&rsquo;assure, c&rsquo;est \u00e7a qu&rsquo;elle \u00ab\u00a0essaie de transmettre \u00e0 [s]a fille\u00a0\u00bb, a-t-elle conclu lors de cet entretien.<\/p>\n<p>      Mentionn\u00e9s dans cet article<\/p>\n<p>\u00c0 lire aussi<\/p>\n","protected":false},"excerpt":{"rendered":"Tic Tac\u2026 Le 6\u00a0ao\u00fbt prochain, Vitaa fera ses d\u00e9buts en tant qu&rsquo;actrice. En effet, ce jour-l\u00e0, l&rsquo;artiste de&hellip;\n","protected":false},"author":2,"featured_media":283821,"comment_status":"","ping_status":"","sticky":false,"template":"","format":"standard","meta":{"footnotes":""},"categories":[1586],"tags":[11,1695,5551,1696,18604,11608,847,1777,674,1779,1011,27,196,5875,12,25,3865,1778,364,26648],"class_list":{"0":"post-283820","1":"post","2":"type-post","3":"status-publish","4":"format-standard","5":"has-post-thumbnail","7":"category-europe","8":"tag-actualites","9":"tag-chanson","10":"tag-chanson-francaise","11":"tag-chanteur","12":"tag-chirurgie","13":"tag-chirurgie-esthetique","14":"tag-enfant","15":"tag-eu","16":"tag-europe","17":"tag-european-union","18":"tag-fr","19":"tag-france","20":"tag-grossesse","21":"tag-mere","22":"tag-news","23":"tag-republique-francaise","24":"tag-sein","25":"tag-ue","26":"tag-union-europeenne","27":"tag-vitaa"},"share_on_mastodon":{"url":"https:\/\/pubeurope.com\/@fr\/114941146117465505","error":""},"_links":{"self":[{"href":"https:\/\/www.europesays.com\/fr\/wp-json\/wp\/v2\/posts\/283820","targetHints":{"allow":["GET"]}}],"collection":[{"href":"https:\/\/www.europesays.com\/fr\/wp-json\/wp\/v2\/posts"}],"about":[{"href":"https:\/\/www.europesays.com\/fr\/wp-json\/wp\/v2\/types\/post"}],"author":[{"embeddable":true,"href":"https:\/\/www.europesays.com\/fr\/wp-json\/wp\/v2\/users\/2"}],"replies":[{"embeddable":true,"href":"https:\/\/www.europesays.com\/fr\/wp-json\/wp\/v2\/comments?post=283820"}],"version-history":[{"count":0,"href":"https:\/\/www.europesays.com\/fr\/wp-json\/wp\/v2\/posts\/283820\/revisions"}],"wp:featuredmedia":[{"embeddable":true,"href":"https:\/\/www.europesays.com\/fr\/wp-json\/wp\/v2\/media\/283821"}],"wp:attachment":[{"href":"https:\/\/www.europesays.com\/fr\/wp-json\/wp\/v2\/media?parent=283820"}],"wp:term":[{"taxonomy":"category","embeddable":true,"href":"https:\/\/www.europesays.com\/fr\/wp-json\/wp\/v2\/categories?post=283820"},{"taxonomy":"post_tag","embeddable":true,"href":"https:\/\/www.europesays.com\/fr\/wp-json\/wp\/v2\/tags?post=283820"}],"curies":[{"name":"wp","href":"https:\/\/api.w.org\/{rel}","templated":true}]}}