{"id":283830,"date":"2025-07-30T08:09:11","date_gmt":"2025-07-30T08:09:11","guid":{"rendered":"https:\/\/www.europesays.com\/fr\/283830\/"},"modified":"2025-07-30T08:09:11","modified_gmt":"2025-07-30T08:09:11","slug":"je-ne-suis-pas-toujours-a-laise-antoine-dupont-change-par-le-luxe-le-compagnon-diris-mittenaere-sans-filtre-sur-sa-nouvelle-vie","status":"publish","type":"post","link":"https:\/\/www.europesays.com\/fr\/283830\/","title":{"rendered":"\u00ab\u00a0Je ne suis pas toujours \u00e0 l&rsquo;aise\u00a0\u00bb : Antoine Dupont chang\u00e9 par le luxe ? Le compagnon d&rsquo;Iris Mittenaere sans filtre sur sa nouvelle vie"},"content":{"rendered":"<p>            <img loading=\"lazy\" decoding=\"async\" src=\"https:\/\/www.europesays.com\/fr\/wp-content\/uploads\/2025\/04\/144-64f8c016610ee-35x35-1.jpg\" class=\"author-article-picture\" width=\"35\" height=\"35\"\/><\/p>\n<p>                Par<br \/>\n                                    <a class=\"author-article-bio-link\" href=\"https:\/\/www.purepeople.com\/auteur\/louise-martin_a144\" rel=\"nofollow noopener\" target=\"_blank\">Louise Martin<\/a><br \/>\n                                                    | R\u00e9dactrice<\/p>\n<p>\n                Koh Lanta, Les Marseillais mais aussi Mari\u00e9s au Premier regards\u2026 Louise Martin est une t\u00e9l\u00e9vore qui essaye, \u00e0 ses heures perdues, de refaire les g\u00e2teaux qu\u2019elle admire devant le Meilleur P\u00e2tissier\u2026 mais elle ne risque pas de gagner le tablier bleu ! Les r\u00e9seaux sociaux n\u2019ont pas de secret pour elle, les derniers scoops, les derni\u00e8res \u00e9missions, elle les conna\u00eet tous.\n            <\/p>\n<p>\n    Toujours \u00e9loign\u00e9 des terrains de rugby en raison de sa blessure au niveau du genou, Antoine Dupont est actuellement au Japon dans le cadre de l&rsquo;exposition universelle d&rsquo;Osaka. R\u00e9cemment critiqu\u00e9 pour ses apparitions \u00e0 divers \u00e9v\u00e8nements mondains aux bras de sa compagne Iris Mittenaere, le rugbyman s&rsquo;est confi\u00e9 \u00e0 ce sujet dans les colonnes du magazine \u00ab\u00a0Point de vue\u00a0\u00bb.\n<\/p>\n<p>                            <img loading=\"lazy\" decoding=\"async\" class=\"player-thumbnail\" src=\"https:\/\/www.europesays.com\/fr\/wp-content\/uploads\/2025\/07\/b3c19f2c7651ecaa-580x326-2.jpg\" width=\"580\" height=\"326\"\/><\/p>\n<p>                    \u00ab\u00a0Je ne suis pas toujours \u00e0 l&rsquo;aise\u00a0\u00bb : Antoine Dupont chang\u00e9 par le luxe ? Le compagnon d&rsquo;Iris Mittenaere sans filtre sur sa nouvelle vie<\/p>\n<p>La suite apr\u00e8s la publicit\u00e9<\/p>\n<p>Unanimement consid\u00e9r\u00e9 comme <strong>l&rsquo;un des meilleurs joueurs de rugby de la plan\u00e8te<\/strong>, <a href=\"https:\/\/www.purepeople.com\/people\/antoine-dupont_p555049\" rel=\"nofollow noopener\" target=\"_blank\">Antoine Dupont<\/a> n&rsquo;a plus foul\u00e9 les terrains depuis d\u00e9j\u00e0 de nombreux mois. Pour rappel, l&rsquo;International fran\u00e7ais s&rsquo;est <a href=\"https:\/\/www.purepeople.com\/article\/antoine-dupont-opere-ce-lourd-examen-medical-qu-il-va-devoir-subir-suite-a-sa-grosse-blessure_a514623\/1\" rel=\"nofollow noopener\" target=\"_blank\">malheureusement bless\u00e9<\/a> lors du match de l&rsquo;\u00e9quipe de France contre l&rsquo;Irlande pendant la derni\u00e8re \u00e9dition du Tournoi des 6 nations. Le demi de m\u00eal\u00e9e souffre d&rsquo;une rupture des ligaments crois\u00e9s du genou droit. Son absence des terrains \u00e9tait initialement pr\u00e9vue pour durer entre six et neuf mois. Antoine Dupont a donc profit\u00e9 de sa convalescence pour <strong>assister \u00e0 <\/strong><a href=\"https:\/\/www.purepeople.com\/article\/un-couple-qui-bouge-tout-le-temps-iris-mittenaere-et-antoine-dupont-pris-en-photos-dans-un-etablissement-select-loin-de-paris_a540882\/1\" rel=\"nofollow noopener\" target=\"_blank\"><strong>divers \u00e9v\u00e8nements mondains<\/strong><\/a><strong> aux c\u00f4t\u00e9s de celle qui partage d\u00e9sormais sa vie, <\/strong><a href=\"https:\/\/www.purepeople.com\/people\/iris-mittenaere_p545297\" rel=\"nofollow noopener\" target=\"_blank\"><strong>Iris Mittenaere<\/strong><\/a><strong>.<\/strong> On a notamment pu l&rsquo;apercevoir dans un splendide smoking sur le tapis rouge du dernier <a href=\"https:\/\/www.purepeople.com\/article\/antoine-dupont-est-reste-dans-le-sud-tres-loin-d-iris-mittenaere-le-rugbyman-poursuit-son-escapade-en-tres-bonne-compagnie_a538551\/1\" rel=\"nofollow noopener\" target=\"_blank\">Festival de Cannes<\/a>. Derni\u00e8rement, le joueur, devenu ambassadeur Louis Vuitton l&rsquo;an dernier, a fait un voyage au Japon dans le cadre de l&rsquo;exposition universelle d&rsquo;Osaka, qui est la troisi\u00e8me ville du pays.<\/p>\n<p>Au cours d&rsquo;une interview accord\u00e9e au magazine Point de vue, Antoine Dupont a r\u00e9pondu aux <strong>critiques affirmant qu&rsquo;il ne serait pas \u00e0 sa place<\/strong> aux c\u00f4t\u00e9s d&rsquo;Iris Mittenaere dans tous les \u00e9v\u00e8nements mondains auxquels il prend part. \u00ab\u00a0Il y aura toujours des gens pour penser que je me d\u00e9nature. Cela ne me perturbe pas. Je peux assister \u00e0 un d\u00e9fil\u00e9 Louis Vuitton et, d\u00e8s le lendemain, retrouver mon fr\u00e8re au milieu des champs de notre village de Castelnau-Magnoac, en Occitanie, avec ses porcs noirs de Bigorre. Je n&rsquo;ai aucun souci avec cela. <strong>Ce n&rsquo;est pas parce que j&rsquo;aime l&rsquo;un que je vais d\u00e9laisser l&rsquo;autre.<\/strong> Cela me repr\u00e9sente bien. Je suis curieux de beaucoup de choses et j&rsquo;ai besoin de cet \u00e9quilibre-l\u00e0\u00a0\u00bb, a premi\u00e8rement d\u00e9clar\u00e9 celui qui a r\u00e9cemment <a href=\"https:\/\/www.purepeople.com\/article\/muscles-et-gros-bras-iris-mittenaere-et-antoine-dupont-tres-bien-accompagnes-lors-de-leurs-vacances-en-amoureux_a540916\/1\" rel=\"nofollow noopener\" target=\"_blank\">pass\u00e9 des vacances en amoureux<\/a> bien accompagn\u00e9, qui ne manque pas de se faire chambrer par ses co\u00e9quipiers.<\/p>\n<p>Antoine Dupont : une c\u00e9l\u00e8bre marque de luxe fran\u00e7aise a fait de lui l&rsquo;un de ses ambassadeurs<\/p>\n<p>\u00ab\u00a0Peut-\u00eatre qu&rsquo;ils sont plus envieux qu&rsquo;autre chose ! En fait, <strong>je crois qu&rsquo;ils sont contents pour moi, et pour le rugby en g\u00e9n\u00e9ral.<\/strong> Cela donne une image bien plus large de notre sport, qui le rend plus attractif\u00a0\u00bb, a ensuite ajout\u00e9 Antoine Dupont. Cependant, le compagnon d&rsquo;Iris Mittenaere a aussi avou\u00e9 qu&rsquo;il n&rsquo;\u00e9tait \u00ab\u00a0pas toujours \u00e0 l&rsquo;aise\u00a0\u00bb au sein de ces \u00e9v\u00e8nements mondains. \u00ab\u00a0<strong>J&rsquo;ai tendance \u00e0 rester sur le c\u00f4t\u00e9<\/strong>\u00ab\u00a0, pr\u00e9cise-t-il par ailleurs. Cela ne l&#8217;emp\u00eache toutefois pas d&rsquo;assurer son r\u00f4le d&rsquo;ambassadeur de la c\u00e9l\u00e8bre marque de luxe fran\u00e7aise Louis Vuitton \u00e0 l&rsquo;international. \u00ab\u00a0J&rsquo;ai \u00e9t\u00e9 tr\u00e8s honor\u00e9. C&rsquo;est valorisant d&rsquo;\u00eatre d\u00e9sir\u00e9 par une telle marque, d&rsquo;autant que dans le rugby, on \u00e9volue assez loin du luxe\u00a0\u00bb, a finalement conclu Antoine Dupont. Sa pr\u00e9sence dans des \u00e9v\u00e9nements o\u00f9 on ne l&rsquo;attendait donc pas forc\u00e9ment s&rsquo;explique donc un peu plus !<\/p>\n","protected":false},"excerpt":{"rendered":"Par Louise Martin | R\u00e9dactrice Koh Lanta, Les Marseillais mais aussi Mari\u00e9s au Premier regards\u2026 Louise Martin est&hellip;\n","protected":false},"author":2,"featured_media":283831,"comment_status":"","ping_status":"","sticky":false,"template":"","format":"standard","meta":{"footnotes":""},"categories":[1416],"tags":[1011,27,479,1468,60],"class_list":{"0":"post-283830","1":"post","2":"type-post","3":"status-publish","4":"format-standard","5":"has-post-thumbnail","7":"category-rugby","8":"tag-fr","9":"tag-france","10":"tag-rugby","11":"tag-rugby-football","12":"tag-sports"},"share_on_mastodon":{"url":"https:\/\/pubeurope.com\/@fr\/114941169754972303","error":""},"_links":{"self":[{"href":"https:\/\/www.europesays.com\/fr\/wp-json\/wp\/v2\/posts\/283830","targetHints":{"allow":["GET"]}}],"collection":[{"href":"https:\/\/www.europesays.com\/fr\/wp-json\/wp\/v2\/posts"}],"about":[{"href":"https:\/\/www.europesays.com\/fr\/wp-json\/wp\/v2\/types\/post"}],"author":[{"embeddable":true,"href":"https:\/\/www.europesays.com\/fr\/wp-json\/wp\/v2\/users\/2"}],"replies":[{"embeddable":true,"href":"https:\/\/www.europesays.com\/fr\/wp-json\/wp\/v2\/comments?post=283830"}],"version-history":[{"count":0,"href":"https:\/\/www.europesays.com\/fr\/wp-json\/wp\/v2\/posts\/283830\/revisions"}],"wp:featuredmedia":[{"embeddable":true,"href":"https:\/\/www.europesays.com\/fr\/wp-json\/wp\/v2\/media\/283831"}],"wp:attachment":[{"href":"https:\/\/www.europesays.com\/fr\/wp-json\/wp\/v2\/media?parent=283830"}],"wp:term":[{"taxonomy":"category","embeddable":true,"href":"https:\/\/www.europesays.com\/fr\/wp-json\/wp\/v2\/categories?post=283830"},{"taxonomy":"post_tag","embeddable":true,"href":"https:\/\/www.europesays.com\/fr\/wp-json\/wp\/v2\/tags?post=283830"}],"curies":[{"name":"wp","href":"https:\/\/api.w.org\/{rel}","templated":true}]}}