{"id":283834,"date":"2025-07-30T08:12:13","date_gmt":"2025-07-30T08:12:13","guid":{"rendered":"https:\/\/www.europesays.com\/fr\/283834\/"},"modified":"2025-07-30T08:12:13","modified_gmt":"2025-07-30T08:12:13","slug":"comment-aprilia-a-vu-bezzecchi-se-reveler-en-leader-et-vainqueur","status":"publish","type":"post","link":"https:\/\/www.europesays.com\/fr\/283834\/","title":{"rendered":"Comment Aprilia a vu Bezzecchi se r\u00e9v\u00e9ler en leader et vainqueur"},"content":{"rendered":"<p>\u00c0 mi-parcours dans ce championnat, Aprilia a enfin sembl\u00e9 r\u00e9unir toutes les pi\u00e8ces du puzzle pour relancer sa saison avec une \u00e9quipe au complet et d\u00e9barrass\u00e9e de ce qui la parasitait. <a href=\"https:\/\/fr.motorsport.com\/driver\/jorge-martin\/109391\/\" target=\"_blank\" rel=\"noopener\">Jorge Mart\u00edn<\/a> est de retour, en pleine forme, et il a abandonn\u00e9 son projet de d\u00e9part anticip\u00e9, d\u00e9sireux \u00e0 pr\u00e9sent de f\u00e9d\u00e9rer un groupe autour de lui.<\/p>\n<p>Lire aussi :<\/p>\n<p>Entre-temps cependant, <a href=\"https:\/\/fr.motorsport.com\/driver\/marco-bezzecchi\/441839\/\" target=\"_blank\" rel=\"noopener\">Marco Bezzecchi<\/a> a bel et bien fait sa place dans cette \u00e9quipe qu&rsquo;il connaissait \u00e0 peine lorsque le champion du monde s&rsquo;est bless\u00e9. Propuls\u00e9 au rang de pilote d&rsquo;usine, l&rsquo;Italien, initialement intimid\u00e9, a d\u00fb tr\u00e8s vite se jeter dans le grand bain pour pousser le groupe de Noale \u00e0 garder l&rsquo;espoir que la saison n&rsquo;\u00e9tait pas perdue d&rsquo;avance, et aussi pour d\u00e9velopper cette moto qu&rsquo;il d\u00e9couvrait tout juste.<\/p>\n<p>\u00c0 Brno, o\u00f9 le cap de la mi-saison a \u00e9t\u00e9 pass\u00e9, Massimo Rivola a pris le temps de faire le point et tress\u00e9 les louanges du pilote italien, non seulement pour la victoire obtenue en Grande-Bretagne mais aussi pour l&rsquo;attitude qui a \u00e9t\u00e9 la sienne au cours de ces quelques mois.<\/p>\n<p>\u00ab\u00a0Marco, qu&rsquo;est-ce que vous voulez lui dire\u00a0?\u00a0Au d\u00e9but de l&rsquo;ann\u00e9e, son point faible \u00e9tait les premiers tours\u00a0&#8211;\u00a0parce que l&rsquo;arri\u00e8re de la moto le poussait, parce qu&rsquo;il \u00e9tait un peu plus en difficult\u00e9 avec le plein de carburant\u2026 Et l\u00e0, il fait des d\u00e9parts comme [celui de Brno], il se bat dans le premier tour comme personne d&rsquo;autre.\u00a0\u00bb<\/p>\n<p>\u00ab\u00a0On appr\u00e9cie vraiment la croissance qu&rsquo;il a faite avec son talent et son travail\u00a0\u00bb,\u00a0a observ\u00e9 le PDG d&rsquo;Aprilia Racing, alors que Bezzecchi sort d&rsquo;une belle s\u00e9rie de trois Grands Prix pass\u00e9s aux avant-postes.<\/p>\n<p>   <img decoding=\"async\" draggable=\"false\" src=\"https:\/\/www.europesays.com\/fr\/wp-content\/uploads\/2025\/07\/1753863131_872_marco-bezzecchi-aprilia-racing.jpg\" alt=\"Marco Bezzecchi a pris ses habitudes aux avant-postes.\" width=\"1200\" height=\"800\" loading=\"lazy\"\/> <\/p>\n<p class=\"title\">Marco Bezzecchi a pris ses habitudes aux avant-postes.<\/p>\n<p class=\"photographer\">Photo de: Aprilia Racing<\/p>\n<p>\u00ab\u00a0Et j&rsquo;ajouterais une autre chose, qui est fondamentale et dans laquelle Marco est tr\u00e8s bon\u00a0\u00bb, a poursuivi Massimo Rivola, \u00ab\u00a0c&rsquo;est qu&rsquo;il sait former une \u00e9quipe autour de lui et emmener tout le monde avec lui, \u00e0 chaque seconde et dans chaque chose qu&rsquo;il fait. C&rsquo;est une de ses caract\u00e9ristiques et il le fait de fa\u00e7on naturelle, et \u00e7a rend tout cela encore plus beau.\u00a0\u00bb<\/p>\n<p>Bezzecchi \u00e9tait \u00ab\u00a0un peu triste\u00a0\u00bb en d\u00e9but de saison<\/p>\n<p>Pass\u00e9 au quatri\u00e8me rang du championnat \u00e0 Brno, Marco Bezzecchi peut se satisfaire des r\u00e9sultats obtenus au cours de la premi\u00e8re partie de la saison. Outre sa victoire \u00e0 Silverstone, il a d\u00e9croch\u00e9 deux deuxi\u00e8mes places le dimanche et deux m\u00e9dailles le samedi.<\/p>\n<p>Sa courbe de r\u00e9sultats a grimp\u00e9 de fa\u00e7on notable \u00e0 partir du week-end anglais, avant cette acc\u00e9l\u00e9ration lors des trois derniers Grands Prix o\u00f9 il s&rsquo;est syst\u00e9matiquement qualifi\u00e9 parmi les cinq premiers et aurait \u00e9t\u00e9 class\u00e9 aux quatre premi\u00e8res places de chaque course, en format sprint comme long, s&rsquo;il n&rsquo;\u00e9tait pas tomb\u00e9 en Allemagne.<\/p>\n<p>Interrog\u00e9 sur le bilan qu&rsquo;il tire de sa premi\u00e8re partie de la saison, le pilote italien a logiquement admis que la balance penchait du bon c\u00f4t\u00e9. \u00ab\u00a0Elle a \u00e9t\u00e9 bonne\u00a0\u00bb, a-t-il en effet r\u00e9pondu. Pourtant, il lui a d&rsquo;abord fallu trouver sa place et d\u00e9passer des moments quelque peu compliqu\u00e9s avec une moto qu&rsquo;il ne connaissait pas.<\/p>\n<blockquote>\n<p>La majeure partie du d\u00e9veloppement reposait sur moi et \u00e7a a \u00e9t\u00e9 dur. Mentalement et physiquement, j&rsquo;\u00e9tais un peu d\u00e9truit.<\/p>\n<\/blockquote>\n<p>\u00ab\u00a0Les premi\u00e8res courses ont clairement \u00e9t\u00e9 dures parce que je sortais d&rsquo;essais de pr\u00e9-saison qui avaient \u00e9t\u00e9 diff\u00e9rents et difficiles. Je les avais faits seul et j&rsquo;avais d\u00e9velopp\u00e9 la moto. J&rsquo;ai bien s\u00fbr eu l&rsquo;aide de Sava [Lorenzo Savadori] et des gars de Trackhouse, mais la majeure partie du d\u00e9veloppement reposait sur moi et \u00e7a a \u00e9t\u00e9 dur.\u00a0\u00bb<\/p>\n<p>\u00ab\u00a0Mentalement et physiquement, j&rsquo;\u00e9tais un peu d\u00e9truit\u00a0\u2013\u00a0surtout mentalement. Donc dans les premi\u00e8res courses, quand les r\u00e9sultats n&rsquo;arrivaient pas, j&rsquo;\u00e9tais un peu triste parce que je m&rsquo;attendais \u00e0 un peu mieux vu tout le travail qu&rsquo;on avait fait. Mais on a gard\u00e9 notre calme et tout a commenc\u00e9 \u00e0 aller un peu mieux, on a continu\u00e9 \u00e0 travailler pour progresser et tout s&rsquo;est un peu am\u00e9lior\u00e9. On a commenc\u00e9 \u00e0 obtenir de bons r\u00e9sultats et \u00e7a a \u00e9t\u00e9 fantastique. Merci aux gars d&rsquo;Aprilia\u00a0!\u00a0\u00bb<\/p>\n<p>Bezzecchi n&rsquo;est pas l\u00e0 pour \u00eatre deuxi\u00e8me<\/p>\n<p>Maintenant que Bezzecchi est lanc\u00e9 sur de bons rails et que Mart\u00edn est de retour, tout porte \u00e0 croire que le championnat d&rsquo;Aprilia va prendre une tournure diff\u00e9rente apr\u00e8s la pause. Questionn\u00e9 sur la mani\u00e8re dont il va pouvoir g\u00e9rer le fait d&rsquo;avoir en quelque sorte deux coqs dans le poulailler, Massimo Rivola est apparu plus excit\u00e9 qu&rsquo;inquiet par cette perspective.<\/p>\n<p>\u00ab\u00a0Avoir deux coqs dans le poulailler est un probl\u00e8me que j&rsquo;ai h\u00e2te de g\u00e9rer\u00a0\u00bb, a-t-il r\u00e9pondu, soulignant que Bezzecchi n&rsquo;avait pas vol\u00e9 sa place aux avant-postes. \u00ab\u00a0Marco n&rsquo;a jamais \u00e9t\u00e9 pris pour \u00eatre un porteur d&rsquo;eau. Il y a deux ans, il a fait troisi\u00e8me du championnat avec Ducati. Je pense que c&rsquo;est l&rsquo;endroit id\u00e9al pour lui, d&rsquo;un point de vue humain et en ayant une usine qui travaille [pour lui].\u00a0\u00bb<\/p>\n<p>   <img decoding=\"async\" draggable=\"false\" src=\"https:\/\/www.europesays.com\/fr\/wp-content\/uploads\/2025\/07\/1753863133_139_marco-bezzecchi-aprilia-racing.jpg\" alt=\"Marco Bezzecchi a r\u00e9ussi \u00e0 f\u00e9d\u00e9rer l'\u00e9quipe Aprilia.\" width=\"1200\" height=\"800\" loading=\"lazy\"\/> <\/p>\n<p class=\"title\">Marco Bezzecchi a r\u00e9ussi \u00e0 f\u00e9d\u00e9rer l&rsquo;\u00e9quipe Aprilia.<\/p>\n<p class=\"photographer\">Photo de: Aprilia Racing<\/p>\n<p>\u00ab\u00a0La premi\u00e8re fois qu&rsquo;il est venu \u00e0 Noale, nous lui avons montr\u00e9 toutes les personnes qui travaillent l\u00e0-bas, et nous lui avons fait comprendre que ce sont toutes des familles qui non seulement le soutiennent, mais qui sont aussi pr\u00eates \u00e0 travailler pour lui, comme Jorge bien s\u00fbr.\u00a0\u00bb<\/p>\n<p>\u00ab\u00a0Prendre sur ses \u00e9paules la responsabilit\u00e9 d&rsquo;une entreprise, surtout avec ce qui est arriv\u00e9 \u00e0 Jorge dans les premiers mois, est un signe \u00e9norme de maturit\u00e9 et de force. Et je peux vous assurer que les fois o\u00f9 il chute ou commet une erreur, il est le premier \u00e0 \u00eatre particuli\u00e8rement en col\u00e8re contre lui-m\u00eame et \u00e0 s&rsquo;excuser aupr\u00e8s de l&rsquo;\u00e9quipe. Et ce n&rsquo;est pas du tout une \u00e9vidence.\u00a0\u00bb<\/p>\n<p>Et le patron du programme Aprilia compte bien continuer \u00e0 pousser son pilote pour qu&rsquo;il reste sur cet \u00e9lan qu&rsquo;il a su construire durant ces quelques mois o\u00f9 il a trouv\u00e9 avec la RS-GP le chemin vers les avant-postes.\u00a0\u00ab\u00a0Marco n&rsquo;est pas encore le vainqueur [qu&rsquo;il veut \u00eatre] : il en a gagn\u00e9 un seul et l&rsquo;objectif est d&rsquo;\u00eatre le vainqueur [absolu]. D\u00e8s que Marco sera num\u00e9ro 2 au championnat, je vais le challenger pour qu&rsquo;il devienne num\u00e9ro 1\u00a0\u00bb, a-t-il pr\u00e9venu.<\/p>\n<p>Lire aussi :<\/p>\n<p>Dans cet article<\/p>\n<p>Soyez le premier inform\u00e9 et souscrivez aux alertes mails pour recevoir les infos en temps r\u00e9el<\/p>\n<p>    S&rsquo;abonner aux alertes de news<\/p>\n","protected":false},"excerpt":{"rendered":"\u00c0 mi-parcours dans ce championnat, Aprilia a enfin sembl\u00e9 r\u00e9unir toutes les pi\u00e8ces du puzzle pour relancer sa&hellip;\n","protected":false},"author":2,"featured_media":283835,"comment_status":"","ping_status":"","sticky":false,"template":"","format":"standard","meta":{"footnotes":""},"categories":[1413],"tags":[3563,1011,27,1961,1457,1456,1458,60],"class_list":{"0":"post-283834","1":"post","2":"type-post","3":"status-publish","4":"format-standard","5":"has-post-thumbnail","7":"category-moto","8":"tag-aprilia-racing-team","9":"tag-fr","10":"tag-france","11":"tag-marco-bezzecchi","12":"tag-moto","13":"tag-motocycle","14":"tag-motogp","15":"tag-sports"},"share_on_mastodon":{"url":"https:\/\/pubeurope.com\/@fr\/114941181561463119","error":""},"_links":{"self":[{"href":"https:\/\/www.europesays.com\/fr\/wp-json\/wp\/v2\/posts\/283834","targetHints":{"allow":["GET"]}}],"collection":[{"href":"https:\/\/www.europesays.com\/fr\/wp-json\/wp\/v2\/posts"}],"about":[{"href":"https:\/\/www.europesays.com\/fr\/wp-json\/wp\/v2\/types\/post"}],"author":[{"embeddable":true,"href":"https:\/\/www.europesays.com\/fr\/wp-json\/wp\/v2\/users\/2"}],"replies":[{"embeddable":true,"href":"https:\/\/www.europesays.com\/fr\/wp-json\/wp\/v2\/comments?post=283834"}],"version-history":[{"count":0,"href":"https:\/\/www.europesays.com\/fr\/wp-json\/wp\/v2\/posts\/283834\/revisions"}],"wp:featuredmedia":[{"embeddable":true,"href":"https:\/\/www.europesays.com\/fr\/wp-json\/wp\/v2\/media\/283835"}],"wp:attachment":[{"href":"https:\/\/www.europesays.com\/fr\/wp-json\/wp\/v2\/media?parent=283834"}],"wp:term":[{"taxonomy":"category","embeddable":true,"href":"https:\/\/www.europesays.com\/fr\/wp-json\/wp\/v2\/categories?post=283834"},{"taxonomy":"post_tag","embeddable":true,"href":"https:\/\/www.europesays.com\/fr\/wp-json\/wp\/v2\/tags?post=283834"}],"curies":[{"name":"wp","href":"https:\/\/api.w.org\/{rel}","templated":true}]}}