{"id":283836,"date":"2025-07-30T08:13:11","date_gmt":"2025-07-30T08:13:11","guid":{"rendered":"https:\/\/www.europesays.com\/fr\/283836\/"},"modified":"2025-07-30T08:13:11","modified_gmt":"2025-07-30T08:13:11","slug":"frederic-vasseur-proche-de-la-prolongation-chez-ferrari","status":"publish","type":"post","link":"https:\/\/www.europesays.com\/fr\/283836\/","title":{"rendered":"Fr\u00e9d\u00e9ric Vasseur proche de la prolongation chez Ferrari"},"content":{"rendered":"<p>C&rsquo;\u00e9tait l&rsquo;un des sujets les plus discut\u00e9s dans le paddock de Spa-Francorchamps. Il n&rsquo;y a pas encore d&rsquo;annonce officielle, ni de d\u00e9clarations des principaux concern\u00e9s, n\u00e9anmoins les indiscr\u00e9tions pointent toutes dans la m\u00eame direction.<\/p>\n<p>Fr\u00e9d\u00e9ric Vasseur et <a href=\"https:\/\/fr.motorsport.com\/team\/ferrari\/615\/\" target=\"_blank\" rel=\"noopener nofollow\">Ferrari<\/a> sont pr\u00eats \u00e0 prolonger leur collaboration afin de permettre au Fran\u00e7ais de rester \u00e0 la t\u00eate de l&rsquo;\u00e9curie pour une quatri\u00e8me saison. Une br\u00e8ve d\u00e9claration du directeur g\u00e9n\u00e9ral de la marque italienne, Benedetto Vigna, \u00e0 Silverstone avait d\u00e9j\u00e0 confirm\u00e9 que les n\u00e9gociations\u00a0 \u00e9taient en cours : \u00ab\u00a0Fred est notre team principal. Nous sommes en juillet et nous discutons de mani\u00e8re positive. Il y a de la confiance et nous avons le temps.\u00a0\u00bb Il ressortait donc d\u00e9j\u00e0 une certaine confiance quant \u00e0 l&rsquo;issue positive de ces tractations.<\/p>\n<p>La seule interrogation, et elle demeurera probablement m\u00eame apr\u00e8s l&rsquo;annonce officielle, porte sur la dur\u00e9e de l&rsquo;accord entre la Scuderia et son team principal. Il est devenu commun d\u00e9sormais pour les \u00e9curies de Formule 1 de ne pas d\u00e9voiler l&rsquo;\u00e9ch\u00e9ance des contrats, ni pour les pilotes ni pour le haut management. Tout au plus se limitent-elles \u00e0 mentionner une dur\u00e9e ind\u00e9finie en se cachant derri\u00e8re le terme \u00ab\u00a0pluriannuel\u00a0\u00bb pour qualifier les nouveaux contrats annonc\u00e9s.<\/p>\n<p>   <img decoding=\"async\" draggable=\"false\" src=\"https:\/\/www.europesays.com\/fr\/wp-content\/uploads\/2025\/07\/frederic-vasseur-ferrari-charl.jpg\" alt=\"Frederic Vasseur con Charles Leclerc: il team principal verr\u00e0 rinnovato per il 2026\" width=\"1200\" height=\"800\" loading=\"lazy\"\/> <\/p>\n<p class=\"title\">Fr\u00e9d\u00e9ric Vasseur, ici avec Charles Leclerc, est d\u00e9sormais en passe d&rsquo;\u00eatre reconduit pour 2026.<\/p>\n<p class=\"photographer\">Photo de : Ferrari<\/p>\n<p>En s&rsquo;engageant \u00e0 rester chez Ferrari, Fr\u00e9d\u00e9ric Vasseur aura pour examen de passage le plus important la saison 2026. La monoplace qui prendra la piste la saison prochaine sera le produit de l&rsquo;\u00e9quipe technique qu&rsquo;a voulue et model\u00e9e le patron fran\u00e7ais, la premi\u00e8re aussi que signera int\u00e9gralement le directeur technique Lo\u00efc Serra qui a pris ses fonctions \u00e0 Maranello le 1er octobre dernier.<\/p>\n<p>Le projet 678, nom de code de la future F1 qui sortira des ateliers de Ferrari, marquera un moment d\u00e9terminant pour que la Scuderia reparte en qu\u00eate de titres mondiaux. La ligne qui a pr\u00e9valu est celle qui veut \u00e9viter tout chamboulement \u00e0 la veille de l&rsquo;entr\u00e9e en vigueur du prochain cycle technique, si bien qu&rsquo;avec le maintien de Vasseur, l&rsquo;\u00e9quipe qu&rsquo;il a mise en place va pouvoir continuer \u00e0 travailler dans la s\u00e9r\u00e9nit\u00e9, sans craindre de changements \u00e0 l&rsquo;horizon.<\/p>\n<p>Sur fond de rumeurs au c\u0153ur du mois de juin, <a href=\"https:\/\/fr.motorsport.com\/f1\/news\/vasseur-repond-vigoureusement-critiques-rumeurs-ferrari\/10732501\/\" target=\"_self\" rel=\"noopener nofollow\">Fr\u00e9d\u00e9ric Vasseur avait d\u00e9clar\u00e9 \u00e0 Canal+<\/a> en marge du GP du Canada\u00a0:\u00a0\u00ab\u00a0Mon poste est fragile par d\u00e9finition. C&rsquo;est comme un entra\u00eeneur de foot : on sait que quand on fait ce job, chez Ferrari ou ailleurs, on est expos\u00e9 [&#8230;] donc je ne suis pas venu en me disant &lsquo;je viens l\u00e0 pour la vie&rsquo;. J&rsquo;essaie juste de d\u00e9velopper l&rsquo;\u00e9quipe, de progresser, de faire des choses, de cr\u00e9er quelque chose.\u00a0\u00bb<\/p>\n<p>Lorsque les m\u00e9dias ont commenc\u00e9 \u00e0 \u00e9voquer ce renouvellement de contrat du patron de l&rsquo;\u00e9quipe, la nouvelle a \u00e9t\u00e9 accueillie de fa\u00e7on tr\u00e8s positive par <a href=\"https:\/\/fr.motorsport.com\/driver\/charles-leclerc\/109632\/\" target=\"_blank\" rel=\"noopener nofollow\">Charles Leclerc<\/a> et <a href=\"https:\/\/fr.motorsport.com\/driver\/lewis-hamilton\/76878\/\" target=\"_blank\" rel=\"noopener nofollow\">Lewis Hamilton<\/a>, ses deux plus grands soutiens. Les indiscr\u00e9tions \u00e9taient justes, les n\u00e9gociations ont bien eu lieu afin de prolonger son contrat. Celles-ci ont dur\u00e9 jusqu&rsquo;\u00e0 cette veille de pause estivale du championnat, signe qu&rsquo;une r\u00e9flexion a bien \u00e9t\u00e9 men\u00e9e \u00e0 Maranello. Mais le choix a \u00e9t\u00e9 fait de prolonger l&rsquo;\u00e9quipe en place vers le d\u00e9fi qui attend la Scuderia en 2026.<\/p>\n<p>Lire aussi :<\/p>\n<p>Dans cet article<\/p>\n<p>Soyez le premier inform\u00e9 et souscrivez aux alertes mails pour recevoir les infos en temps r\u00e9el<\/p>\n<p>    S&rsquo;abonner aux alertes de news<\/p>\n","protected":false},"excerpt":{"rendered":"C&rsquo;\u00e9tait l&rsquo;un des sujets les plus discut\u00e9s dans le paddock de Spa-Francorchamps. Il n&rsquo;y a pas encore d&rsquo;annonce&hellip;\n","protected":false},"author":2,"featured_media":283837,"comment_status":"","ping_status":"","sticky":false,"template":"","format":"standard","meta":{"footnotes":""},"categories":[1412],"tags":[1451,2251,1452,1453,1454,1455,1011,27,60],"class_list":{"0":"post-283836","1":"post","2":"type-post","3":"status-publish","4":"format-standard","5":"has-post-thumbnail","7":"category-f1","8":"tag-f1","9":"tag-ferrari","10":"tag-formula-1","11":"tag-formula1","12":"tag-formule-1","13":"tag-formule1","14":"tag-fr","15":"tag-france","16":"tag-sports"},"share_on_mastodon":{"url":"https:\/\/pubeurope.com\/@fr\/114941185430135777","error":""},"_links":{"self":[{"href":"https:\/\/www.europesays.com\/fr\/wp-json\/wp\/v2\/posts\/283836","targetHints":{"allow":["GET"]}}],"collection":[{"href":"https:\/\/www.europesays.com\/fr\/wp-json\/wp\/v2\/posts"}],"about":[{"href":"https:\/\/www.europesays.com\/fr\/wp-json\/wp\/v2\/types\/post"}],"author":[{"embeddable":true,"href":"https:\/\/www.europesays.com\/fr\/wp-json\/wp\/v2\/users\/2"}],"replies":[{"embeddable":true,"href":"https:\/\/www.europesays.com\/fr\/wp-json\/wp\/v2\/comments?post=283836"}],"version-history":[{"count":0,"href":"https:\/\/www.europesays.com\/fr\/wp-json\/wp\/v2\/posts\/283836\/revisions"}],"wp:featuredmedia":[{"embeddable":true,"href":"https:\/\/www.europesays.com\/fr\/wp-json\/wp\/v2\/media\/283837"}],"wp:attachment":[{"href":"https:\/\/www.europesays.com\/fr\/wp-json\/wp\/v2\/media?parent=283836"}],"wp:term":[{"taxonomy":"category","embeddable":true,"href":"https:\/\/www.europesays.com\/fr\/wp-json\/wp\/v2\/categories?post=283836"},{"taxonomy":"post_tag","embeddable":true,"href":"https:\/\/www.europesays.com\/fr\/wp-json\/wp\/v2\/tags?post=283836"}],"curies":[{"name":"wp","href":"https:\/\/api.w.org\/{rel}","templated":true}]}}