{"id":283851,"date":"2025-07-30T08:22:11","date_gmt":"2025-07-30T08:22:11","guid":{"rendered":"https:\/\/www.europesays.com\/fr\/283851\/"},"modified":"2025-07-30T08:22:11","modified_gmt":"2025-07-30T08:22:11","slug":"si-certaines-familles-ont-plus-de-garcons-et-dautres-plus-de-filles-ce-ne-serait-pas-le-fruit-du-hasard","status":"publish","type":"post","link":"https:\/\/www.europesays.com\/fr\/283851\/","title":{"rendered":"Si certaines familles ont plus de gar\u00e7ons et d\u2019autres plus de filles, ce ne serait pas le fruit du hasard"},"content":{"rendered":"<p>                         <img loading=\"lazy\" decoding=\"async\" src=\"https:\/\/www.europesays.com\/fr\/wp-content\/uploads\/2025\/07\/7b58844_upload-1-kd8hqv3t5syl-000-32dg3qh.jpg\" alt=\"Nouveau-n\u00e9 dans la maternit\u00e9 d\u2019un h\u00f4pital parisien, le 29\u00a0juin 2022.\"   width=\"664\" height=\"443\"\/>    Nouveau-n\u00e9 dans la maternit\u00e9 d\u2019un h\u00f4pital parisien, le 29\u00a0juin 2022.  CHRISTOPHE ARCHAMBAULT\/AFP                 <\/p>\n<p class=\"article__paragraph  \">Les chercheurs sont partis d\u2019un constat\u00a0: ils ont tous un coll\u00e8gue, un ami ou un membre de leur famille qui n\u2019a eu que des filles ou que des gar\u00e7ons. Des fratries de trois ou quatre enfants du m\u00eame sexe qui d\u00e9fient les probabilit\u00e9s\u00a0: \u00e0 l\u2019\u00e9chelle du monde, la r\u00e9partition des sexes \u00e0 la naissance est presque \u00e9gale, avec, en moyenne, <a href=\"https:\/\/www.ined.fr\/fr\/tout-savoir-population\/memos-demo\/faq\/est-il-vrai-il-nait-autant-de-filles-que-de-garcons-sur-terre\/#:~:text=On%20pense%20spontan%C3%A9ment%20qu&#039;une,&#039;on%20puisse%20l&#039;expliquer.\" target=\"_blank\" rel=\"noopener nofollow\" title=\"Nouvelle fen\u00eatre\">105\u00a0gar\u00e7ons pour 100\u00a0filles<\/a> en\u00a02020\u00a0selon l\u2019Institut national d\u2019\u00e9tudes d\u00e9mographique. Comment expliquer que ces statistiques ne soient pas v\u00e9rifiables \u00e0 l\u2019\u00e9chelle du couple\u00a0? C\u2019est ce qu\u2019a cherch\u00e9 \u00e0 comprendre une \u00e9quipe de l\u2019universit\u00e9 Harvard, dans une \u00e9tude publi\u00e9e le 18\u00a0juillet dans la revue <a href=\"https:\/\/www.science.org\/doi\/10.1126\/sciadv.adu7402?adobe_mc=MCMID%3D74973794693834056534455024659721447180%7CMCORGID%3D242B6472541199F70A4C98A6%2540AdobeOrg%7CTS%3D1753351048\" target=\"_blank\" rel=\"noopener nofollow\" title=\"Nouvelle fen\u00eatre\">Science Advances<\/a>.<\/p>\n<p class=\"article__paragraph  \">Le sc\u00e9nario de base est celui qui suit une loi statistique binomiale\u00a0: la f\u00e9condation est apparent\u00e9e au lancer d\u2019une pi\u00e8ce \u00e0 deux faces, avec, \u00e0 chaque fois, une chance sur deux d\u2019obtenir la face \u00ab\u00a0fille\u00a0\u00bb et une chance sur deux d\u2019obtenir la face \u00ab\u00a0gar\u00e7on\u00a0\u00bb. Les chercheurs ont analys\u00e9 une autre possibilit\u00e9, la loi b\u00eata-binomiale o\u00f9 chaque personne lance bien une pi\u00e8ce, mais cette derni\u00e8re est unique pour chaque individu\u00a0: \u00ab\u00a0La pi\u00e8ce n\u2019est pas lest\u00e9e de la m\u00eame fa\u00e7on en fonction de vos traits personnels ou des facteurs environnementaux\u00a0\u00bb, explique Siwen Wang, premi\u00e8re autrice de l\u2019\u00e9tude et doctorante \u00e0 l\u2019universit\u00e9 Harvard. Tout individu aurait donc une probabilit\u00e9 personnelle d\u2019avoir une fille ou un gar\u00e7on, plus ou moins \u00e9loign\u00e9e de 50\u00a0%.<\/p>\n<p class=\"reading-mode-only \"><strong>Il vous reste 73.5% de cet article \u00e0 lire. La suite est r\u00e9serv\u00e9e aux abonn\u00e9s.<\/strong><\/p>\n","protected":false},"excerpt":{"rendered":"Nouveau-n\u00e9 dans la maternit\u00e9 d\u2019un h\u00f4pital parisien, le 29\u00a0juin 2022. CHRISTOPHE ARCHAMBAULT\/AFP Les chercheurs sont partis d\u2019un constat\u00a0:&hellip;\n","protected":false},"author":2,"featured_media":283852,"comment_status":"","ping_status":"","sticky":false,"template":"","format":"standard","meta":{"footnotes":""},"categories":[10],"tags":[1011,27,72,71],"class_list":{"0":"post-283851","1":"post","2":"type-post","3":"status-publish","4":"format-standard","5":"has-post-thumbnail","7":"category-sante","8":"tag-fr","9":"tag-france","10":"tag-health","11":"tag-sante"},"share_on_mastodon":{"url":"https:\/\/pubeurope.com\/@fr\/114941220899312646","error":""},"_links":{"self":[{"href":"https:\/\/www.europesays.com\/fr\/wp-json\/wp\/v2\/posts\/283851","targetHints":{"allow":["GET"]}}],"collection":[{"href":"https:\/\/www.europesays.com\/fr\/wp-json\/wp\/v2\/posts"}],"about":[{"href":"https:\/\/www.europesays.com\/fr\/wp-json\/wp\/v2\/types\/post"}],"author":[{"embeddable":true,"href":"https:\/\/www.europesays.com\/fr\/wp-json\/wp\/v2\/users\/2"}],"replies":[{"embeddable":true,"href":"https:\/\/www.europesays.com\/fr\/wp-json\/wp\/v2\/comments?post=283851"}],"version-history":[{"count":0,"href":"https:\/\/www.europesays.com\/fr\/wp-json\/wp\/v2\/posts\/283851\/revisions"}],"wp:featuredmedia":[{"embeddable":true,"href":"https:\/\/www.europesays.com\/fr\/wp-json\/wp\/v2\/media\/283852"}],"wp:attachment":[{"href":"https:\/\/www.europesays.com\/fr\/wp-json\/wp\/v2\/media?parent=283851"}],"wp:term":[{"taxonomy":"category","embeddable":true,"href":"https:\/\/www.europesays.com\/fr\/wp-json\/wp\/v2\/categories?post=283851"},{"taxonomy":"post_tag","embeddable":true,"href":"https:\/\/www.europesays.com\/fr\/wp-json\/wp\/v2\/tags?post=283851"}],"curies":[{"name":"wp","href":"https:\/\/api.w.org\/{rel}","templated":true}]}}