{"id":283862,"date":"2025-07-30T08:28:13","date_gmt":"2025-07-30T08:28:13","guid":{"rendered":"https:\/\/www.europesays.com\/fr\/283862\/"},"modified":"2025-07-30T08:28:13","modified_gmt":"2025-07-30T08:28:13","slug":"le-parquet-national-financier-saisi-pour-obtenir-le-regroupement-des-procedures-financieres-visant-le-rn","status":"publish","type":"post","link":"https:\/\/www.europesays.com\/fr\/283862\/","title":{"rendered":"Le parquet national financier saisi pour obtenir le regroupement des proc\u00e9dures financi\u00e8res visant le RN"},"content":{"rendered":"<p>Une plainte contre X, notamment pour d\u00e9tournement de biens publics, a \u00e9t\u00e9 d\u00e9pos\u00e9e \u00e0 cette fin devant le parquet national financier (PNF) par l\u2019Association AC!! Anticorruption.<\/p>\n<p class=\"fig-paragraph\">Une plainte notamment pour d\u00e9tournement de biens publics a \u00e9t\u00e9 adress\u00e9e au\u00a0<a href=\"http:\/\/www.lefigaro.fr\/actualite-france\/l-etat-condamne-pour-faute-dans-la-mise-en-cause-de-magistrats-du-pnf-par-dupond-moretti-20250116\" target=\"_blank\" data-fig-type=\"NewsFlash\" rel=\"noopener\" data-gtm-custom-categorie=\"navigation\" data-gtm-custom-action=\"crossclick\" data-gtm-custom-label=\"Contextuel\" data-gtm-event=\"customEventSPE\" data-fig-domain=\"LEFIGARO\">parquet national financier<\/a>\u00a0(PNF) par l\u2019association AC!! Anticorruption, afin d\u2019obtenir la centralisation des r\u00e9centes proc\u00e9dures financi\u00e8res concernant le\u00a0<a href=\"http:\/\/www.lefigaro.fr\/politique\/rassemblement-national-les-raisons-d-une-nouvelle-non-censure-20250625\" target=\"_blank\" data-fig-type=\"Article\" rel=\"noopener\" data-gtm-custom-categorie=\"navigation\" data-gtm-custom-action=\"crossclick\" data-gtm-custom-label=\"Contextuel\" data-gtm-event=\"customEventSPE\" data-fig-domain=\"LEFIGARO\">Rassemblement national<\/a>\u00a0(RN), a annonc\u00e9 mercredi 30 juillet son avocat J\u00e9r\u00f4me Karsenti.<\/p>\n<p class=\"fig-paragraph\">La plainte, consult\u00e9e par l\u2019AFP, a \u00e9t\u00e9 d\u00e9pos\u00e9e contre X pour d\u00e9tournement de biens publics, favoritisme, prise ill\u00e9gale d\u2019int\u00e9r\u00eats ainsi que complicit\u00e9 et recel de ces infractions. \u00abCette plainte a pour objet de d\u00e9montrer le caract\u00e8re syst\u00e9mique du d\u00e9tournement de la loi pour accro\u00eetre la richesse du RN et permettre par tous les moyens d\u2019acc\u00e9der au pouvoir, y compris avec des moyens ill\u00e9gaux\u00bb, a comment\u00e9 aupr\u00e8s de l\u2019AFP J\u00e9r\u00f4me Karsenti.<\/p>\n<p>                                    <a class=\"fig-a11y-skip a11y-hidden\" href=\"#fig-a11y-skip-main-inarticle\"><br \/>\n        Passer la publicit\u00e9<br \/>\n    <\/a><\/p>\n<p class=\"fig-paragraph\">Dans sa plainte, AC!! Anticorruption d\u00e9nonce entre autres la responsabilit\u00e9 du milliardaire Pierre-\u00c9douard St\u00e9rin, de Marine Le Pen, ancienne pr\u00e9sidente du RN et d\u00e9put\u00e9e, de Jordan Bardella, de St\u00e9phane Ravier, s\u00e9nateur et candidat \u00e0 Marseille en 2020 et de Thierry Mariani, candidat aux r\u00e9gionales en Provence-Alpes-C\u00f4te d\u2019Azur en 2021.<\/p>\n<p class=\"fig-paragraph\">L\u2019association accuse dans sa plainte le milliardaire d\u2019avoir \u00ab\u00e9labor\u00e9 un plan strat\u00e9gique afin de favoriser, notamment par des moyens financiers cons\u00e9quents, l\u2019accession du RN au pouvoir \u00e0 tous les \u00e9chelons\u00bb. Un \u00absyst\u00e8me\u00bb que Marine Le Pen et Jordan Bardella \u00abne pouvaient ignorer\u00bb, selon AC!! Anticorruption. \u00abLa saisine du PNF s\u2019inscrit dans cette dimension, \u00e0 savoir centraliser en un seul parquet l\u2019ensemble des pratiques du RN\u00bb, a-t-il d\u00e9clar\u00e9.<\/p>\n<p>Le RN vis\u00e9 par plusieurs plaintes<\/p>\n<p class=\"fig-paragraph\">\u00c0 Paris, des juges d\u2019instruction se penchent depuis juillet 2024 sur des soup\u00e7ons de financement ill\u00e9gal des campagnes l\u00e9gislative et pr\u00e9sidentielle en 2022 et europ\u00e9enne en 2024. Le si\u00e8ge du RN a \u00e9t\u00e9\u00a0<a href=\"http:\/\/www.lefigaro.fr\/politique\/jordan-bardella-annonce-une-perquisition-en-cours-du-siege-du-rn-et-denonce-un-acharnement-20250709\" target=\"_blank\" data-fig-type=\"NewsFlash\" rel=\"noopener\" data-gtm-custom-categorie=\"navigation\" data-gtm-custom-action=\"crossclick\" data-gtm-custom-label=\"Contextuel\" data-gtm-event=\"customEventSPE\" data-fig-domain=\"LEFIGARO\">perquisitionn\u00e9<\/a>\u00a0le 9 juillet dans cette affaire qui concerne un syst\u00e8me de pr\u00eats personnels. \u00abTout sera mis en \u0153uvre pour nous emp\u00eacher d\u2019acc\u00e9der au pouvoir\u00bb, s\u2019\u00e9tait insurg\u00e9 le pr\u00e9sident du parti d\u2019extr\u00eame droite\u00a0<a href=\"http:\/\/www.lefigaro.fr\/politique\/pour-sa-derniere-seance-de-dedicaces-jordan-bardella-s-invite-sur-les-terres-de-bruno-retailleau-20250705\" target=\"_blank\" data-fig-type=\"Article\" rel=\"noopener\" data-gtm-custom-categorie=\"navigation\" data-gtm-custom-action=\"crossclick\" data-gtm-custom-label=\"Contextuel\" data-gtm-event=\"customEventSPE\" data-fig-domain=\"LEFIGARO\">Jordan Bardella<\/a>, d\u00e9non\u00e7ant un \u00abacharnement judiciaire\u00bb et assurant que les pr\u00eats \u00e9taient \u00abparfaitement l\u00e9gaux\u00bb.<\/p>\n<p class=\"fig-paragraph\">Une autre enqu\u00eate est men\u00e9e \u00e0 Marseille depuis 2021 sur le financement des derni\u00e8res campagnes municipales et r\u00e9gionales de candidats RN dans plusieurs villes et r\u00e9gions. Dans le cadre de cette proc\u00e9dure qui porte sur des pr\u00eats atteignant 1,8 million d\u2019euros, le milliardaire ultra-conservateur Pierre-\u00c9douard St\u00e9rin a \u00e9t\u00e9 entendu en tant que suspect libre en juin.<\/p>\n<p class=\"fig-paragraph\">Enfin, d\u00e9but juillet, le parquet europ\u00e9en a annonc\u00e9 l\u2019ouverture d\u2019une enqu\u00eate sur l\u2019ancien groupe Identit\u00e9 et D\u00e9mocratie (ID), auquel appartenait le RN, soup\u00e7onn\u00e9 d\u2019avoir \u00abind\u00fbment d\u00e9pens\u00e9\u00bb plus de 4,3 millions d\u2019euros entre 2019 et 2024.<\/p>\n","protected":false},"excerpt":{"rendered":"Une plainte contre X, notamment pour d\u00e9tournement de biens publics, a \u00e9t\u00e9 d\u00e9pos\u00e9e \u00e0 cette fin devant le&hellip;\n","protected":false},"author":2,"featured_media":283863,"comment_status":"","ping_status":"","sticky":false,"template":"","format":"standard","meta":{"footnotes":""},"categories":[4],"tags":[11,1011,27,12,34446,2634,1078,25],"class_list":{"0":"post-283862","1":"post","2":"type-post","3":"status-publish","4":"format-standard","5":"has-post-thumbnail","7":"category-france","8":"tag-actualites","9":"tag-fr","10":"tag-france","11":"tag-news","12":"tag-parquet-national-financier","13":"tag-plainte","14":"tag-rassemblement-national","15":"tag-republique-francaise"},"share_on_mastodon":{"url":"https:\/\/pubeurope.com\/@fr\/114941244525786278","error":""},"_links":{"self":[{"href":"https:\/\/www.europesays.com\/fr\/wp-json\/wp\/v2\/posts\/283862","targetHints":{"allow":["GET"]}}],"collection":[{"href":"https:\/\/www.europesays.com\/fr\/wp-json\/wp\/v2\/posts"}],"about":[{"href":"https:\/\/www.europesays.com\/fr\/wp-json\/wp\/v2\/types\/post"}],"author":[{"embeddable":true,"href":"https:\/\/www.europesays.com\/fr\/wp-json\/wp\/v2\/users\/2"}],"replies":[{"embeddable":true,"href":"https:\/\/www.europesays.com\/fr\/wp-json\/wp\/v2\/comments?post=283862"}],"version-history":[{"count":0,"href":"https:\/\/www.europesays.com\/fr\/wp-json\/wp\/v2\/posts\/283862\/revisions"}],"wp:featuredmedia":[{"embeddable":true,"href":"https:\/\/www.europesays.com\/fr\/wp-json\/wp\/v2\/media\/283863"}],"wp:attachment":[{"href":"https:\/\/www.europesays.com\/fr\/wp-json\/wp\/v2\/media?parent=283862"}],"wp:term":[{"taxonomy":"category","embeddable":true,"href":"https:\/\/www.europesays.com\/fr\/wp-json\/wp\/v2\/categories?post=283862"},{"taxonomy":"post_tag","embeddable":true,"href":"https:\/\/www.europesays.com\/fr\/wp-json\/wp\/v2\/tags?post=283862"}],"curies":[{"name":"wp","href":"https:\/\/api.w.org\/{rel}","templated":true}]}}