{"id":283864,"date":"2025-07-30T08:29:12","date_gmt":"2025-07-30T08:29:12","guid":{"rendered":"https:\/\/www.europesays.com\/fr\/283864\/"},"modified":"2025-07-30T08:29:12","modified_gmt":"2025-07-30T08:29:12","slug":"le-nombre-de-cas-du-cancer-du-foie-pourrait-doubler-dici-2050-alors-que-la-plupart-sont-evitables-salarme-une-etude","status":"publish","type":"post","link":"https:\/\/www.europesays.com\/fr\/283864\/","title":{"rendered":"Le nombre de cas du cancer du foie pourrait doubler d\u2019ici 2050 alors que la plupart sont \u00e9vitables, s\u2019alarme une \u00e9tude"},"content":{"rendered":"<p>        <img decoding=\"async\" loading=\"lazy\" src=\"https:\/\/www.europesays.com\/fr\/wp-content\/uploads\/2025\/07\/ed03a56_upload-1-plkn7eu00h57-pexels-ivan-samkov-6436280.jpg\"  width=\"728\" height=\"410\" alt=\"Selon l\u2019Observatoire mondial du cancer, \u00e0 l\u2019\u00e9chelle de la plan\u00e8te en 2050\u00a0le nombre de nouveaux cas grimpera \u00e0 1,52\u00a0million par an, soit un quasi doublement, tandis que 1,37\u00a0million de personnes en mourront.\"\/>  <\/p>\n<p>Pexels \/ Ivan Samkov<\/p>\n<p>Selon l\u2019Observatoire mondial du cancer, \u00e0 l\u2019\u00e9chelle de la plan\u00e8te en 2050\u00a0le nombre de nouveaux cas grimpera \u00e0 1,52\u00a0million par an, soit un quasi doublement, tandis que 1,37\u00a0million de personnes en mourront.<\/p>\n<p class=\"asset asset-text\">SANT\u00c9 PUBLIQUE &#8211; Une meilleure couverture vaccinale contre l\u2019<a href=\"https:\/\/www.huffingtonpost.fr\/life\/article\/hepatite-b-chlamydia-le-depistage-de-plusieurs-ist-gratuit-et-sans-ordonnance-pour-les-jeunes-des-septembre_236743.html\" target=\"_blank\" rel=\"noopener\">h\u00e9patite B<\/a> et des politiques ciblant ob\u00e9sit\u00e9 et consommation d\u2019alcool sont n\u00e9cessaires pour faire baisser le nombre de <a href=\"https:\/\/www.huffingtonpost.fr\/medias\/article\/ardisson-sur-un-lit-d-hopital-le-documentaire-d-audrey-crespo-mara-sans-filtre-des-les-premieres-images_252680.html\" target=\"_blank\" rel=\"noopener\">cancers du foie<\/a> qui, faute d\u2019action publique, pourrait avoir quasiment doubl\u00e9 dans le monde en 2050, affirme une \u00e9tude internationale publi\u00e9e mardi 29\u00a0juillet.<\/p>\n<p class=\"asset asset-text\">Ces travaux men\u00e9s par une commission d\u2019experts de six pays (Chine, \u00c9tats-Unis, Cor\u00e9e du Sud, Italie, Espagne et France, o\u00f9 l\u2019Inserm a collabor\u00e9 notamment), et publi\u00e9s dans la revue m\u00e9dicale <a href=\"https:\/\/www.thelancet.com\/journals\/lancet\/article\/PIIS0140-6736(25)01042-6\/abstract?dgcid=tlcom_carousel1_lancethcc25\" target=\"_blank\" rel=\"noopener\" title=\"Nouvelle fen\u00eatre\">The Lancet<\/a>, soulignent \u00ab\u00a0l\u2019urgence d\u2019une action mondiale\u00a0\u00bb contre cette maladie, apr\u00e8s avoir pass\u00e9 au crible les \u00e9tudes et donn\u00e9es disponibles.<\/p>\n<p class=\"asset asset-text\">Le cancer du foie est le sixi\u00e8me cancer le plus fr\u00e9quent et le troisi\u00e8me le plus meurtrier. Selon l\u2019Observatoire mondial du cancer, \u00e0 l\u2019\u00e9chelle de la plan\u00e8te en 2050 le nombre de nouveaux cas grimpera \u00e0 1,52\u00a0million par an, soit un quasi-doublement, tandis que 1,37\u00a0million de personnes en mourront.<\/p>\n<p>    Une couverture vaccinale encore trop faible    <\/p>\n<p class=\"asset asset-text\">Huit sur dix de ces cancers sont des carcinomes h\u00e9patocellulaires, une forme particuli\u00e8rement pr\u00e9sente en Asie de l\u2019Est, Afrique du Nord et Asie du Sud-Est. Au niveau mondial, le taux de survie des malades \u00e0 cinq ans allait de 5\u00a0% \u00e0 30\u00a0% entre 2000 et 2014.<\/p>\n<p class=\"asset asset-text\">Or, trois cancers du foie sur cinq sont dus \u00e0 des facteurs de risque \u00e9vitables sur lesquels il faudrait agir, selon les chercheurs. Parmi eux, les h\u00e9patites virales B et C, la consommation d\u2019alcool et la st\u00e9atose h\u00e9patique non alcoolique, caract\u00e9ris\u00e9e par une accumulation de graisse dans le foie souvent associ\u00e9e \u00e0 l\u2019ob\u00e9sit\u00e9.<\/p>\n<p class=\"asset asset-text\">Les virus de l\u2019h\u00e9patite B et C devraient demeurer les principales causes de cancer du foie en 2050, tout en voyant leur part diminuer. Les chercheurs estiment ainsi que l\u2019h\u00e9patite B sera \u00e0 l\u2019origine de 36,9\u00a0% des cas de cancer du foie d\u2019ici 25\u00a0ans (contre 39\u00a0% aujourd\u2019hui), tandis que l\u2019h\u00e9patite C verrait son incidence diminuer \u00e0 25,9\u00a0% (contre 29,1\u00a0%).<\/p>\n<p class=\"asset asset-text\">Alors que la vaccination contre l\u2019h\u00e9patite B est le moyen de pr\u00e9vention le plus efficace, \u00ab\u00a0la couverture reste faible en Afrique et dans les r\u00e9gions aux ressources faibles\u00a0\u00bb en raison de son \u00ab\u00a0co\u00fbt, des r\u00e9ticences \u00e0 se faire vacciner et de la m\u00e9connaissance de son efficacit\u00e9\u00a0\u00bb et faute d\u2019obligation vaccinale, dit l\u2019\u00e9tude. \u00ab\u00a0En 2015, la vaccination des nouveau-n\u00e9s et des nourrissons a permis de pr\u00e9venir 210\u00a0millions de nouvelles infections chroniques par l\u2019h\u00e9patite B et devrait r\u00e9duire le nombre estim\u00e9 de d\u00e9c\u00e8s \u00e0 1,1\u00a0million d\u2019ici 2030\u00a0\u00bb, rapportent les chercheurs.<\/p>\n<p class=\"asset asset-text\">Si cette vaccination n\u2019est pas renforc\u00e9e, \u00ab\u00a017\u00a0millions de d\u00e9c\u00e8s li\u00e9s \u00e0 l\u2019h\u00e9patite B devraient survenir entre 2015 et 2030\u00a0\u00bb, disent-ils.<\/p>\n<p>    Renforcer la pr\u00e9vention sur l\u2019alcool    <\/p>\n<p class=\"asset asset-text\">La part des cancers du foie dus \u00e0 la <a href=\"https:\/\/www.huffingtonpost.fr\/life\/article\/est-ce-que-j-ai-un-probleme-avec-l-alcool-ces-signes-qui-doivent-alerter_213611.html\" target=\"_blank\" rel=\"noopener\">consommation d\u2019alcoo<\/a>l et \u00e0 la st\u00e9atose devrait, elle, augmenter\u00a0: l\u2019accumulation de graisse dans le foie sera en cause dans 11\u00a0% des cas en 2050 (contre 8\u00a0% en 2022), soit une hausse de 35\u00a0%, et l\u2019alcool, de 21,1\u00a0% des cas \u00e0 cet horizon, selon leurs calculs.<\/p>\n<p class=\"asset asset-text\">En cons\u00e9quence, les auteurs de l\u2019\u00e9tude appellent \u00e0 sensibiliser l\u2019opinion, les milieux m\u00e9dicaux et les gouvernements au risque croissant de st\u00e9atose, \u00ab\u00a0notamment aux \u00c9tats-Unis, en Europe et en Asie\u00a0\u00bb, en insistant sur les \u00ab\u00a0groupes \u00e0 haut risque\u00a0: personnes diab\u00e9tiques et ob\u00e8ses\u00a0\u00bb.<\/p>\n<p class=\"asset asset-text\">\u00ab\u00a0Am\u00e9liorer la survie des patients doit \u00eatre un axe majeur de la recherche\u00a0\u00bb dit l\u2019\u00e9tude qui appelle \u00e0 \u00ab\u00a0coordonner les efforts\u00a0\u00bb entre industrie, soignants et organisations internationales afin de r\u00e9duire les fortes disparit\u00e9s dans la prise en charge de la maladie, tr\u00e8s insuffisante dans les pays \u00e0 revenu faible et interm\u00e9diaire.<\/p>\n","protected":false},"excerpt":{"rendered":"Pexels \/ Ivan Samkov Selon l\u2019Observatoire mondial du cancer, \u00e0 l\u2019\u00e9chelle de la plan\u00e8te en 2050\u00a0le nombre de&hellip;\n","protected":false},"author":2,"featured_media":283865,"comment_status":"","ping_status":"","sticky":false,"template":"","format":"standard","meta":{"footnotes":""},"categories":[2],"tags":[11,5702,6520,1011,27,42293,12,71,5699,43],"class_list":{"0":"post-283864","1":"post","2":"type-post","3":"status-publish","4":"format-standard","5":"has-post-thumbnail","7":"category-actualites","8":"tag-actualites","9":"tag-alcool","10":"tag-cancers","11":"tag-fr","12":"tag-france","13":"tag-hepatite-c","14":"tag-news","15":"tag-sante","16":"tag-sante-publique","17":"tag-science"},"share_on_mastodon":{"url":"https:\/\/pubeurope.com\/@fr\/114941248527225478","error":""},"_links":{"self":[{"href":"https:\/\/www.europesays.com\/fr\/wp-json\/wp\/v2\/posts\/283864","targetHints":{"allow":["GET"]}}],"collection":[{"href":"https:\/\/www.europesays.com\/fr\/wp-json\/wp\/v2\/posts"}],"about":[{"href":"https:\/\/www.europesays.com\/fr\/wp-json\/wp\/v2\/types\/post"}],"author":[{"embeddable":true,"href":"https:\/\/www.europesays.com\/fr\/wp-json\/wp\/v2\/users\/2"}],"replies":[{"embeddable":true,"href":"https:\/\/www.europesays.com\/fr\/wp-json\/wp\/v2\/comments?post=283864"}],"version-history":[{"count":0,"href":"https:\/\/www.europesays.com\/fr\/wp-json\/wp\/v2\/posts\/283864\/revisions"}],"wp:featuredmedia":[{"embeddable":true,"href":"https:\/\/www.europesays.com\/fr\/wp-json\/wp\/v2\/media\/283865"}],"wp:attachment":[{"href":"https:\/\/www.europesays.com\/fr\/wp-json\/wp\/v2\/media?parent=283864"}],"wp:term":[{"taxonomy":"category","embeddable":true,"href":"https:\/\/www.europesays.com\/fr\/wp-json\/wp\/v2\/categories?post=283864"},{"taxonomy":"post_tag","embeddable":true,"href":"https:\/\/www.europesays.com\/fr\/wp-json\/wp\/v2\/tags?post=283864"}],"curies":[{"name":"wp","href":"https:\/\/api.w.org\/{rel}","templated":true}]}}