{"id":283866,"date":"2025-07-30T08:30:15","date_gmt":"2025-07-30T08:30:15","guid":{"rendered":"https:\/\/www.europesays.com\/fr\/283866\/"},"modified":"2025-07-30T08:30:15","modified_gmt":"2025-07-30T08:30:15","slug":"comme-a-lyon-le-stationnement-va-t-il-devenir-payant-en-aout-a-saint-etienne","status":"publish","type":"post","link":"https:\/\/www.europesays.com\/fr\/283866\/","title":{"rendered":"Comme \u00e0 Lyon, le stationnement va-t-il devenir payant en ao\u00fbt \u00e0 Saint-Etienne\u00a0?"},"content":{"rendered":"<p>            Par<br \/>\n        <strong><br \/>\n            <a href=\"https:\/\/actu.fr\/auteur\/mathias-souteyrat\" title=\"Consulter tous les articles de Mathias Souteyrat\" target=\"_blank\" rel=\"noopener\">Mathias Souteyrat<\/a><br \/>\n        <\/strong><\/p>\n<p>        Publi\u00e9 le<\/p>\n<p>            30 juil. 2025 \u00e0 10h22        <\/p>\n<p>Contrairement \u00e0 <a href=\"https:\/\/actu.fr\/lyon\/\" target=\"_blank\" rel=\"noopener\">Lyon<\/a>, qui a modifi\u00e9 sa politique de <a href=\"https:\/\/actu.fr\/auvergne-rhone-alpes\/lyon_69123\/lyon-attention-le-stationnement-devient-payant-des-le-1er-aout-2025-ce-qu-il-faut-savoir_62947475.html\" target=\"_blank\" rel=\"noopener\">stationnement l\u2019\u00e9t\u00e9<\/a> en raison de contraintes budg\u00e9taires, la ville de <a href=\"https:\/\/actu.fr\/auvergne-rhone-alpes\/saint-etienne_42218\" target=\"_blank\" rel=\"noopener\">Saint-Etienne<\/a> va-t-elle maintenir le dispositif de gratuit\u00e9 au mois d\u2019ao\u00fbt dans certaines parties de la commune\u2009? Zones vertes et jaunes\u2009: voici ce qu\u2019il faut savoir.<\/p>\n<p>Stationnement gratuit sur l\u2019ensemble de la zone verte<\/p>\n<p class=\" wall-content\">Le stationnement en surface reste bel et bien gratuit sur l\u2019ensemble de la zone verte <strong>du lundi\u00a04 au samedi 30\u00a0ao\u00fbt 2025<\/strong>.<\/p>\n<p>    <img   decoding=\"async\" loading=\"lazy\" src=\"https:\/\/www.europesays.com\/fr\/wp-content\/uploads\/2025\/07\/capture-decran-2025-07-30-a-091945-960x640.png\" alt=\"Le stationnement en surface est gratuit sur l\u2019ensemble de la zone verte du lundi\u00a04 au samedi 30\u00a0ao\u00fbt.\" width=\"960\" height=\"640\"\/><br \/>\n    Le stationnement en surface est gratuit sur l\u2019ensemble de la zone verte du lundi\u00a04 au samedi 30\u00a0ao\u00fbt. (\u00a9Capture d\u2019\u00e9cran)<\/p>\n<p class=\" wall-content\">En zone jaune, les 30 premi\u00e8res minutes de stationnement sont gratuites puis deviennent payantes en semaine (20 min\u2009: 0,80 \u20ac, 1h\u2009: 2\u00a0\u20ac, 2\u2009h\u2009: 5\u00a0\u20ac, etc.)<\/p>\n<p>Retrouvez la carte interactive sur le <a href=\"https:\/\/www.saint-etienne.fr\/stationnement-pour-les-utilisateurs-occasionnels\" target=\"_blank\" rel=\"noopener\">site internet de la ville<\/a> pour savoir o\u00f9 se trouvent exactement les zones vertes et jaunes.Des changements de r\u00e8gles p\u00e9rennis\u00e9s<\/p>\n<p class=\" wall-content\">Depuis les mesures prises en mars\u00a02025, et prolong\u00e9es d\u2019un an en septembre\u00a02025 par la majorit\u00e9 municipale, les r\u00e8gles pour se garer ont quelque peu chang\u00e9. Elles font suite <a href=\"https:\/\/actu.fr\/auvergne-rhone-alpes\/saint-etienne_42218\/saint-etienne-coup-de-gueule-des-commercants-une-nouvelle-decision-prise-par-la-mairie_62881647.html\" target=\"_blank\" rel=\"noopener\">au coup de gueule des commer\u00e7ants<\/a> afin de redynamiser le commerce de centre-ville.<\/p>\n<p class=\" wall-content\">Pour les automobilistes, le stationnement en surface <strong>est gratuit<\/strong> sur les 8\u2009000 places de la ville <strong>d\u00e8s le vendredi midi, jusqu\u2019au lundi, 8\u2009h\u200930,<\/strong> en zone jaune comme en zone verte, soit 8\u2009000 places au total.<\/p>\n<p>    <img   decoding=\"async\" loading=\"lazy\" src=\"https:\/\/www.europesays.com\/fr\/wp-content\/uploads\/2025\/07\/stationnement-960x640.jpg\" alt=\"Le stationnement en surface est gratuit sur l\u2019ensemble de la zone verte du lundi\u00a04 au samedi 30\u00a0ao\u00fbt.\" width=\"960\" height=\"640\"\/><br \/>\n    Le stationnement en surface est gratuit sur l\u2019ensemble de la zone verte du lundi\u00a04 au samedi 30\u00a0ao\u00fbt. (\u00a9Ville de Saint-Etienne)<\/p>\n<p class=\" wall-content\">\u00c0 cela s\u2019ajoute le maintien des 2\u00a0heures gratuites dans les parkings souterrains et le forfait soir\u00e9e \u00e0 3\u00a0\u20ac, toujours dans les parkings souterrains.<\/p>\n<p class=\" wall-content\">Suivez toute l\u2019actualit\u00e9 de vos villes et m\u00e9dias favoris en vous inscrivant \u00e0 <a href=\"https:\/\/moncompte.actu.fr\" title=\"D\u00e9couvez Mon Actu\" rel=\"nofollow noopener\" data-trk=\"{&quot;cta&quot;:{&quot;action&quot;:&quot;https:\\\/\\\/moncompte.actu.fr&quot;,&quot;category&quot;:&quot;mon compte&quot;,&quot;from&quot;:&quot;article footer&quot;,&quot;name&quot;:&quot;Mon actu&quot;,&quot;type&quot;:&quot;cta&quot;}}\" target=\"_blank\">Mon Actu<\/a>.<\/p>\n<ul class=\"ac-article-tag wall-content\">\n<li><a href=\"https:\/\/actu.fr\/tag\/bons-plans\" data-trk=\"{&quot;cta&quot;:{&quot;action&quot;:&quot;Bons plans&quot;,&quot;category&quot;:&quot;tag&quot;,&quot;from&quot;:&quot;article footer&quot;,&quot;name&quot;:&quot;Bons plans&quot;,&quot;type&quot;:&quot;cta&quot;}}\" target=\"_blank\" rel=\"noopener\">#Bons plans<\/a><\/li>\n<li><a href=\"https:\/\/actu.fr\/tag\/stationnement\" data-trk=\"{&quot;cta&quot;:{&quot;action&quot;:&quot;Stationnement&quot;,&quot;category&quot;:&quot;tag&quot;,&quot;from&quot;:&quot;article footer&quot;,&quot;name&quot;:&quot;Stationnement&quot;,&quot;type&quot;:&quot;cta&quot;}}\" target=\"_blank\" rel=\"noopener\">#Stationnement<\/a><\/li>\n<\/ul>\n","protected":false},"excerpt":{"rendered":"Par Mathias Souteyrat Publi\u00e9 le 30 juil. 2025 \u00e0 10h22 Contrairement \u00e0 Lyon, qui a modifi\u00e9 sa politique&hellip;\n","protected":false},"author":2,"featured_media":283867,"comment_status":"","ping_status":"","sticky":false,"template":"","format":"standard","meta":{"footnotes":""},"categories":[9653],"tags":[1111,11,2430,677,1777,674,1011,27,12,25,4001,104,6173],"class_list":{"0":"post-283866","1":"post","2":"type-post","3":"status-publish","4":"format-standard","5":"has-post-thumbnail","7":"category-saint-etienne","8":"tag-actu","9":"tag-actualites","10":"tag-auvergne-rhone-alpes","11":"tag-bons-plans","12":"tag-eu","13":"tag-europe","14":"tag-fr","15":"tag-france","16":"tag-news","17":"tag-republique-francaise","18":"tag-saint-etienne","19":"tag-societe","20":"tag-stationnement"},"share_on_mastodon":{"url":"https:\/\/pubeurope.com\/@fr\/114941252487792607","error":""},"_links":{"self":[{"href":"https:\/\/www.europesays.com\/fr\/wp-json\/wp\/v2\/posts\/283866","targetHints":{"allow":["GET"]}}],"collection":[{"href":"https:\/\/www.europesays.com\/fr\/wp-json\/wp\/v2\/posts"}],"about":[{"href":"https:\/\/www.europesays.com\/fr\/wp-json\/wp\/v2\/types\/post"}],"author":[{"embeddable":true,"href":"https:\/\/www.europesays.com\/fr\/wp-json\/wp\/v2\/users\/2"}],"replies":[{"embeddable":true,"href":"https:\/\/www.europesays.com\/fr\/wp-json\/wp\/v2\/comments?post=283866"}],"version-history":[{"count":0,"href":"https:\/\/www.europesays.com\/fr\/wp-json\/wp\/v2\/posts\/283866\/revisions"}],"wp:featuredmedia":[{"embeddable":true,"href":"https:\/\/www.europesays.com\/fr\/wp-json\/wp\/v2\/media\/283867"}],"wp:attachment":[{"href":"https:\/\/www.europesays.com\/fr\/wp-json\/wp\/v2\/media?parent=283866"}],"wp:term":[{"taxonomy":"category","embeddable":true,"href":"https:\/\/www.europesays.com\/fr\/wp-json\/wp\/v2\/categories?post=283866"},{"taxonomy":"post_tag","embeddable":true,"href":"https:\/\/www.europesays.com\/fr\/wp-json\/wp\/v2\/tags?post=283866"}],"curies":[{"name":"wp","href":"https:\/\/api.w.org\/{rel}","templated":true}]}}