{"id":283879,"date":"2025-07-30T08:38:09","date_gmt":"2025-07-30T08:38:09","guid":{"rendered":"https:\/\/www.europesays.com\/fr\/283879\/"},"modified":"2025-07-30T08:38:09","modified_gmt":"2025-07-30T08:38:09","slug":"un-corps-repeche-dans-la-seine-a-rouen-ce-mercredi-matin","status":"publish","type":"post","link":"https:\/\/www.europesays.com\/fr\/283879\/","title":{"rendered":"Un corps rep\u00each\u00e9 dans la Seine \u00e0 Rouen ce mercredi matin"},"content":{"rendered":"<p>            Par<br \/>\n        <strong><br \/>\n            <a href=\"https:\/\/actu.fr\/auteur\/julien-bouteiller\" title=\"Consulter tous les articles de Julien Bouteiller\" target=\"_blank\" rel=\"noopener\">Julien Bouteiller<\/a><br \/>\n        <\/strong><\/p>\n<p>        Publi\u00e9 le<\/p>\n<p>            30 juil. 2025 \u00e0 10h24        <\/p>\n<p>Macabre d\u00e9couverte ce mercredi 30 juillet 2025. <strong>Un corps a \u00e9t\u00e9 rep\u00each\u00e9 dans la Seine<\/strong> \u00e0 <a href=\"https:\/\/actu.fr\/normandie\/rouen_76540\" target=\"_blank\" rel=\"noopener\">Rouen<\/a>, apprend-on du Service d\u00e9partemental d\u2019incendie et de secours (Sdis), confirmant une information de\u00a0<a href=\"https:\/\/www.paris-normandie.fr\/id649234\/article\/2025-07-30\/rouen-un-corps-retrouve-dans-la-seine-les-sapeurs-pompiers-sur-place\" target=\"_blank\" rel=\"noopener\">Paris-Normandie<\/a>.<\/p>\n<p>Un homme retrouv\u00e9 dans la Seine<\/p>\n<p class=\" wall-content\">Selon le Sdis, les sapeurs-pompiers ont \u00e9t\u00e9 appel\u00e9s <strong>aux alentours de 8h30<\/strong> pour r\u00e9cup\u00e9rer un corps dans le fleuve, au niveau des quais rive droite. D\u2019apr\u00e8s Paris-Normandie, il a \u00e9t\u00e9 pris en charge au niveau du Th\u00e9\u00e2tre des Arts.<\/p>\n<p class=\" wall-content\">Pour l\u2019heure, tout ce que l\u2019on sait est que<strong> la victime est un homme<\/strong>. Son \u00e2ge ou son identit\u00e9 n\u2019ont pas encore \u00e9t\u00e9 pr\u00e9cis\u00e9s.<\/p>\n<p class=\" wall-content\">Le corps a \u00e9t\u00e9 laiss\u00e9 \u00e0 la police, <strong>charg\u00e9e de l\u2019enqu\u00eate<\/strong> pour identifier cet homme et les circonstances de son d\u00e9c\u00e8s.<\/p>\n<p>Suivez l\u2019actualit\u00e9 de Rouen <a href=\"https:\/\/www.whatsapp.com\/channel\/0029VaKfnf99hXF2ddApFB1D\" target=\"_blank\" rel=\"noopener\">sur notre cha\u00eene WhatsApp<\/a> et <a href=\"https:\/\/www.tiktok.com\/@76actu.fr?lang=fr\" target=\"_blank\" rel=\"noopener\">sur notre compte TikTok<\/a><\/p>\n<p class=\" wall-content\">Suivez toute l\u2019actualit\u00e9 de vos villes et m\u00e9dias favoris en vous inscrivant \u00e0 <a href=\"https:\/\/moncompte.actu.fr\" title=\"D\u00e9couvez Mon Actu\" rel=\"nofollow noopener\" data-trk=\"{&quot;cta&quot;:{&quot;action&quot;:&quot;https:\\\/\\\/moncompte.actu.fr&quot;,&quot;category&quot;:&quot;mon compte&quot;,&quot;from&quot;:&quot;article footer&quot;,&quot;name&quot;:&quot;Mon actu&quot;,&quot;type&quot;:&quot;cta&quot;}}\" target=\"_blank\">Mon Actu<\/a>.<\/p>\n<p>                    <script async src=\"\/\/www.tiktok.com\/embed.js\"><\/script><\/p>\n","protected":false},"excerpt":{"rendered":"Par Julien Bouteiller Publi\u00e9 le 30 juil. 2025 \u00e0 10h24 Macabre d\u00e9couverte ce mercredi 30 juillet 2025. Un&hellip;\n","protected":false},"author":2,"featured_media":283880,"comment_status":"","ping_status":"","sticky":false,"template":"","format":"standard","meta":{"footnotes":""},"categories":[9587],"tags":[1111,11,1777,674,118,1011,27,5353,12,5161,1311,25,9590],"class_list":{"0":"post-283879","1":"post","2":"type-post","3":"status-publish","4":"format-standard","5":"has-post-thumbnail","7":"category-rouen","8":"tag-actu","9":"tag-actualites","10":"tag-eu","11":"tag-europe","12":"tag-faits-divers","13":"tag-fr","14":"tag-france","15":"tag-la-seine","16":"tag-news","17":"tag-normandie","18":"tag-pompiers","19":"tag-republique-francaise","20":"tag-rouen"},"share_on_mastodon":{"url":"https:\/\/pubeurope.com\/@fr\/114941283724633015","error":""},"_links":{"self":[{"href":"https:\/\/www.europesays.com\/fr\/wp-json\/wp\/v2\/posts\/283879","targetHints":{"allow":["GET"]}}],"collection":[{"href":"https:\/\/www.europesays.com\/fr\/wp-json\/wp\/v2\/posts"}],"about":[{"href":"https:\/\/www.europesays.com\/fr\/wp-json\/wp\/v2\/types\/post"}],"author":[{"embeddable":true,"href":"https:\/\/www.europesays.com\/fr\/wp-json\/wp\/v2\/users\/2"}],"replies":[{"embeddable":true,"href":"https:\/\/www.europesays.com\/fr\/wp-json\/wp\/v2\/comments?post=283879"}],"version-history":[{"count":0,"href":"https:\/\/www.europesays.com\/fr\/wp-json\/wp\/v2\/posts\/283879\/revisions"}],"wp:featuredmedia":[{"embeddable":true,"href":"https:\/\/www.europesays.com\/fr\/wp-json\/wp\/v2\/media\/283880"}],"wp:attachment":[{"href":"https:\/\/www.europesays.com\/fr\/wp-json\/wp\/v2\/media?parent=283879"}],"wp:term":[{"taxonomy":"category","embeddable":true,"href":"https:\/\/www.europesays.com\/fr\/wp-json\/wp\/v2\/categories?post=283879"},{"taxonomy":"post_tag","embeddable":true,"href":"https:\/\/www.europesays.com\/fr\/wp-json\/wp\/v2\/tags?post=283879"}],"curies":[{"name":"wp","href":"https:\/\/api.w.org\/{rel}","templated":true}]}}