{"id":283881,"date":"2025-07-30T08:39:10","date_gmt":"2025-07-30T08:39:10","guid":{"rendered":"https:\/\/www.europesays.com\/fr\/283881\/"},"modified":"2025-07-30T08:39:10","modified_gmt":"2025-07-30T08:39:10","slug":"un-corps-retrouve-dans-la-seine-a-rouen","status":"publish","type":"post","link":"https:\/\/www.europesays.com\/fr\/283881\/","title":{"rendered":"Un corps retrouv\u00e9 dans la Seine \u00e0 Rouen"},"content":{"rendered":"<p>Un corps a \u00e9t\u00e9 retrouv\u00e9 dans la Seine \u00e0 Rouen (Seine-Maritime) mercredi 30 juillet 2025 en d\u00e9but de matin\u00e9e. <\/p>\n<p>\n      La Quotidienne Soci\u00e9t\u00e9\n    <\/p>\n<p>\n      De la vie quotidienne aux grands enjeux, recevez tous les jours les sujets qui font la soci\u00e9t\u00e9 locale, comme la justice, l\u2019\u00e9ducation, la sant\u00e9 et la famille.\n    <\/p>\n<p>    France T\u00e9l\u00e9visions utilise votre adresse e-mail afin de vous envoyer la newsletter \u00ab\u00a0La Quotidienne Soci\u00e9t\u00e9\u00a0\u00bb. Vous pouvez vous d\u00e9sinscrire \u00e0 tout moment via le lien en bas de cette newsletter. <a target=\"_blank\" href=\"https:\/\/www.francetelevisions.fr\/groupe\/confidentialite\/politique-de-confidentialite\/politique-de-confidentialite-de-france-televisions-6503\" rel=\"nofollow noopener\">Notre politique de confidentialit\u00e9<\/a><\/p>\n<p>Pompiers, police et plongeurs ont \u00e9t\u00e9 mobilis\u00e9s ce mercredi matin sur les quais du pr\u00e9 aux Loups (rive droite) \u00e0 Rouen, pr\u00e8s du pont Jeanne d&rsquo;Arc.<\/p>\n<p>Le corps d&rsquo;un homme a \u00e9t\u00e9 r\u00e9cup\u00e9r\u00e9 dans la Seine vers 8h30, indique le Service d\u00e9partemental d&rsquo;incendie et de secours de Seine-Maritime (SDIS 76), confirmant les informations de <a target=\"_blank\" rel=\"noopener noreferrer nofollow\" href=\"https:\/\/www.paris-normandie.fr\/id649234\/article\/2025-07-30\/rouen-un-corps-retrouve-dans-la-seine-les-sapeurs-pompiers-sur-place\">nos confr\u00e8res de Paris Normandie.<\/a><\/p>\n<p>Le corps de l&rsquo;homme n&rsquo;est pas encore identifi\u00e9. Il a \u00e9t\u00e9 \u00ab\u00a0laiss\u00e9 \u00e0 disposition de la police\u00a0\u00bb.<\/p>\n<p>Plus d&rsquo;informations \u00e0 venir.<\/p>\n","protected":false},"excerpt":{"rendered":"Un corps a \u00e9t\u00e9 retrouv\u00e9 dans la Seine \u00e0 Rouen (Seine-Maritime) mercredi 30 juillet 2025 en d\u00e9but de&hellip;\n","protected":false},"author":2,"featured_media":283882,"comment_status":"","ping_status":"","sticky":false,"template":"","format":"standard","meta":{"footnotes":""},"categories":[9587],"tags":[1111,11,1777,674,1011,27,12,5161,25,9590],"class_list":{"0":"post-283881","1":"post","2":"type-post","3":"status-publish","4":"format-standard","5":"has-post-thumbnail","7":"category-rouen","8":"tag-actu","9":"tag-actualites","10":"tag-eu","11":"tag-europe","12":"tag-fr","13":"tag-france","14":"tag-news","15":"tag-normandie","16":"tag-republique-francaise","17":"tag-rouen"},"share_on_mastodon":{"url":"https:\/\/pubeurope.com\/@fr\/114941287715455673","error":""},"_links":{"self":[{"href":"https:\/\/www.europesays.com\/fr\/wp-json\/wp\/v2\/posts\/283881","targetHints":{"allow":["GET"]}}],"collection":[{"href":"https:\/\/www.europesays.com\/fr\/wp-json\/wp\/v2\/posts"}],"about":[{"href":"https:\/\/www.europesays.com\/fr\/wp-json\/wp\/v2\/types\/post"}],"author":[{"embeddable":true,"href":"https:\/\/www.europesays.com\/fr\/wp-json\/wp\/v2\/users\/2"}],"replies":[{"embeddable":true,"href":"https:\/\/www.europesays.com\/fr\/wp-json\/wp\/v2\/comments?post=283881"}],"version-history":[{"count":0,"href":"https:\/\/www.europesays.com\/fr\/wp-json\/wp\/v2\/posts\/283881\/revisions"}],"wp:featuredmedia":[{"embeddable":true,"href":"https:\/\/www.europesays.com\/fr\/wp-json\/wp\/v2\/media\/283882"}],"wp:attachment":[{"href":"https:\/\/www.europesays.com\/fr\/wp-json\/wp\/v2\/media?parent=283881"}],"wp:term":[{"taxonomy":"category","embeddable":true,"href":"https:\/\/www.europesays.com\/fr\/wp-json\/wp\/v2\/categories?post=283881"},{"taxonomy":"post_tag","embeddable":true,"href":"https:\/\/www.europesays.com\/fr\/wp-json\/wp\/v2\/tags?post=283881"}],"curies":[{"name":"wp","href":"https:\/\/api.w.org\/{rel}","templated":true}]}}