{"id":283883,"date":"2025-07-30T08:40:10","date_gmt":"2025-07-30T08:40:10","guid":{"rendered":"https:\/\/www.europesays.com\/fr\/283883\/"},"modified":"2025-07-30T08:40:10","modified_gmt":"2025-07-30T08:40:10","slug":"un-homme-place-sous-controle-judiciaire-pour-avoir-percute-une-motocycliste","status":"publish","type":"post","link":"https:\/\/www.europesays.com\/fr\/283883\/","title":{"rendered":"un homme plac\u00e9 sous contr\u00f4le judiciaire pour avoir percut\u00e9 une motocycliste"},"content":{"rendered":"<p>\t\t\t\t\t\t\t\t\t\t\t<img loading=\"lazy\" decoding=\"async\" width=\"1110\" title=\"Grenoble : un homme plac\u00e9 sous contr\u00f4le judiciaire pour avoir percut\u00e9 une motocycliste\" class=\"img-fluid  mb-3\" src=\"https:\/\/grandgrenoble.alpes1.com\/media\/news\/thumb\/1110x624_grenoble-un-homme-place-sous-controle-judiciaire-pour-avoir-percute-une-motocycliste_6889cf12251fb.webp\" alt=\"Grenoble : un homme plac\u00e9 sous contr\u00f4le judiciaire pour avoir percut\u00e9 une motocycliste\" itemprop=\"image\" height=\"624\"\/>\t\t\t\t\t\t\t\t\t\t\t\t<\/p>\n<p>Grenoble : un homme plac\u00e9 sous contr\u00f4le judiciaire pour avoir percut\u00e9 une motocycliste &#8211; DR<\/p>\n<p itemprop=\"description\"><strong>Un homme a \u00e9t\u00e9 d\u00e9f\u00e9r\u00e9 au parquet et plac\u00e9 sous contr\u00f4le judiciaire ce lundi 28 juillet apr\u00e8s avoir percut\u00e9 une motocycliste au volant de sa voiture.<\/strong><\/p>\n<p>Un homme de 31 ans soup\u00e7onn\u00e9 d\u2019avoir percut\u00e9 une motocycliste au volant de sa voiture sur la commune de Sassenage dans la nuit de vendredi au samedi a \u00e9t\u00e9 d\u00e9f\u00e9r\u00e9 au parquet ce lundi 28 juillet. Il a \u00e9t\u00e9 plac\u00e9 sous contr\u00f4le judiciaire en attendant de compara\u00eetre devant le tribunal de Grenoble le 24 septembre prochain.<\/p>\n<p>L\u2019accident s\u2019est produit \u00e0 l\u2019intersection entre l\u2019avenue de Romans et le chemin du Vinay \u00e0 Sassenage, au niveau de la station Total. Peu apr\u00e8s 1h15, l\u2019automobiliste a grill\u00e9 un feu rouge, avant de heurter la motocycliste qui venait de passer au feu vert. Celle-ci circulait normalement.<\/p>\n<p>Apr\u00e8s le choc, l\u2019homme a imm\u00e9diatement pris la fuite \u00e0 pied. Mais il a \u00e9t\u00e9 pris en charge par une voiture plus loin.<\/p>\n<p>Samedi apr\u00e8s-midi, il s\u2019est livr\u00e9 avant d\u2019\u00eatre plac\u00e9 en garde \u00e0 vue. De son c\u00f4t\u00e9, la motocycliste, une Sassenageoise de 43 ans, a \u00e9t\u00e9 gravement bless\u00e9e \u00e0 une jambe et \u00e0 un poignet. Elle a \u00e9t\u00e9 m\u00e9dicalis\u00e9e, puis transport\u00e9e en urgence au service d\u00e9chocage du CHU Grenoble Alpes avec deux fractures ouvertes. Elle pourrait conserver de tr\u00e8s graves s\u00e9quelles de sa blessure \u00e0 la jambe. Elle s\u2019est vue notifier 45 jours d\u2019incapacit\u00e9 totale de travail (ITT).<\/p>\n","protected":false},"excerpt":{"rendered":"Grenoble : un homme plac\u00e9 sous contr\u00f4le judiciaire pour avoir percut\u00e9 une motocycliste &#8211; DR Un homme a&hellip;\n","protected":false},"author":2,"featured_media":283884,"comment_status":"","ping_status":"","sticky":false,"template":"","format":"standard","meta":{"footnotes":""},"categories":[9566],"tags":[1111,11,7733,8279,2430,7736,650,7734,2889,2263,1777,674,1011,27,2731,8280,6417,1114,108,4662,12,3725,1825,25,7737],"class_list":{"0":"post-283883","1":"post","2":"type-post","3":"status-publish","4":"format-standard","5":"has-post-thumbnail","7":"category-grenoble","8":"tag-actu","9":"tag-actualites","10":"tag-alpes","11":"tag-alpes1","12":"tag-auvergne-rhone-alpes","13":"tag-cds","14":"tag-cinema","15":"tag-ecoute","16":"tag-emission","17":"tag-equipe","18":"tag-eu","19":"tag-europe","20":"tag-fr","21":"tag-france","22":"tag-grenoble","23":"tag-haute","24":"tag-information","25":"tag-infos","26":"tag-isere","27":"tag-journal","28":"tag-news","29":"tag-podcast","30":"tag-radio","31":"tag-republique-francaise","32":"tag-winamp"},"share_on_mastodon":{"url":"https:\/\/pubeurope.com\/@fr\/114941291694816423","error":""},"_links":{"self":[{"href":"https:\/\/www.europesays.com\/fr\/wp-json\/wp\/v2\/posts\/283883","targetHints":{"allow":["GET"]}}],"collection":[{"href":"https:\/\/www.europesays.com\/fr\/wp-json\/wp\/v2\/posts"}],"about":[{"href":"https:\/\/www.europesays.com\/fr\/wp-json\/wp\/v2\/types\/post"}],"author":[{"embeddable":true,"href":"https:\/\/www.europesays.com\/fr\/wp-json\/wp\/v2\/users\/2"}],"replies":[{"embeddable":true,"href":"https:\/\/www.europesays.com\/fr\/wp-json\/wp\/v2\/comments?post=283883"}],"version-history":[{"count":0,"href":"https:\/\/www.europesays.com\/fr\/wp-json\/wp\/v2\/posts\/283883\/revisions"}],"wp:featuredmedia":[{"embeddable":true,"href":"https:\/\/www.europesays.com\/fr\/wp-json\/wp\/v2\/media\/283884"}],"wp:attachment":[{"href":"https:\/\/www.europesays.com\/fr\/wp-json\/wp\/v2\/media?parent=283883"}],"wp:term":[{"taxonomy":"category","embeddable":true,"href":"https:\/\/www.europesays.com\/fr\/wp-json\/wp\/v2\/categories?post=283883"},{"taxonomy":"post_tag","embeddable":true,"href":"https:\/\/www.europesays.com\/fr\/wp-json\/wp\/v2\/tags?post=283883"}],"curies":[{"name":"wp","href":"https:\/\/api.w.org\/{rel}","templated":true}]}}