{"id":283885,"date":"2025-07-30T08:41:25","date_gmt":"2025-07-30T08:41:25","guid":{"rendered":"https:\/\/www.europesays.com\/fr\/283885\/"},"modified":"2025-07-30T08:41:25","modified_gmt":"2025-07-30T08:41:25","slug":"le-trafic-ferroviaire-totalement-interrompu-les-week-ends-du-2-et-9-aout","status":"publish","type":"post","link":"https:\/\/www.europesays.com\/fr\/283885\/","title":{"rendered":"le trafic ferroviaire totalement interrompu les week-ends du 2 et 9 ao\u00fbt"},"content":{"rendered":"<p>\t\t\t\t\t\t\t\t\t\t\t<img loading=\"lazy\" decoding=\"async\" width=\"1110\" title=\"Travaux en gare de Grenoble : le trafic ferroviaire totalement interrompu les week-ends du 2 et 9 ao\u00fbt\" class=\"img-fluid  mb-3\" src=\"https:\/\/grandgrenoble.alpes1.com\/media\/news\/thumb\/1110x624_travaux-en-gare-de-grenoble-le-trafic-ferroviaire-totalement-interrompu-les-week-ends-du-2-et-9-aout_68831eb0ee39a.webp\" alt=\"Travaux en gare de Grenoble : le trafic ferroviaire totalement interrompu les week-ends du 2 et 9 ao\u00fbt\" itemprop=\"image\" height=\"624\"\/>\t\t\t\t\t\t\t\t\t\t\t\t<\/p>\n<p>Travaux en gare de Grenoble : le trafic ferroviaire totalement interrompu les week-ends du 2 et 9 ao\u00fbt &#8211; DR<\/p>\n<p itemprop=\"description\"><strong>La gare de Grenoble entre dans une phase de travaux. Deux op\u00e9rations exceptionnelles entra\u00eeneront l\u2019interruption totale du trafic ferroviaire les week-ends du 2 et du 9 ao\u00fbt.<\/strong><\/p>\n<p>Du 27 juillet au 22 ao\u00fbt, SNCF R\u00e9seau m\u00e8ne un important chantier de modernisation ferroviaire en gare de Grenoble, sur l\u2019axe Lyon-Marseille. L\u2019objectif est de renouveler les voies ferr\u00e9es et les aiguillages afin de garantir la s\u00e9curit\u00e9 et la fiabilit\u00e9 du trafic. Remplacement des rails, des traverses et des ballasts, ce chantier s\u2019\u00e9l\u00e8ve \u00e0 3,7 millions d\u2019euros et est int\u00e9gralement financ\u00e9 par SNCF R\u00e9seau.<\/p>\n<p>Pour ce faire, une cinquante d\u2019agents seront mobilis\u00e9s chaque nuit, de 22h \u00e0 5h. Ces plages horaires permettront de limiter l\u2019impact sur les circulations de jour.<\/p>\n<p>N\u00e9anmoins, deux op\u00e9rations m\u00e8neront \u00e0 l\u2019interruption totale du trafic ferroviaire \u00e0 Grenoble. Elles auront lieu le samedi 2 ao\u00fbt \u00e0 23h30 au dimanche 3 ao\u00fbt \u00e0 22h, puis du samedi 9 ao\u00fbt \u00e0 23h30 au dimanche 10 ao\u00fbt \u00e0 22h. Les voyageurs pourront retrouver les substitutions pr\u00e9vues ou les modifications de circulation sur les sites et application SNCF.<\/p>\n","protected":false},"excerpt":{"rendered":"Travaux en gare de Grenoble : le trafic ferroviaire totalement interrompu les week-ends du 2 et 9 ao\u00fbt&hellip;\n","protected":false},"author":2,"featured_media":283886,"comment_status":"","ping_status":"","sticky":false,"template":"","format":"standard","meta":{"footnotes":""},"categories":[9566],"tags":[1111,11,7733,8279,2430,7736,650,7734,2889,2263,1777,674,1011,27,2731,8280,6417,1114,108,4662,12,3725,1825,25,7737],"class_list":{"0":"post-283885","1":"post","2":"type-post","3":"status-publish","4":"format-standard","5":"has-post-thumbnail","7":"category-grenoble","8":"tag-actu","9":"tag-actualites","10":"tag-alpes","11":"tag-alpes1","12":"tag-auvergne-rhone-alpes","13":"tag-cds","14":"tag-cinema","15":"tag-ecoute","16":"tag-emission","17":"tag-equipe","18":"tag-eu","19":"tag-europe","20":"tag-fr","21":"tag-france","22":"tag-grenoble","23":"tag-haute","24":"tag-information","25":"tag-infos","26":"tag-isere","27":"tag-journal","28":"tag-news","29":"tag-podcast","30":"tag-radio","31":"tag-republique-francaise","32":"tag-winamp"},"share_on_mastodon":{"url":"https:\/\/pubeurope.com\/@fr\/114941295613947407","error":""},"_links":{"self":[{"href":"https:\/\/www.europesays.com\/fr\/wp-json\/wp\/v2\/posts\/283885","targetHints":{"allow":["GET"]}}],"collection":[{"href":"https:\/\/www.europesays.com\/fr\/wp-json\/wp\/v2\/posts"}],"about":[{"href":"https:\/\/www.europesays.com\/fr\/wp-json\/wp\/v2\/types\/post"}],"author":[{"embeddable":true,"href":"https:\/\/www.europesays.com\/fr\/wp-json\/wp\/v2\/users\/2"}],"replies":[{"embeddable":true,"href":"https:\/\/www.europesays.com\/fr\/wp-json\/wp\/v2\/comments?post=283885"}],"version-history":[{"count":0,"href":"https:\/\/www.europesays.com\/fr\/wp-json\/wp\/v2\/posts\/283885\/revisions"}],"wp:featuredmedia":[{"embeddable":true,"href":"https:\/\/www.europesays.com\/fr\/wp-json\/wp\/v2\/media\/283886"}],"wp:attachment":[{"href":"https:\/\/www.europesays.com\/fr\/wp-json\/wp\/v2\/media?parent=283885"}],"wp:term":[{"taxonomy":"category","embeddable":true,"href":"https:\/\/www.europesays.com\/fr\/wp-json\/wp\/v2\/categories?post=283885"},{"taxonomy":"post_tag","embeddable":true,"href":"https:\/\/www.europesays.com\/fr\/wp-json\/wp\/v2\/tags?post=283885"}],"curies":[{"name":"wp","href":"https:\/\/api.w.org\/{rel}","templated":true}]}}