{"id":283892,"date":"2025-07-30T08:45:14","date_gmt":"2025-07-30T08:45:14","guid":{"rendered":"https:\/\/www.europesays.com\/fr\/283892\/"},"modified":"2025-07-30T08:45:14","modified_gmt":"2025-07-30T08:45:14","slug":"ryanair-va-supprimer-les-dessertes-de-bergerac-brive-et-strasbourg-pour-protester-contre-la-taxe-sur-les-billets","status":"publish","type":"post","link":"https:\/\/www.europesays.com\/fr\/283892\/","title":{"rendered":"Ryanair va supprimer les dessertes de Bergerac, Brive et Strasbourg pour protester contre la taxe sur les billets"},"content":{"rendered":"<p class=\"article-p mdl\">En guerre contre la taxe de solidarit\u00e9 sur les billets d&rsquo;avion, la compagnie Ryanair a annonc\u00e9, ce mercredi 30 juillet, une r\u00e9duction de 13% de sa capacit\u00e9 en France pour cet hiver. Elle a \u00e9galement fait savoir qu&rsquo;elle arr\u00eatait ses op\u00e9rations aux a\u00e9roports de Bergerac, Brive (sud-ouest) et Strasbourg (est).\u00a0<\/p>\n<p class=\"article-p mdl\">\u00ab\u00a0Cette taxe astronomique rend la France moins comp\u00e9titive par rapport \u00e0 d&rsquo;autres pays de l&rsquo;UE comme l&rsquo;Irlande, l&rsquo;Espagne ou la Pologne, qui n&rsquo;imposent aucune taxe a\u00e9rienne\u00a0\u00bb, a expliqu\u00e9 dans un communiqu\u00e9 la compagnie a\u00e9rienne irlandaise.\u00a0<\/p>\n<p class=\"article-p mdl\"><strong>Plus d&rsquo;informations \u00e0 venir sur RTL.fr&#8230;<\/strong><\/p>\n<p class=\"s-newsletter__title\">\n                L\u2019actualit\u00e9 par la r\u00e9daction de RTL dans votre bo\u00eete mail.\n            <\/p>\n<p class=\"s-newsletter__subtitle\">\n                Gr\u00e2ce \u00e0 votre compte RTL abonnez-vous \u00e0 la newsletter RTL info pour suivre toute l&rsquo;actualit\u00e9 au quotidien\n            <\/p>\n<p>\n                                    Lire la suite\n                                <\/p>\n","protected":false},"excerpt":{"rendered":"En guerre contre la taxe de solidarit\u00e9 sur les billets d&rsquo;avion, la compagnie Ryanair a annonc\u00e9, ce mercredi&hellip;\n","protected":false},"author":2,"featured_media":283893,"comment_status":"","ping_status":"","sticky":false,"template":"","format":"standard","meta":{"footnotes":""},"categories":[2820],"tags":[1111,11,898,13796,1777,674,107,1011,27,775,12,25,8683,640,800],"class_list":{"0":"post-283892","1":"post","2":"type-post","3":"status-publish","4":"format-standard","5":"has-post-thumbnail","7":"category-strasbourg","8":"tag-actu","9":"tag-actualites","10":"tag-alerte","11":"tag-avions","12":"tag-eu","13":"tag-europe","14":"tag-fil-info","15":"tag-fr","16":"tag-france","17":"tag-grand-est","18":"tag-news","19":"tag-republique-francaise","20":"tag-ryanair","21":"tag-strasbourg","22":"tag-transports"},"share_on_mastodon":{"url":"https:\/\/pubeurope.com\/@fr\/114941311657516047","error":""},"_links":{"self":[{"href":"https:\/\/www.europesays.com\/fr\/wp-json\/wp\/v2\/posts\/283892","targetHints":{"allow":["GET"]}}],"collection":[{"href":"https:\/\/www.europesays.com\/fr\/wp-json\/wp\/v2\/posts"}],"about":[{"href":"https:\/\/www.europesays.com\/fr\/wp-json\/wp\/v2\/types\/post"}],"author":[{"embeddable":true,"href":"https:\/\/www.europesays.com\/fr\/wp-json\/wp\/v2\/users\/2"}],"replies":[{"embeddable":true,"href":"https:\/\/www.europesays.com\/fr\/wp-json\/wp\/v2\/comments?post=283892"}],"version-history":[{"count":0,"href":"https:\/\/www.europesays.com\/fr\/wp-json\/wp\/v2\/posts\/283892\/revisions"}],"wp:featuredmedia":[{"embeddable":true,"href":"https:\/\/www.europesays.com\/fr\/wp-json\/wp\/v2\/media\/283893"}],"wp:attachment":[{"href":"https:\/\/www.europesays.com\/fr\/wp-json\/wp\/v2\/media?parent=283892"}],"wp:term":[{"taxonomy":"category","embeddable":true,"href":"https:\/\/www.europesays.com\/fr\/wp-json\/wp\/v2\/categories?post=283892"},{"taxonomy":"post_tag","embeddable":true,"href":"https:\/\/www.europesays.com\/fr\/wp-json\/wp\/v2\/tags?post=283892"}],"curies":[{"name":"wp","href":"https:\/\/api.w.org\/{rel}","templated":true}]}}