{"id":283899,"date":"2025-07-30T08:49:17","date_gmt":"2025-07-30T08:49:17","guid":{"rendered":"https:\/\/www.europesays.com\/fr\/283899\/"},"modified":"2025-07-30T08:49:17","modified_gmt":"2025-07-30T08:49:17","slug":"a-nantes-deux-voitures-prennent-feu-lincendie-se-propage-et-provoque-une-fuite-de-gaz-enflammee","status":"publish","type":"post","link":"https:\/\/www.europesays.com\/fr\/283899\/","title":{"rendered":"\u00c0 Nantes, deux voitures prennent feu, l&rsquo;incendie se propage et provoque une fuite de gaz enflamm\u00e9e"},"content":{"rendered":"<p>            Par<br \/>\n        <strong><br \/>\n            <a href=\"https:\/\/actu.fr\/auteur\/clemence-pays02-actu-fr\" title=\"Consulter tous les articles de Cl\u00e9mence Pays\" rel=\"nofollow noopener\" target=\"_blank\">Cl\u00e9mence Pays<\/a><br \/>\n        <\/strong><\/p>\n<p>        Publi\u00e9 le<\/p>\n<p>            30 juil. 2025 \u00e0 9h40        <\/p>\n<p>Pas moins de <strong>22 sapeurs-pompiers<\/strong> ont \u00e9t\u00e9 engag\u00e9s, mardi 29\u00a0juillet 2025, \u00e0 22h25 pour un <strong>feu de deux v\u00e9hicules,<\/strong> rue de Metz, non loin du boulevard Jules-Verne, \u00e0 Nantes.<\/p>\n<p class=\" wall-content\">Celui-ci s\u2019est <strong>\u00ab\u2009propag\u00e9 \u00e0 une haie et \u00e0 un coffret gaz<\/strong> sur voie publique provoquant une fuite de gaz enflamm\u00e9e\u2009\u00bb, d\u00e9taille le Centre op\u00e9rationnel d\u00e9partemental d\u2019incendie et de secours (Codis).<\/p>\n<blockquote class=\"ac-article-quote wall-content\">\n<p>L&rsquo;intervention a alors \u00e9t\u00e9 qualifi\u00e9e en Proc\u00e9dure gaz renforc\u00e9e avec mise en place d&rsquo;un p\u00e9rim\u00e8tre de s\u00e9curit\u00e9 et de deux lances en protection des fa\u00e7ades des habitations situ\u00e9es \u00e0 proximit\u00e9.<\/p>\n<p>    <strong>Codis<\/strong>\n            <\/p><\/blockquote>\n<p class=\" wall-content\">Enedis, GRDF et la police ont \u00e9galement \u00e9t\u00e9 d\u00e9p\u00each\u00e9s.<\/p>\n<p>Une nonag\u00e9naire chute<\/p>\n<p class=\" wall-content\"><strong>Trois personnes<\/strong> sont concern\u00e9es par cet incendie. Deux n\u2019ont pas n\u00e9cessit\u00e9 de prise en charge, pr\u00e9cisent les secours. En revanche, <strong>une femme de 90\u00a0ans<\/strong> \u00ab\u2009victime d\u2019une <strong>chute<\/strong> \u00e0 son domicile \u00e0 proximit\u00e9 du sinistre, a \u00e9t\u00e9 l\u00e9g\u00e8rement <strong>bless\u00e9e<\/strong> et transport\u00e9e au <a href=\"https:\/\/actu.fr\/tag\/chu-de-nantes\" rel=\"nofollow noopener\" target=\"_blank\">CHU de Nantes<\/a>\u2009\u00bb.<\/p>\n<p class=\" wall-content\">Une <strong>coupure du gaz<\/strong> a \u00e9t\u00e9 r\u00e9alis\u00e9e impactant 36 foyers. Une<strong> coupure \u00e9lectrique<\/strong> a aussi \u00e9t\u00e9 n\u00e9cessaire, affectant 60 foyers.<\/p>\n<p class=\" wall-content\">Suivez toute l\u2019actualit\u00e9 de vos villes et m\u00e9dias favoris en vous inscrivant \u00e0 <a href=\"https:\/\/moncompte.actu.fr\" title=\"D\u00e9couvez Mon Actu\" rel=\"nofollow noopener\" data-trk=\"{&quot;cta&quot;:{&quot;action&quot;:&quot;https:\\\/\\\/moncompte.actu.fr&quot;,&quot;category&quot;:&quot;mon compte&quot;,&quot;from&quot;:&quot;article footer&quot;,&quot;name&quot;:&quot;Mon actu&quot;,&quot;type&quot;:&quot;cta&quot;}}\" target=\"_blank\">Mon Actu<\/a>.<\/p>\n","protected":false},"excerpt":{"rendered":"Par Cl\u00e9mence Pays Publi\u00e9 le 30 juil. 2025 \u00e0 9h40 Pas moins de 22 sapeurs-pompiers ont \u00e9t\u00e9 engag\u00e9s,&hellip;\n","protected":false},"author":2,"featured_media":283900,"comment_status":"","ping_status":"","sticky":false,"template":"","format":"standard","meta":{"footnotes":""},"categories":[2818],"tags":[1111,11,1777,674,118,1011,27,843,1310,766,12,2636,1311,25],"class_list":{"0":"post-283899","1":"post","2":"type-post","3":"status-publish","4":"format-standard","5":"has-post-thumbnail","7":"category-nantes","8":"tag-actu","9":"tag-actualites","10":"tag-eu","11":"tag-europe","12":"tag-faits-divers","13":"tag-fr","14":"tag-france","15":"tag-gaz","16":"tag-incendie","17":"tag-nantes","18":"tag-news","19":"tag-pays-de-la-loire","20":"tag-pompiers","21":"tag-republique-francaise"},"share_on_mastodon":{"url":"https:\/\/pubeurope.com\/@fr\/114941327069055282","error":""},"_links":{"self":[{"href":"https:\/\/www.europesays.com\/fr\/wp-json\/wp\/v2\/posts\/283899","targetHints":{"allow":["GET"]}}],"collection":[{"href":"https:\/\/www.europesays.com\/fr\/wp-json\/wp\/v2\/posts"}],"about":[{"href":"https:\/\/www.europesays.com\/fr\/wp-json\/wp\/v2\/types\/post"}],"author":[{"embeddable":true,"href":"https:\/\/www.europesays.com\/fr\/wp-json\/wp\/v2\/users\/2"}],"replies":[{"embeddable":true,"href":"https:\/\/www.europesays.com\/fr\/wp-json\/wp\/v2\/comments?post=283899"}],"version-history":[{"count":0,"href":"https:\/\/www.europesays.com\/fr\/wp-json\/wp\/v2\/posts\/283899\/revisions"}],"wp:featuredmedia":[{"embeddable":true,"href":"https:\/\/www.europesays.com\/fr\/wp-json\/wp\/v2\/media\/283900"}],"wp:attachment":[{"href":"https:\/\/www.europesays.com\/fr\/wp-json\/wp\/v2\/media?parent=283899"}],"wp:term":[{"taxonomy":"category","embeddable":true,"href":"https:\/\/www.europesays.com\/fr\/wp-json\/wp\/v2\/categories?post=283899"},{"taxonomy":"post_tag","embeddable":true,"href":"https:\/\/www.europesays.com\/fr\/wp-json\/wp\/v2\/tags?post=283899"}],"curies":[{"name":"wp","href":"https:\/\/api.w.org\/{rel}","templated":true}]}}