{"id":28390,"date":"2025-04-16T04:22:08","date_gmt":"2025-04-16T04:22:08","guid":{"rendered":"https:\/\/www.europesays.com\/fr\/28390\/"},"modified":"2025-04-16T04:22:08","modified_gmt":"2025-04-16T04:22:08","slug":"julie-zenatti-atteinte-dune-maladie-auto-immune-soulagee-par-son-elimination-de-dals","status":"publish","type":"post","link":"https:\/\/www.europesays.com\/fr\/28390\/","title":{"rendered":"Julie Zenatti, atteinte d&rsquo;une maladie auto-immune, soulag\u00e9e par son \u00e9limination de \u00ab DALS \u00bb"},"content":{"rendered":"<p>Participer \u00e0 Danse avec les stars (DALS),\u00a0ce fut\u00a0un d\u00e9fi \u00e0 plusieurs titres\u00a0pour Julie Zenatti. La chanteuse de\u00a044\u00a0ans l&rsquo;a relev\u00e9 avec brio tout au long des\u00a0prime\u00a0times du show de danse de TF1, m\u00eame si son aventure s&rsquo;est arr\u00eat\u00e9e aux portes de la demi-finale, le vendredi\u00a011\u00a0avril.<\/p>\n<p>Si,\u00a0\u00e0 la fin de l&rsquo;\u00e9mission, Julie Zenatti a partag\u00e9 sa frustration, estimant avoir \u00ab\u00a0foir\u00e9\u00a0\u00bb son passage, notamment le quickstep, elle reconna\u00eet qu&rsquo;elle n&rsquo;aurait pas pu aller plus loin. En cause, la thyro\u00efdite de Hashimoto\u00a0: cette maladie auto-immune par laquelle des anticorps de l&rsquo;organisme attaquent les cellules de sa thyro\u00efde, ralentissant son organisme, provoquant fatigue et\u00a0douleurs.<\/p>\n<p>Julie Zenatti a surpass\u00e9 la maladie gr\u00e2ce \u00e0 la danse<\/p>\n<p>Si l&rsquo;interpr\u00e8te de \u00ab\u00a0Si je m&rsquo;en sors\u00a0\u00bb a appris \u00e0 g\u00e9rer sa maladie au quotidien, elle a confi\u00e9 avoir \u00e9t\u00e9\u00a0\u00ab\u00a0parfois\u00a0\u00bb handicap\u00e9e pendant\u00a0Danse avec les stars. \u00ab\u00a0Je crois que je commen\u00e7ais \u00e0 \u00eatre fatigu\u00e9e. Je commence \u00e0 le sentir et je pense que les quatre prochains jours vont \u00eatre douloureux\u00a0\u00bb, a-t-elle confi\u00e9 \u00e0 <a class=\"link \" href=\"https:\/\/www.programme-tv.net\/news\/tv\/376764-les-prochains-jours-vont-etre-douloureux-julie-zenatti-danse-avec-les-stars-se-livre-sur-l-impact-de-sa-maladie\/\" rel=\"nofollow noopener\" target=\"_blank\" data-ylk=\"slk:T\u00e9l\u00e9-Loisirs;elm:context_link;itc:0;sec:content-canvas\">T\u00e9l\u00e9-Loisirs<\/a>.\u00a0Analysant son parcours, Julie Zenatti estime qu&rsquo;elle a \u00ab\u00a0tellement kiff\u00e9 l&rsquo;aventure\u00a0\u00bb qu&rsquo;elle en a oubli\u00e9 la thyro\u00efdite de Hashimoto. \u00ab\u00a0Peut-\u00eatre, aussi, que j&rsquo;ai un peu pouss\u00e9 le curseur plus loin. Ce qui a fait que, \u00e0 mon avis, ma prestation de vendredi \u00e9tait moins bonne.\u00a0\u00bb<\/p>\n<p>\u00c0 LIRE AUSSI <strong class=\"strong\"><a href=\"https:\/\/www.lepoint.fr\/culture\/danse-avec-les-stars-saison-14-sophie-davant-nelson-monfort-quelles-sont-les-vraies-motivations-des-candidats-07-02-2025-2581766_3.php\" rel=\"nofollow noopener\" target=\"_blank\" data-ylk=\"slk:\u00ab\u00a0Danse avec les stars\u00a0\u00bb, saison 14\u00a0: qu&#039;est-ce que les candidats ont vraiment \u00e0 y gagner\u00a0?;elm:context_link;itc:0;sec:content-canvas\" class=\"link \">\u00ab\u00a0Danse avec les stars\u00a0\u00bb, saison 14\u00a0: qu&rsquo;est-ce que les candidats ont vraiment \u00e0 y gagner\u00a0?<\/a><\/strong>Julie Zenatti a \u00e9galement \u00e9voqu\u00e9 une \u00ab\u00a0fatigue men [&#8230;] <a href=\"https:\/\/www.lepoint.fr\/people\/julie-zenatti-atteinte-d-une-maladie-auto-immune-soulagee-par-son-elimination-de-dals-15-04-2025-2587392_2116.php\" rel=\"nofollow noopener\" target=\"_blank\" data-ylk=\"slk:Lire la suite;elm:context_link;itc:0;sec:content-canvas\" class=\"link \">Lire la suite<\/a><\/p>\n","protected":false},"excerpt":{"rendered":"Participer \u00e0 Danse avec les stars (DALS),\u00a0ce fut\u00a0un d\u00e9fi \u00e0 plusieurs titres\u00a0pour Julie Zenatti. La chanteuse de\u00a044\u00a0ans l&rsquo;a&hellip;\n","protected":false},"author":2,"featured_media":28391,"comment_status":"","ping_status":"","sticky":false,"template":"","format":"standard","meta":{"footnotes":""},"categories":[1355],"tags":[194,58,59,1011,27,9950,9952,1361,873,9951],"class_list":{"0":"post-28390","1":"post","2":"type-post","3":"status-publish","4":"format-standard","5":"has-post-thumbnail","7":"category-musique","8":"tag-danse-avec-les-stars","9":"tag-divertissement","10":"tag-entertainment","11":"tag-fr","12":"tag-france","13":"tag-julie-zenatti","14":"tag-maladie-auto-immune","15":"tag-music","16":"tag-musique","17":"tag-thyroidite-de-hashimoto"},"share_on_mastodon":{"url":"https:\/\/pubeurope.com\/@fr\/114345734812957719","error":""},"_links":{"self":[{"href":"https:\/\/www.europesays.com\/fr\/wp-json\/wp\/v2\/posts\/28390","targetHints":{"allow":["GET"]}}],"collection":[{"href":"https:\/\/www.europesays.com\/fr\/wp-json\/wp\/v2\/posts"}],"about":[{"href":"https:\/\/www.europesays.com\/fr\/wp-json\/wp\/v2\/types\/post"}],"author":[{"embeddable":true,"href":"https:\/\/www.europesays.com\/fr\/wp-json\/wp\/v2\/users\/2"}],"replies":[{"embeddable":true,"href":"https:\/\/www.europesays.com\/fr\/wp-json\/wp\/v2\/comments?post=28390"}],"version-history":[{"count":0,"href":"https:\/\/www.europesays.com\/fr\/wp-json\/wp\/v2\/posts\/28390\/revisions"}],"wp:featuredmedia":[{"embeddable":true,"href":"https:\/\/www.europesays.com\/fr\/wp-json\/wp\/v2\/media\/28391"}],"wp:attachment":[{"href":"https:\/\/www.europesays.com\/fr\/wp-json\/wp\/v2\/media?parent=28390"}],"wp:term":[{"taxonomy":"category","embeddable":true,"href":"https:\/\/www.europesays.com\/fr\/wp-json\/wp\/v2\/categories?post=28390"},{"taxonomy":"post_tag","embeddable":true,"href":"https:\/\/www.europesays.com\/fr\/wp-json\/wp\/v2\/tags?post=28390"}],"curies":[{"name":"wp","href":"https:\/\/api.w.org\/{rel}","templated":true}]}}