{"id":283911,"date":"2025-07-30T08:56:10","date_gmt":"2025-07-30T08:56:10","guid":{"rendered":"https:\/\/www.europesays.com\/fr\/283911\/"},"modified":"2025-07-30T08:56:10","modified_gmt":"2025-07-30T08:56:10","slug":"kendall-jenner-loli-bahia-et-mohamed-benhadda-un-marseillais-de-19-ans-dans-la-nouvelle-campagne-prada","status":"publish","type":"post","link":"https:\/\/www.europesays.com\/fr\/283911\/","title":{"rendered":"Kendall Jenner, Loli Bahia et&#8230; Mohamed Benhadda, un Marseillais de 19 ans dans la nouvelle campagne Prada"},"content":{"rendered":"<p>Depuis quelques jours, son regard noisette se perd sur les murs en brique d\u2019une fa\u00e7ade new-yorkaise. Au centre de la photo, entour\u00e9 de six autres mannequins, impossible de manquer les longues boucles qui d\u00e9gringolent sur son manteau brun. <a href=\"https:\/\/www.laprovence.com\/article\/region\/98802202863792\/video-cinema-mode-qui-est-mohamed-benhadda-le-marseillais-qui-a-conquis-prada\" target=\"_blank\" rel=\"noopener\">Mohamed Benhadda, l\u2019enfant de la Rose, \u00e0 Marseille<\/a> (13e), est l\u2019un des 29\u00a0mod\u00e8les choisis par Prada pour incarner sa campagne automne-hiver\u00a02025-2026, en photo et vid\u00e9o. Sur d\u2019autres clich\u00e9s, on le d\u00e9couvre aux c\u00f4t\u00e9s de stars internationales, comme<a href=\"https:\/\/www.laprovence.com\/article\/societe\/1507552134008415\/yachts-invites-vip-jeff-bezos-et-lauren-sanchez-se-sont-dit-oui-dans-une-venise-divisee-sur-ce-mariage\" target=\"_blank\" rel=\"noopener\"> Kendall Jenner<\/a> ou<a href=\"https:\/\/laprovence.com\/article\/femina-provence\/6612072\/mannequin-a-suivre-loli-bahia.html\" target=\"_blank\" rel=\"noopener\"> Loli Bahia<\/a>\u2026<\/p>\n","protected":false},"excerpt":{"rendered":"Depuis quelques jours, son regard noisette se perd sur les murs en brique d\u2019une fa\u00e7ade new-yorkaise. Au centre&hellip;\n","protected":false},"author":2,"featured_media":283912,"comment_status":"","ping_status":"","sticky":false,"template":"","format":"standard","meta":{"footnotes":""},"categories":[2814],"tags":[17,1111,11,42301,42302,1102,12219,1777,674,1011,27,42299,42298,42300,884,39251,12,882,16,25],"class_list":{"0":"post-283911","1":"post","2":"type-post","3":"status-publish","4":"format-standard","5":"has-post-thumbnail","7":"category-marseille","8":"tag-17","9":"tag-actu","10":"tag-actualites","11":"tag-bahia","12":"tag-benhadda","13":"tag-breakingnews","14":"tag-et","15":"tag-eu","16":"tag-europe","17":"tag-fr","18":"tag-france","19":"tag-jenner","20":"tag-kendall","21":"tag-loli","22":"tag-marseille","23":"tag-mohamed","24":"tag-news","25":"tag-provence-alpes-cote-dazur","26":"tag-region","27":"tag-republique-francaise"},"share_on_mastodon":{"url":"https:\/\/pubeurope.com\/@fr\/114941354521827936","error":""},"_links":{"self":[{"href":"https:\/\/www.europesays.com\/fr\/wp-json\/wp\/v2\/posts\/283911","targetHints":{"allow":["GET"]}}],"collection":[{"href":"https:\/\/www.europesays.com\/fr\/wp-json\/wp\/v2\/posts"}],"about":[{"href":"https:\/\/www.europesays.com\/fr\/wp-json\/wp\/v2\/types\/post"}],"author":[{"embeddable":true,"href":"https:\/\/www.europesays.com\/fr\/wp-json\/wp\/v2\/users\/2"}],"replies":[{"embeddable":true,"href":"https:\/\/www.europesays.com\/fr\/wp-json\/wp\/v2\/comments?post=283911"}],"version-history":[{"count":0,"href":"https:\/\/www.europesays.com\/fr\/wp-json\/wp\/v2\/posts\/283911\/revisions"}],"wp:featuredmedia":[{"embeddable":true,"href":"https:\/\/www.europesays.com\/fr\/wp-json\/wp\/v2\/media\/283912"}],"wp:attachment":[{"href":"https:\/\/www.europesays.com\/fr\/wp-json\/wp\/v2\/media?parent=283911"}],"wp:term":[{"taxonomy":"category","embeddable":true,"href":"https:\/\/www.europesays.com\/fr\/wp-json\/wp\/v2\/categories?post=283911"},{"taxonomy":"post_tag","embeddable":true,"href":"https:\/\/www.europesays.com\/fr\/wp-json\/wp\/v2\/tags?post=283911"}],"curies":[{"name":"wp","href":"https:\/\/api.w.org\/{rel}","templated":true}]}}