{"id":283915,"date":"2025-07-30T08:58:09","date_gmt":"2025-07-30T08:58:09","guid":{"rendered":"https:\/\/www.europesays.com\/fr\/283915\/"},"modified":"2025-07-30T08:58:09","modified_gmt":"2025-07-30T08:58:09","slug":"lyon-ce-celebre-buffet-a-volonte-de-la-presquile-ferme-les-clients-sinterrogent","status":"publish","type":"post","link":"https:\/\/www.europesays.com\/fr\/283915\/","title":{"rendered":"Lyon. Ce c\u00e9l\u00e8bre buffet \u00e0 volont\u00e9 de la Presqu&rsquo;\u00eele ferme, les clients s&rsquo;interrogent"},"content":{"rendered":"<p>            Par<br \/>\n        <strong><br \/>\n            <a href=\"https:\/\/actu.fr\/auteur\/ludivine-caporal\" title=\"Consulter tous les articles de Ludivine Caporal\" rel=\"nofollow noopener\" target=\"_blank\">Ludivine Caporal<\/a><br \/>\n        <\/strong><\/p>\n<p>        Publi\u00e9 le<\/p>\n<p>            30 juil. 2025 \u00e0 10h47        <\/p>\n<p>Il \u00e9tait ouvert depuis pr\u00e8s de 15 ans dans le centre de <a href=\"https:\/\/actu.fr\/auvergne-rhone-alpes\/lyon_69123\" rel=\"nofollow noopener\" target=\"_blank\">Lyon<\/a>. Le restaurant Cor\u00e9en Barbecue, c\u00e9l\u00e8bre buffet \u00e0 volont\u00e9 situ\u00e9 rue Confort, a r\u00e9cemment ferm\u00e9 ses portes en toute discr\u00e9tion. Recouverte de peinture blanche pour ne pas laisser voir l\u2019int\u00e9rieur, la devanture a simplement \u00e9t\u00e9 d\u00e9cor\u00e9e d\u2019une petite affiche mentionnant<strong> \u00ab\u00a0ferm\u00e9 pour travaux\u00a0\u00bb.<\/strong> <br \/>Une explication succincte qui soul\u00e8ve des questions de la client\u00e8le.\u00a0\u00a0<\/p>\n<p>Des clients \u00ab\u00a0d\u00e9\u00e7us\u00a0\u00bb face \u00e0 l\u2019\u00e9tablissement ferm\u00e9<\/p>\n<p class=\" wall-content\">\u00ab\u00a0Vous n\u2019\u00eates pas la premi\u00e8re \u00e0 me le demander. J\u2019ai pas mal de gens qui sont venus m\u2019interroger \u00e0 ce sujet, d\u00e9\u00e7us de voir que l\u2019\u00e9tablissement \u00e9tait ferm\u00e9. Mais je n\u2019ai pas plus d\u2019informations que vous malheureusement\u00a0\u00bb, nous glisse une employ\u00e9e de <a href=\"https:\/\/actu.fr\/auvergne-rhone-alpes\/lyon_69123\/lyon-cette-celebre-boutique-de-produits-naturels-debarque-en-presqu-ile_60283676.html\" rel=\"nofollow noopener\" target=\"_blank\">la boutique de cosm\u00e9tiques \u00ab\u00a0Comme Avant\u00a0\u00bb,<\/a> install\u00e9e juste en face du Cor\u00e9en Barbecue.<\/p>\n<p>    <a href=\"https:\/\/www.google.com\/maps\/embed?pb=!1m18!1m12!1m3!1d2783.5683497162277!2d4.831894676619181!3d45.75979891366687!2m3!1f0!2f0!3f0!3m2!1i1024!2i768!4f13.1!3m3!1m2!1s0x47f4ea56a67ced5d%3A0xfe01d062a0e24cb0!2sCor%C3%A9en%20Barbecue!5e0!3m2!1sfr!2sfr!4v1753864217449!5m2!1sfr!2sfr\" title=\"Ouvrie le lien\" rel=\"nofollow noopener\" target=\"_blank\">Cliquez ici pour visualiser le contenu<\/a><\/p>\n<p class=\" wall-content\">Sur le site Internet du restaurant (disposant par ailleurs de <strong>plus de 2 000 avis Google<\/strong>), une seule page s\u2019affiche d\u00e9sormais : celle d\u2019une image de c\u00f4nes de chantier accompagn\u00e9e de la phrase suivante : \u00ab\u00a0Cor\u00e9en Barbecue, c\u2019est fini ! Cor\u00e9en Barbecue ferme ses portes pour laisser place \u00e0 un nouveau concept dans quelques mois\u00a0\u00bb.\u00a0<\/p>\n<p class=\" wall-content\">Pour en savoir plus sur ce myst\u00e9rieux concept, nous avons ainsi tent\u00e9 de joindre les g\u00e9rants de l\u2019\u00e9tablissement. Sans succ\u00e8s. Il faudra donc \u00eatre patient avant de savoir ce qui remplacera le buffet \u00e0 volont\u00e9 <strong>le plus connu<\/strong> de la <a href=\"https:\/\/actu.fr\/tag\/presqu-ile\" rel=\"nofollow noopener\" target=\"_blank\">Presqu\u2019\u00eele<\/a>.<\/p>\n<p class=\" wall-content\">Suivez toute l\u2019actualit\u00e9 de vos villes et m\u00e9dias favoris en vous inscrivant \u00e0 <a href=\"https:\/\/moncompte.actu.fr\" title=\"D\u00e9couvez Mon Actu\" rel=\"nofollow noopener\" data-trk=\"{&quot;cta&quot;:{&quot;action&quot;:&quot;https:\\\/\\\/moncompte.actu.fr&quot;,&quot;category&quot;:&quot;mon compte&quot;,&quot;from&quot;:&quot;article footer&quot;,&quot;name&quot;:&quot;Mon actu&quot;,&quot;type&quot;:&quot;cta&quot;}}\" target=\"_blank\">Mon Actu<\/a>.<\/p>\n","protected":false},"excerpt":{"rendered":"Par Ludivine Caporal Publi\u00e9 le 30 juil. 2025 \u00e0 10h47 Il \u00e9tait ouvert depuis pr\u00e8s de 15 ans&hellip;\n","protected":false},"author":2,"featured_media":283916,"comment_status":"","ping_status":"","sticky":false,"template":"","format":"standard","meta":{"footnotes":""},"categories":[1889],"tags":[1111,11,2430,33,1777,674,1011,27,2428,12,2809,25,1340],"class_list":{"0":"post-283915","1":"post","2":"type-post","3":"status-publish","4":"format-standard","5":"has-post-thumbnail","7":"category-lyon","8":"tag-actu","9":"tag-actualites","10":"tag-auvergne-rhone-alpes","11":"tag-economie","12":"tag-eu","13":"tag-europe","14":"tag-fr","15":"tag-france","16":"tag-lyon","17":"tag-news","18":"tag-presquile","19":"tag-republique-francaise","20":"tag-restaurant"},"share_on_mastodon":{"url":"https:\/\/pubeurope.com\/@fr\/114941362415096121","error":""},"_links":{"self":[{"href":"https:\/\/www.europesays.com\/fr\/wp-json\/wp\/v2\/posts\/283915","targetHints":{"allow":["GET"]}}],"collection":[{"href":"https:\/\/www.europesays.com\/fr\/wp-json\/wp\/v2\/posts"}],"about":[{"href":"https:\/\/www.europesays.com\/fr\/wp-json\/wp\/v2\/types\/post"}],"author":[{"embeddable":true,"href":"https:\/\/www.europesays.com\/fr\/wp-json\/wp\/v2\/users\/2"}],"replies":[{"embeddable":true,"href":"https:\/\/www.europesays.com\/fr\/wp-json\/wp\/v2\/comments?post=283915"}],"version-history":[{"count":0,"href":"https:\/\/www.europesays.com\/fr\/wp-json\/wp\/v2\/posts\/283915\/revisions"}],"wp:featuredmedia":[{"embeddable":true,"href":"https:\/\/www.europesays.com\/fr\/wp-json\/wp\/v2\/media\/283916"}],"wp:attachment":[{"href":"https:\/\/www.europesays.com\/fr\/wp-json\/wp\/v2\/media?parent=283915"}],"wp:term":[{"taxonomy":"category","embeddable":true,"href":"https:\/\/www.europesays.com\/fr\/wp-json\/wp\/v2\/categories?post=283915"},{"taxonomy":"post_tag","embeddable":true,"href":"https:\/\/www.europesays.com\/fr\/wp-json\/wp\/v2\/tags?post=283915"}],"curies":[{"name":"wp","href":"https:\/\/api.w.org\/{rel}","templated":true}]}}