{"id":283921,"date":"2025-07-30T09:03:15","date_gmt":"2025-07-30T09:03:15","guid":{"rendered":"https:\/\/www.europesays.com\/fr\/283921\/"},"modified":"2025-07-30T09:03:15","modified_gmt":"2025-07-30T09:03:15","slug":"je-peux-apporter-les-memes-choses-qua-paris-nadir-hifi-veut-briller-a-leuro-avec-les-bleus","status":"publish","type":"post","link":"https:\/\/www.europesays.com\/fr\/283921\/","title":{"rendered":"\u00abJe peux apporter les m\u00eames choses qu\u2019\u00e0 Paris\u00bb, Nadir Hifi veut briller \u00e0 l\u2019Euro avec les Bleus"},"content":{"rendered":"<p>Recal\u00e9 avant les JO 2024, le champion de France parisien esp\u00e8re participer \u00e0 l\u2019EuroBasket avec les Bleus cet \u00e9t\u00e9.<\/p>\n<p class=\"fig-paragraph\">Nadir Hifi, premi\u00e8re\u00a0? Apr\u00e8s avoir longtemps h\u00e9sit\u00e9 entre l\u2019Alg\u00e9rie et la France, l\u2019arri\u00e8re de 23 ans a fait le choix des Bleus. Appel\u00e9 pour la premi\u00e8re fois en 2024, il a effectu\u00e9 le d\u00e9but de la pr\u00e9paration avec le groupe de Vincent Collet\u2026 avant d\u2019\u00eatre coup\u00e9 et de manquer les Jeux olympiques.\u00a0<a href=\"http:\/\/www.lefigaro.fr\/sports\/basket\/basket-le-jour-de-gloire-pour-paris-sacre-champion-de-france-pour-la-premiere-fois-20250624\" data-fig-type=\"NewsFlash\" data-gtm-custom-categorie=\"navigation\" data-gtm-custom-action=\"crossclick\" data-gtm-custom-label=\"Contextuel\" data-gtm-event=\"customEventSPE\" data-fig-domain=\"LEFIGARO\" rel=\"nofollow noopener\" target=\"_blank\">Sacr\u00e9 champion de France avec le Paris Basketball<\/a>, o\u00f9 il a choisi de rester la saison prochaine, le natif de Strasbourg esp\u00e8re faire partie des 12 pour l\u2019EuroBasket (27 ao\u00fbt-14 sept.) sous les ordres de\u00a0<a href=\"http:\/\/www.lefigaro.fr\/sports\/basket\/la-force-de-freddy-c-est-qu-il-est-encore-joueur-dans-son-esprit-fauthoux-le-bouillant-petitou-a-la-tete-des-grands-bleus-20240925\" data-fig-type=\"Article\" data-gtm-custom-categorie=\"navigation\" data-gtm-custom-action=\"crossclick\" data-gtm-custom-label=\"Contextuel\" data-gtm-event=\"customEventSPE\" data-fig-domain=\"LEFIGARO\" rel=\"nofollow noopener\" target=\"_blank\">Freddy Fauthoux<\/a>. Hifi a r\u00e9pondu aux journalistes mardi lors du m\u00e9dia day des Bleus, \u00e0 l\u2019Insep.<\/p>\n<p class=\"fig-paragraph\"><strong>Comment se sont d\u00e9roul\u00e9s les premiers jours du rassemblement\u00a0?\u00a0<\/strong><br \/><strong>Nadir Hifi<\/strong>\u00a0: \u00c7a se passe tr\u00e8s bien. \u00c7a monte en r\u00e9gime petit \u00e0 petit. \u00c7a fait 3-4 jours qu\u2019on est l\u00e0 et on prend nos marques. Pour l\u2019instant, \u00e7a se passe tr\u00e8s bien.<\/p>\n<p>                                    <a class=\"fig-a11y-skip a11y-hidden\" href=\"#fig-a11y-skip-main-inarticle\"><br \/>\n        Passer la publicit\u00e9<br \/>\n    <\/a><\/p>\n<p class=\"fig-paragraph\"><strong>Que s\u2019est-il dit lors des entretiens individuels\u00a0?\u00a0<\/strong><br \/>C\u2019est bien de faire les entretiens, surtout que c\u2019est un premier contact avec le coach pour plusieurs joueurs, ce qu\u2019il attend des joueurs et les axes o\u00f9 il faut progresser. C\u2019est tr\u00e8s important. Le r\u00f4le au sein du groupe\u00a0? Le but c\u2019est d\u2019y \u00eatre, d\u2019\u00eatre dans les 12 et ensuite on verra ce qui se passe. J\u2019essaie de donner le meilleur tous les jours et ensuite on verra ce qui se passe.<\/p>\n<blockquote class=\"fig-quote&#10;    \">\n<p class=\"fig-quote__text\">C\u2019est un honneur de pouvoir repr\u00e9senter mon pays.<\/p>\n<p>            Nadir Hifi\n    <\/p><\/blockquote>\n<p class=\"fig-paragraph\"><strong>Que repr\u00e9sente le fait de porter le maillot de l\u2019\u00e9quipe de France\u00a0?<\/strong><br \/>\u00c7a repr\u00e9sente beaucoup de choses. C\u2019est une certaine r\u00e9compense pour moi au vu de mon parcours et de ma jeune carri\u00e8re. Je suis tr\u00e8s fier de porter aujourd\u2019hui le maillot bleu. C\u2019est un honneur de pouvoir repr\u00e9senter mon pays et j\u2019esp\u00e8re pouvoir le faire de la meilleure mani\u00e8re.<\/p>\n<p>    Le Prince de Paris Nadir Hifi disputera-t-il l\u2019Euro avec les Bleus\u00a0?<br \/>\n                Icon Sport \/ Icon Sport<\/p>\n<p class=\"fig-paragraph\"><strong>Comment s\u2019est pass\u00e9 le match d\u2019entra\u00eenement contre le S\u00e9n\u00e9gal lundi\u00a0?<\/strong><br \/>Ce n\u2019est pas un match officiel mais c\u2019est l\u2019occasion de taquiner un peu le ballon en tant que groupe. \u00c7a s\u2019est bien pass\u00e9. Il y a beaucoup de bonnes choses. Bien s\u00fbr, il y a quelques d\u00e9chets parce que c\u2019est le d\u00e9but. On ne se conna\u00eet pas encore tr\u00e8s bien mais \u00e7a va aller de mieux en mieux. C\u2019est une bonne victoire, m\u00eame si le S\u00e9n\u00e9gal n\u2019est pas la plus grande des nations. Je pense qu\u2019on a montr\u00e9 pas mal de bonnes choses.<\/p>\n<p class=\"fig-body-link\">\n            \u00c0 lire aussi<br \/>\n        <a class=\"fig-body-link__link\" href=\"http:\/\/www.lefigaro.fr\/sports\/basket\/garder-l-equipe-de-france-en-haut-de-l-affiche-malgre-les-absences-fauthoux-ambitieux-avant-l-eurobasket-20250729\" data-fig-type=\"NewsFlash\" data-gtm-custom-categorie=\"navigation\" data-gtm-custom-action=\"crossclick\" data-gtm-custom-label=\"Contextuel\" data-gtm-event=\"customEventSPE\" data-fig-domain=\"LEFIGARO\" rel=\"nofollow noopener\" target=\"_blank\">\u00abGarder l\u2019\u00e9quipe de France en haut de l\u2019affiche\u00bb\u00a0: malgr\u00e9 les absences, Fauthoux ambitieux avant l\u2019EuroBasket<br \/>\n    <\/a>\n<\/p>\n<p class=\"fig-paragraph\"><strong>Comment travailler l\u2019alchimie au sein d\u2019un groupe aussi jeune et renouvel\u00e9\u00a0?<\/strong><br \/>Je pense que \u00e7a vient avec le temps, au fur et \u00e0 mesure des entra\u00eenements. On se conna\u00eet de plus en plus. \u00c7a vient vraiment par le temps, comme l\u2019a dit le coach. On a un mois pour se pr\u00e9parer, pour se conna\u00eetre. Il ne faut pas aller trop vite et \u00eatre patient en m\u00eame temps.<\/p>\n<p class=\"fig-paragraph\"><strong>Quel a \u00e9t\u00e9 votre programme depuis le titre de champion de France avec le Paris Basketball\u00a0?<\/strong><br \/>C\u2019est compliqu\u00e9 de compl\u00e8tement oublier ce qui s\u2019est pass\u00e9. Mais le but, c\u2019\u00e9tait vraiment de r\u00e9cup\u00e9rer avec l\u2019\u00e9quipe de France qui arrivait tr\u00e8s vite. Je pense que je me suis repos\u00e9 et je me suis vite pr\u00e9par\u00e9 pour l\u2019\u00e9quipe de France.<\/p>\n<blockquote class=\"fig-quote&#10;    \">\n<p class=\"fig-quote__text\">Le Paris Basketball\u00a0? Peut-\u00eatre que ce sera \u00e0 moi de faire gagner et de montrer que je peux porter l\u2019\u00e9quipe sur mon dos.<\/p>\n<p>            Nadir Hifi\n    <\/p><\/blockquote>\n<p>                                    <a class=\"fig-a11y-skip a11y-hidden\" href=\"#fig-a11y-skip-main-inarticle_mtf\"><br \/>\n        Passer la publicit\u00e9<br \/>\n    <\/a><\/p>\n<p class=\"fig-paragraph\"><strong>Pourquoi avoir d\u00e9cid\u00e9 de rester \u00e0 Paris\u00a0?<\/strong><br \/>Je pense que c\u2019est un choix logique, m\u00eame si beaucoup de joueurs sont partis. Pour moi, le projet me correspond parfaitement. Avec le d\u00e9part de TJ Shorts (qui a sign\u00e9 au Panathinaikos, NDLR), je pense que \u00e7a ouvre beaucoup de portes. J\u2019aurai beaucoup plus de responsabilit\u00e9s. Peut-\u00eatre que ce sera \u00e0 moi de faire gagner et de montrer que je peux porter l\u2019\u00e9quipe sur mon dos.<\/p>\n<p class=\"fig-body-link\">\n            \u00c0 lire aussi<br \/>\n        <a class=\"fig-body-link__link fig-premium-mark\" href=\"http:\/\/www.lefigaro.fr\/sports\/basket\/le-paris-basketball-champion-de-france-naissance-premieres-apotheose-recit-d-une-odyssee-vers-les-etoiles-20250625\" data-fig-type=\"NewsFlash\" data-gtm-custom-categorie=\"navigation\" data-gtm-custom-action=\"crossclick\" data-gtm-custom-label=\"Contextuel\" data-gtm-event=\"customEventSPE\" data-fig-domain=\"LEFIGARO\" rel=\"nofollow noopener\" target=\"_blank\">Le Paris Basketball champion de France\u00a0: naissance, premi\u00e8res, apoth\u00e9ose&#8230; R\u00e9cit d\u2019une odyss\u00e9e vers les \u00e9toiles<br \/>\n    <\/a>\n<\/p>\n<p class=\"fig-paragraph\"><strong>Vous n\u2019allez plus reconna\u00eetre grand monde dans le vestiaire parisien\u2026\u00a0<\/strong><br \/>\u00c7a va \u00eatre diff\u00e9rent. Les routines vont \u00eatre diff\u00e9rentes. J\u2019esp\u00e8re qu\u2019on pourra garder \u00e0 peu pr\u00e8s le m\u00eame \u00e9tat d\u2019esprit, les m\u00eames routines et pouvoir continuer sur cette lign\u00e9e.<\/p>\n<p class=\"fig-paragraph\"><strong>En \u00e9quipe de France, vous risquez de ne pas avoir autant de responsabilit\u00e9s qu\u2019en club\u2026 <\/strong><br \/>Je pense que c\u2019est juste une question d\u2019adaptation. En venant en \u00e9quipe de France, je sais que je ne jouerai pas le m\u00eame r\u00f4le qu\u2019en club. Je me suis adapt\u00e9 \u00e0 n\u2019importe quelle situation. J\u2019esp\u00e8re le faire avec l\u2019\u00e9quipe de France et le prouver. Juste apporter ce que j\u2019apporte en club en \u00e9quipe de France, c\u2019est l\u2019objectif. M\u00eame si mon r\u00f4le sera peut-\u00eatre un peu r\u00e9duit. Mais si je peux aider l\u2019\u00e9quipe de France au maximum \u00e0 gagner des m\u00e9dailles, c\u2019est avec plaisir. (\u2026) Je pense que je peux apporter beaucoup \u00e0 cette \u00e9quipe, \u00e7a prendra un peu plus de temps qu\u2019en club. Plus on avancera, plus on verra mon r\u00f4le et j\u2019esp\u00e8re m\u2019adapter au mieux.<\/p>\n<p class=\"fig-body-link\">\n            \u00c0 lire aussi<br \/>\n        <a class=\"fig-body-link__link\" href=\"http:\/\/www.lefigaro.fr\/sports\/jeux-olympiques\/basket-je-ne-voulais-pas-que-ce-soit-pris-comme-ca-yabusele-revient-sur-ses-propos-polemiques-apres-les-jo-de-paris-20250729\" data-fig-type=\"NewsFlash\" data-gtm-custom-categorie=\"navigation\" data-gtm-custom-action=\"crossclick\" data-gtm-custom-label=\"Contextuel\" data-gtm-event=\"customEventSPE\" data-fig-domain=\"LEFIGARO\" rel=\"nofollow noopener\" target=\"_blank\">Basket\u00a0: \u00abJe ne voulais pas que ce soit pris comme \u00e7a\u00bb, Yabusele revient sur ses propos pol\u00e9miques apr\u00e8s les JO de Paris<br \/>\n    <\/a>\n<\/p>\n<p class=\"fig-paragraph\"><strong>Vous arrivez avec l\u2019id\u00e9e de garder ce qui fait votre style en club tout de m\u00eame\u00a0?<\/strong><br \/>Il y a une part d\u2019adaptation et je peux garder aussi mon identit\u00e9. Je pense que je peux la garder m\u00eame ici. M\u00eame si le style de jeu est diff\u00e9rent, je peux apporter les m\u00eames choses que j\u2019ai apport\u00e9es \u00e0 Paris. C\u2019est clair qu\u2019il y a une adaptation \u00e0 faire et de pouvoir s\u00e9lectionner plus ses tirs.<\/p>\n<p class=\"fig-paragraph\"><strong>Nouveau s\u00e9lectionneur, absences majeures\u2026 Est-ce excitant de se dire qu\u2019il y a des places \u00e0 prendre\u00a0?\u00a0<\/strong><br \/>Oui, c\u2019est excitant. C\u2019est excitant dans tous les cas d\u2019\u00eatre dans ce magnifique groupe et de pouvoir faire partie de l\u2019aventure d\u00e8s le d\u00e9but. J\u2019esp\u00e8re jusqu\u2019\u00e0 la fin. Mais tout le monde est excit\u00e9, tout le monde veut y participer. En tout cas, c\u2019est un bon d\u00e9but et j\u2019esp\u00e8re que \u00e7a va continuer.<\/p>\n<blockquote class=\"fig-quote&#10;    \">\n<p class=\"fig-quote__text\">L\u2019ann\u00e9e derni\u00e8re, c\u2019\u00e9tait un bon d\u00e9but.<\/p>\n<p>            Nadir Hifi\n    <\/p><\/blockquote>\n<p>                                    <a class=\"fig-a11y-skip a11y-hidden\" href=\"#fig-a11y-skip-main-inarticle_btf\"><br \/>\n        Passer la publicit\u00e9<br \/>\n    <\/a><\/p>\n<p class=\"fig-paragraph\"><strong>Cette campagne peut marquer le vrai d\u00e9but de votre aventure en \u00e9quipe de France\u00a0?<\/strong><br \/>Je pense qu\u2019il s\u2019ouvrira quand un jour je serai dans les 12 pour une comp\u00e9tition internationale.. L\u2019ann\u00e9e derni\u00e8re, c\u2019\u00e9tait un bon d\u00e9but. J\u2019ai pris mes marques. J\u2019ai fait une bonne pr\u00e9paration. Et de voir que l\u2019\u00e9quipe a fini vice-championne olympique, \u00e7a m\u2019a fait tr\u00e8s plaisir.<\/p>\n<p class=\"fig-paragraph\"><strong>Quelles sont les ambitions de l\u2019\u00e9quipe de France dans cet Euro\u00a0?\u00a0<\/strong><br \/>On vient pour gagner. Comme tout le monde le dit, on rentre dans une nouvelle \u00e8re avec beaucoup de jeunes joueurs. On veut juste continuer ce que les pr\u00e9c\u00e9dents joueurs ont fait. Avec tout le respect qu\u2019on a pour eux, j\u2019esp\u00e8re qu\u2019on pourra faire la m\u00eame chose qu\u2019eux et pouvoir amener autant de m\u00e9dailles.<\/p>\n<p class=\"fig-paragraph\">Propos recueillis en point-presse<\/p>\n","protected":false},"excerpt":{"rendered":"Recal\u00e9 avant les JO 2024, le champion de France parisien esp\u00e8re participer \u00e0 l\u2019EuroBasket avec les Bleus cet&hellip;\n","protected":false},"author":2,"featured_media":283922,"comment_status":"","ping_status":"","sticky":false,"template":"","format":"standard","meta":{"footnotes":""},"categories":[1888],"tags":[1111,1928,11,1927,1777,674,1011,27,12,1926,626,2179,1925,25],"class_list":{"0":"post-283921","1":"post","2":"type-post","3":"status-publish","4":"format-standard","5":"has-post-thumbnail","7":"category-paris","8":"tag-actu","9":"tag-actu-paris","10":"tag-actualites","11":"tag-actualites-paris","12":"tag-eu","13":"tag-europe","14":"tag-fr","15":"tag-france","16":"tag-news","17":"tag-news-paris","18":"tag-paris","19":"tag-paris-basketball","20":"tag-paris-news","21":"tag-republique-francaise"},"share_on_mastodon":{"url":"https:\/\/pubeurope.com\/@fr\/114941382002794351","error":""},"_links":{"self":[{"href":"https:\/\/www.europesays.com\/fr\/wp-json\/wp\/v2\/posts\/283921","targetHints":{"allow":["GET"]}}],"collection":[{"href":"https:\/\/www.europesays.com\/fr\/wp-json\/wp\/v2\/posts"}],"about":[{"href":"https:\/\/www.europesays.com\/fr\/wp-json\/wp\/v2\/types\/post"}],"author":[{"embeddable":true,"href":"https:\/\/www.europesays.com\/fr\/wp-json\/wp\/v2\/users\/2"}],"replies":[{"embeddable":true,"href":"https:\/\/www.europesays.com\/fr\/wp-json\/wp\/v2\/comments?post=283921"}],"version-history":[{"count":0,"href":"https:\/\/www.europesays.com\/fr\/wp-json\/wp\/v2\/posts\/283921\/revisions"}],"wp:featuredmedia":[{"embeddable":true,"href":"https:\/\/www.europesays.com\/fr\/wp-json\/wp\/v2\/media\/283922"}],"wp:attachment":[{"href":"https:\/\/www.europesays.com\/fr\/wp-json\/wp\/v2\/media?parent=283921"}],"wp:term":[{"taxonomy":"category","embeddable":true,"href":"https:\/\/www.europesays.com\/fr\/wp-json\/wp\/v2\/categories?post=283921"},{"taxonomy":"post_tag","embeddable":true,"href":"https:\/\/www.europesays.com\/fr\/wp-json\/wp\/v2\/tags?post=283921"}],"curies":[{"name":"wp","href":"https:\/\/api.w.org\/{rel}","templated":true}]}}